{"id":23723,"date":"2025-08-14T17:03:38","date_gmt":"2025-08-14T20:03:38","guid":{"rendered":"https:\/\/www.sportchaco.com.ar\/?p=23723"},"modified":"2025-08-14T17:04:06","modified_gmt":"2025-08-14T20:04:06","slug":"la-lista-de-frana-para-enfrentar-a-paises-bajos","status":"publish","type":"post","link":"https:\/\/www.sportchaco.com.ar\/?p=23723","title":{"rendered":"La lista de Frana para enfrentar a Pa\u00edses Bajos"},"content":{"rendered":"<header class=\"cm-entry-header\">\n<h1 class=\"cm-entry-title\"><\/h1>\n<\/header>\n<div class=\"cm-below-entry-meta \"><strong>La\u00a0Asociaci\u00f3n Argentina de Tenis\u00a0(AAT) anunci\u00f3 a los convocados mediante sus redes sociales. Los elegidos por Frana ser\u00e1n\u00a0Francisco Cer\u00fandolo\u00a0(23\u00b0) y\u00a0Tom\u00e1s Etcheverry\u00a0(58\u00b0) junto a Comesa\u00f1a en el formato de singles, con\u00a0Horacio Zeballos\u00a0(7\u00b0) y\u00a0Andr\u00e9s Molteni\u00a0(21\u00b0) para los dobles.<\/strong><\/div>\n<div class=\"cm-entry-summary\">\n<p>&nbsp;<\/p>\n<p><img loading=\"lazy\" decoding=\"async\" class=\"wp-image-229655 entered lazyloaded td-animation-stack-type0-2\" title=\"Argentina oficializ\u00f3 la lista para la Copa Davis con una importante sorpresa 3\" src=\"https:\/\/www.notaalpie.com.ar\/wp-content\/uploads\/2025\/08\/Creditos.-El-Grafico.webp\" sizes=\"auto, (max-width: 1200px) 100vw, 1200px\" srcset=\"https:\/\/www.notaalpie.com.ar\/wp-content\/uploads\/2025\/08\/Creditos.-El-Grafico.webp 1200w, https:\/\/www.notaalpie.com.ar\/wp-content\/uploads\/2025\/08\/Creditos.-El-Grafico-650x411.webp 650w, https:\/\/www.notaalpie.com.ar\/wp-content\/uploads\/2025\/08\/Creditos.-El-Grafico-768x486.webp 768w, https:\/\/www.notaalpie.com.ar\/wp-content\/uploads\/2025\/08\/Creditos.-El-Grafico-664x420.webp 664w, https:\/\/www.notaalpie.com.ar\/wp-content\/uploads\/2025\/08\/Creditos.-El-Grafico-150x95.webp 150w, https:\/\/www.notaalpie.com.ar\/wp-content\/uploads\/2025\/08\/Creditos.-El-Grafico-300x190.webp 300w, https:\/\/www.notaalpie.com.ar\/wp-content\/uploads\/2025\/08\/Creditos.-El-Grafico-696x440.webp 696w, https:\/\/www.notaalpie.com.ar\/wp-content\/uploads\/2025\/08\/Creditos.-El-Grafico-1068x676.webp 1068w\" alt=\"Creditos. El Grafico\" width=\"1200\" height=\"759\" data-lazy-srcset=\"https:\/\/www.notaalpie.com.ar\/wp-content\/uploads\/2025\/08\/Creditos.-El-Grafico.webp 1200w, https:\/\/www.notaalpie.com.ar\/wp-content\/uploads\/2025\/08\/Creditos.-El-Grafico-650x411.webp 650w, https:\/\/www.notaalpie.com.ar\/wp-content\/uploads\/2025\/08\/Creditos.-El-Grafico-768x486.webp 768w, https:\/\/www.notaalpie.com.ar\/wp-content\/uploads\/2025\/08\/Creditos.-El-Grafico-664x420.webp 664w, https:\/\/www.notaalpie.com.ar\/wp-content\/uploads\/2025\/08\/Creditos.-El-Grafico-150x95.webp 150w, https:\/\/www.notaalpie.com.ar\/wp-content\/uploads\/2025\/08\/Creditos.-El-Grafico-300x190.webp 300w, https:\/\/www.notaalpie.com.ar\/wp-content\/uploads\/2025\/08\/Creditos.-El-Grafico-696x440.webp 696w, https:\/\/www.notaalpie.com.ar\/wp-content\/uploads\/2025\/08\/Creditos.-El-Grafico-1068x676.webp 1068w\" data-lazy-sizes=\"(max-width: 1200px) 100vw, 1200px\" data-lazy-src=\"https:\/\/www.notaalpie.com.ar\/wp-content\/uploads\/2025\/08\/Creditos.-El-Grafico.webp\" data-ll-status=\"loaded\" \/>El marplatense Francisco Comesa\u00f1a se enter\u00f3 de su primera citaci\u00f3n nacional en plena competencia del Masters 1000 de Cincinnati, lo que festej\u00f3 a todo pulm\u00f3n pese a haber quedado eliminado en octavos. Cr\u00e9ditos: El Gr\u00e1fico<\/p>\n<p>El capit\u00e1n argentino de\u00a0<b>Copa Davis, el rafaelino Javier Frana<\/b>, confirm\u00f3 el equipo que disputar\u00e1 la serie ante\u00a0<b>Pa\u00edses Bajos<\/b>\u00a0por la segunda ronda de los\u00a0<b>Qualifiers 2025,<\/b>\u00a0que se llevar\u00e1 a cabo el 12 y 13 de septiembre en la ciudad neerlandesa de\u00a0<b>Groningen<\/b>. La gran novedad es la inclusi\u00f3n de<b>\u00a0Francisco Comesa\u00f1a,<\/b>\u00a0quien recibi\u00f3 su primera citaci\u00f3n al conjunto nacional.<\/p>\n<p>&nbsp;<\/p>\n<p class=\"paragraph\" data-mrf-recirculation=\"Links inline\">Con el objetivo de sellar su clasificaci\u00f3n al\u00a0<b>Final 8,<\/b>\u00a0que se disputar\u00e1 en noviembre en\u00a0<b>Bolonia<\/b>, la\u00a0<b>Selecci\u00f3n Argentina de Tenis\u00a0<\/b>afrontar\u00e1 como visitante la serie ante el conjunto europeo.\u00a0<b>Pa\u00edses Bajos<\/b>\u00a0accedi\u00f3 directamente a esta instancia por su condici\u00f3n de finalista en la edici\u00f3n pasada, en la que cay\u00f3 ante el bicampe\u00f3n\u00a0<b>Italia<\/b>. El \u00fanico antecedente entre ambos equipos se remonta a la primera ronda de 2009, cuando <b>Argentina<\/b>\u00a0se impuso con un contundente 5-0 en el estadio\u00a0<b>Mary Ter\u00e1n de Weiss del Parque Roca.<\/b><\/p>\n<p data-mrf-recirculation=\"Links inline\"><img decoding=\"async\" src=\"https:\/\/www.notaalpie.com.ar\/wp-content\/uploads\/2025\/08\/Destacada.-Creditos.-Nota-al-Pie-1.webp\" alt=\"Argentina\" \/><\/p>\n<h2 class=\"wp-block-heading\"><strong>Todo definido<\/strong><\/h2>\n<p>La\u00a0<a href=\"https:\/\/www.notaalpie.com.ar\/2025\/08\/13\/seleccion-argentina-nuevo-sponsor\/\"><strong>Selecci\u00f3n Argentina<\/strong><\/a>\u00a0masculina de tenis vuelve al ruedo esta temporada cuando se presente por una nueva serie de Copa Davis el pr\u00f3ximo mes. La\u00a0<strong>Asociaci\u00f3n Argentina de Tenis<\/strong>\u00a0(<strong>AAT<\/strong>) anunci\u00f3 a los convocados mediante sus redes sociales. Los elegidos por Frana ser\u00e1n\u00a0<strong>Francisco Cer\u00fandolo<\/strong>\u00a0(23\u00b0) y\u00a0<strong>Tom\u00e1s Etcheverry<\/strong>\u00a0(58\u00b0) junto a Comesa\u00f1a en el formato de singles, con\u00a0<strong>Horacio Zeballos<\/strong>\u00a0(7\u00b0) y\u00a0<strong>Andr\u00e9s Molteni<\/strong>\u00a0(21\u00b0) para los dobles.<\/p>\n<p>En cuanto a la siguiente cita, el rival ser\u00e1 Pa\u00edses Bajos que representa a\u00a0<strong>una de las mayores potencias<\/strong>\u00a0a nivel mundial al cerrar el podio del ranking. Asimismo, el capit\u00e1n neerland\u00e9s\u00a0<strong>Paul Haarhuis<\/strong>\u00a0confirm\u00f3 al equipo este jueves con la gran ausencia de\u00a0<strong>Tallon Griekpoor<\/strong>\u00a0(32\u00b0), quien es su primera raqueta pero no estar\u00e1 disponible. Para el sistema individual estar\u00e1n\u00a0<strong>Jesper de Jong<\/strong>\u00a0(79\u00b0),\u00a0<strong>Botic Van De Zandschup\u00a0<\/strong>(92\u00b0) y\u00a0<strong>Guy den Ouden<\/strong>\u00a0(157\u00b0).<\/p>\n<p>Por su parte,\u00a0<strong>Sander Arends<\/strong>\u00a0(25\u00b0) y\u00a0<strong>Sem Verbeek<\/strong>\u00a0(43\u00b0) ser\u00e1n la pareja de dobles contra el combinado argentino. En la \u00faltima presentaci\u00f3n del equipo, que tuvo lugar en\u00a0<strong>M\u00e1laga<\/strong>, fue parte\u00a0<strong>Wesley Koolhof<\/strong>\u00a0en los dobles pero esa misma semana se retir\u00f3 del profesionalismo. Cabe mencionar que existe\u00a0<strong>un solo antecedente<\/strong>\u00a0entre las dos selecciones que data de 2009 cuando se enfrentaron en la primera ronda y\u00a0<strong>Argentina<\/strong>\u00a0gan\u00f3 5-0 en el\u00a0<strong>Parque Roca<\/strong>\u00a0de\u00a0<a href=\"https:\/\/www.notaalpie.com.ar\/2025\/07\/22\/el-motogp-vuelve-a-caba\/\"><strong>Buenos Aires<\/strong><\/a>.<\/p>\n<figure class=\"wp-block-image size-full\"><img loading=\"lazy\" decoding=\"async\" class=\"wp-image-229654 entered lazyloaded td-animation-stack-type0-2\" title=\"Argentina oficializ\u00f3 la lista para la Copa Davis con una importante sorpresa 2\" src=\"https:\/\/www.notaalpie.com.ar\/wp-content\/uploads\/2025\/08\/Creditos.-TyC-Sports.webp\" sizes=\"auto, (max-width: 1200px) 100vw, 1200px\" srcset=\"https:\/\/www.notaalpie.com.ar\/wp-content\/uploads\/2025\/08\/Creditos.-TyC-Sports.webp 1200w, https:\/\/www.notaalpie.com.ar\/wp-content\/uploads\/2025\/08\/Creditos.-TyC-Sports-650x366.webp 650w, https:\/\/www.notaalpie.com.ar\/wp-content\/uploads\/2025\/08\/Creditos.-TyC-Sports-768x432.webp 768w, https:\/\/www.notaalpie.com.ar\/wp-content\/uploads\/2025\/08\/Creditos.-TyC-Sports-747x420.webp 747w, https:\/\/www.notaalpie.com.ar\/wp-content\/uploads\/2025\/08\/Creditos.-TyC-Sports-150x84.webp 150w, https:\/\/www.notaalpie.com.ar\/wp-content\/uploads\/2025\/08\/Creditos.-TyC-Sports-300x169.webp 300w, https:\/\/www.notaalpie.com.ar\/wp-content\/uploads\/2025\/08\/Creditos.-TyC-Sports-696x392.webp 696w, https:\/\/www.notaalpie.com.ar\/wp-content\/uploads\/2025\/08\/Creditos.-TyC-Sports-1068x601.webp 1068w\" alt=\"Creditos. TyC Sports\" width=\"1200\" height=\"675\" data-lazy-srcset=\"https:\/\/www.notaalpie.com.ar\/wp-content\/uploads\/2025\/08\/Creditos.-TyC-Sports.webp 1200w, https:\/\/www.notaalpie.com.ar\/wp-content\/uploads\/2025\/08\/Creditos.-TyC-Sports-650x366.webp 650w, https:\/\/www.notaalpie.com.ar\/wp-content\/uploads\/2025\/08\/Creditos.-TyC-Sports-768x432.webp 768w, https:\/\/www.notaalpie.com.ar\/wp-content\/uploads\/2025\/08\/Creditos.-TyC-Sports-747x420.webp 747w, https:\/\/www.notaalpie.com.ar\/wp-content\/uploads\/2025\/08\/Creditos.-TyC-Sports-150x84.webp 150w, https:\/\/www.notaalpie.com.ar\/wp-content\/uploads\/2025\/08\/Creditos.-TyC-Sports-300x169.webp 300w, https:\/\/www.notaalpie.com.ar\/wp-content\/uploads\/2025\/08\/Creditos.-TyC-Sports-696x392.webp 696w, https:\/\/www.notaalpie.com.ar\/wp-content\/uploads\/2025\/08\/Creditos.-TyC-Sports-1068x601.webp 1068w\" data-lazy-sizes=\"(max-width: 1200px) 100vw, 1200px\" data-lazy-src=\"https:\/\/www.notaalpie.com.ar\/wp-content\/uploads\/2025\/08\/Creditos.-TyC-Sports.webp\" data-ll-status=\"loaded\" \/><figcaption class=\"wp-element-caption\">El ex tenista argentino Javier Frana, quien habl\u00f3 maravillas de Comesa\u00f1a, tendr\u00e1 su segunda presentaci\u00f3n como capit\u00e1n del seleccionado nacional ante Pa\u00edses Bajos luego de debutar en la instancia anterior ante Noruega. Cr\u00e9ditos: TyC Sports<\/figcaption><\/figure>\n<hr class=\"wp-block-separator has-alpha-channel-opacity is-style-wide\" \/>\n<p>En tanto, Comesa\u00f1a disfruta un buen andar ya que estaba en el\u00a0<strong>Masters 1000<\/strong>\u00a0de\u00a0<strong>Cincinnati<\/strong>, donde clasific\u00f3 a octavos de final el pasado martes. El joven de 24 a\u00f1os venci\u00f3 al estadounidense\u00a0<strong>Relly Opelka<\/strong>\u00a0y logr\u00f3 convertirse en el \u00fanico argentino en carrera. No obstante, en la jornada del mi\u00e9rcoles cay\u00f3 ante el ruso\u00a0<strong>Andrey Rublev<\/strong>\u00a0y se despidi\u00f3 del torneo. Para cerrar, cosech\u00f3 10 t\u00edtulos profesionales, 3 del\u00a0<strong>ITF World Tennis<\/strong>\u00a0y 7 del\u00a0<strong>ATP Challenger Tour<\/strong>.<\/p>\n<p>Con vistas al debut nacional del joven tenista, Frana\u00a0<strong>no se guard\u00f3 ning\u00fan halago\u00a0<\/strong>al hablar de su buena energ\u00eda y personalidad encantadora. \u201cEs un jugador que tiene much\u00edsimas virtudes, que es muy vers\u00e1til, que tiene un gran servicio y buenas golpes en general\u201d, continu\u00f3. A lo que agreg\u00f3 que todo eso\u00a0<strong>le ayud\u00f3 tener \u00e9xito<\/strong>\u00a0en diferentes superficies. \u201cSu gran profesionalismo, pasi\u00f3n y constante entrega le han permitido afianzarse m\u00e1s en la parte alta del circuito\u201d, culmin\u00f3.<\/p>\n<h2 class=\"wp-block-heading\"><strong>Distintos presentes<\/strong><\/h2>\n<p>En primer lugar, Comesa\u00f1a podr\u00eda usar este 2025 para adaptarse de mejor manera en el\u00a0<a href=\"https:\/\/www.instagram.com\/atptour\/\" target=\"_blank\" rel=\"noopener\"><strong>ATP Tour<\/strong><\/a>. A lo largo del a\u00f1o alcanz\u00f3 las semifinales del\u00a0<strong>ATP 500<\/strong>\u00a0de\u00a0<strong>R\u00edo de Janeiro<\/strong>\u00a0y super\u00f3 2 series en el Masters 1000 de\u00a0<strong>Madrid<\/strong>. Adem\u00e1s, logr\u00f3\u00a0<strong>su mejor actuaci\u00f3n<\/strong>\u00a0en Cincinnati al llegar a la 3\u00b0 ronda dentro de esa categor\u00eda y jugar la final del\u00a0<strong>Challenger de Oreiras<\/strong>, en\u00a0<strong>Portugal<\/strong>. Con respecto a la Copa Davis, ser\u00e1 el 91\u00b0 argentino en participar junto al equipo nacional.<\/p>\n<p>A su vez, el oriundo de\u00a0<a href=\"https:\/\/www.notaalpie.com.ar\/2025\/07\/15\/estadio-minella-concesion\/\"><strong>Mar del Plata<\/strong><\/a>\u00a0har\u00e1 su estreno y reemplazar\u00e1 a\u00a0<strong>Mariano Navone<\/strong>\u00a0como una de las modificaciones en relaci\u00f3n a la instancia anterior. Por otro lado,\u00a0<strong>el gran estandarte<\/strong>\u00a0de la delegaci\u00f3n albiceleste es Cer\u00fandolo, quien debut\u00f3 en 2022 y mantiene un r\u00e9cord de 6 triunfos y 4 ca\u00eddas con Argentina. El bonaerense de 26 a\u00f1os vuelve al equipo tras\u00a0<strong>ausentarse por lesi\u00f3n<\/strong>\u00a0a inicio de a\u00f1o cuando lo sustituy\u00f3\u00a0<strong>Facundo D\u00edaz Acosta<\/strong>.<\/p>\n<p>En lo que va de la temporada Cer\u00fandolo jug\u00f3 la final del\u00a0<strong>Argentina Open<\/strong>, las semifinales del Masters 1000 de Madrid y el ATP 500 de\u00a0<strong>Barcelona<\/strong>. Adem\u00e1s, lleg\u00f3 a los cuartos en\u00a0<strong>Indian Wells<\/strong>\u00a0y\u00a0<strong>Miami<\/strong>. En cuanto a Molteni se mantiene en el circuito con\u00a0<strong>M\u00e1ximo Gonz\u00e1lez<\/strong>, con quien fue semifinalista en R\u00edo de Janeiro,\u00a0<strong>Auckland<\/strong>,\u00a0<strong>Washington<\/strong>\u00a0y\u00a0<strong>Toronto<\/strong>, y finalista en\u00a0<strong>Santiago<\/strong>. Incluso, este a\u00f1o lleg\u00f3 a la definici\u00f3n en\u00a0<strong>Hamburgo<\/strong>\u00a0pero junto al brasile\u00f1o\u00a0<strong>Fernando Romboli<\/strong>.<\/p>\n<figure class=\"wp-block-image size-full\"><\/figure>\n<hr class=\"wp-block-separator has-alpha-channel-opacity is-style-wide\" \/>\n<p>Para continuar est\u00e1 el caso de Zeballos que este a\u00f1o concret\u00f3 uno de\u00a0<strong>sus anhelos pendientes<\/strong>\u00a0al consagrarse en un torneo\u00a0<strong>Grand Slam<\/strong>. El logro se dio en\u00a0<strong>Roland Garros<\/strong>\u00a0en compa\u00f1\u00eda del espa\u00f1ol\u00a0<strong>Marcel Granollers<\/strong>. Asimismo, el paisano de Comesa\u00f1a lleg\u00f3 a la final de Madrid y las semifinales de\u00a0<strong>Wimbledon<\/strong>. Por \u00faltimo, en 2024 fue N\u00b01 en dobles y en 2025 volvi\u00f3 a la Copa Davis, donde se estren\u00f3 en 2010 y cosech\u00f3 12 \u00e9xitos y 7 ca\u00eddas, luego de 3 a\u00f1os.<\/p>\n<p>Por \u00faltimo, Etcheverry intentar\u00e1 mejorar su presente en un a\u00f1o\u00a0<strong>muy irregular\u00a0<\/strong>que tuvo su mejor nivel en las semifinales del ATP 500 de Hamburgo. En tanto, la semana pasada alcanz\u00f3 la tercera ronda del Masters 1000 de Toronto con la asistencia de Frana al cortar el v\u00ednculo con su entrenador. Sobre la Copa Davis, ostenta 4 triunfos y 2 derrotas, y ante Noruega super\u00f3 a\u00a0<strong>Nicolai Budkov<\/strong>\u00a0<strong>Kjaer<\/strong>\u00a0pero cay\u00f3 frente\u00a0<strong>Casper Ruud<\/strong>.<\/p>\n<h2 class=\"wp-block-heading\"><strong>Un sue\u00f1o intacto<\/strong><\/h2>\n<p>El siguiente mes se vuelve a izar<strong>\u00a0la gran ilusi\u00f3n argentina<\/strong>\u00a0de ganar otra vez la m\u00edtica Copa Davis. La delegaci\u00f3n nacional tendr\u00e1 una dura prueba contra Pa\u00edses Bajos como visitante en el estadio\u00a0<strong>Martini Plaza<\/strong>\u00a0con capacidad para 3.855 espectadores. El escenario cubierto se ubica en Groningen, ciudad de 240mil habitantes que se encuentra a 180 kil\u00f3metros de\u00a0<strong>\u00c1msterdam<\/strong>. El equipo viajar\u00e1 el d\u00eda 7 de septiembre para continuar el camino hacia una nueva\u00a0<strong>Ensaladera<\/strong>.<\/p>\n<p>La edici\u00f3n de 2025 ser\u00e1 la 113\u00b0 tras inaugurarse en 1900 y no disputarse en 1910 ni en \u00e9pocas b\u00e9licas, con Argentina solo coronada en 2016 cuando venci\u00f3 3-2 a\u00a0<strong>Croacia<\/strong>\u00a0como visitante. En aquel equipo campe\u00f3n estuvieron\u00a0<strong>Juan Mart\u00edn del Potro<\/strong>,\u00a0<strong>Federico Delbonis<\/strong>,\u00a0<strong>Leonardo Mayer<\/strong>\u00a0y\u00a0<strong>Guido Pella<\/strong>. Adem\u00e1s,\u00a0<strong>Renzo Olivo<\/strong>,\u00a0<strong>Carlos Berlocq<\/strong>\u00a0y\u00a0<strong>Juan M\u00f3naco<\/strong>\u00a0fueron part\u00edcipes de las series preliminares; mientras que,\u00a0<strong>Daniel Orsanic<\/strong>\u00a0fue el capit\u00e1n del seleccionado.<\/p>\n<p>Por su parte, el debut argentino en el torneo mundial fue reci\u00e9n en 1923 para acumular 66 participaciones y alcanz\u00f3 la final en 4 ocasiones antes de consagrarse: 1981, 2006, 2008 y 2011. Desde que el pa\u00eds levant\u00f3 el t\u00edtulo en suelo croata, las posteriores ediciones\u00a0<strong>no fueron buenas<\/strong>\u00a0para el equipo con la serie de cuartos como su mejor performance en 2019 y 2024. En tanto, Argentina acumula 173 series disputadas a lo largo de los a\u00f1os con 98 victorias y 74 derrotas.<\/p>\n<figure class=\"wp-block-image size-full\"><img loading=\"lazy\" decoding=\"async\" class=\"wp-image-229656 entered lazyloaded td-animation-stack-type0-2\" title=\"Argentina oficializ\u00f3 la lista para la Copa Davis con una importante sorpresa 4\" src=\"https:\/\/www.notaalpie.com.ar\/wp-content\/uploads\/2025\/08\/Creditos.-La-Capital.webp\" sizes=\"auto, (max-width: 1200px) 100vw, 1200px\" srcset=\"https:\/\/www.notaalpie.com.ar\/wp-content\/uploads\/2025\/08\/Creditos.-La-Capital.webp 1200w, https:\/\/www.notaalpie.com.ar\/wp-content\/uploads\/2025\/08\/Creditos.-La-Capital-650x366.webp 650w, https:\/\/www.notaalpie.com.ar\/wp-content\/uploads\/2025\/08\/Creditos.-La-Capital-768x432.webp 768w, https:\/\/www.notaalpie.com.ar\/wp-content\/uploads\/2025\/08\/Creditos.-La-Capital-747x420.webp 747w, https:\/\/www.notaalpie.com.ar\/wp-content\/uploads\/2025\/08\/Creditos.-La-Capital-150x84.webp 150w, https:\/\/www.notaalpie.com.ar\/wp-content\/uploads\/2025\/08\/Creditos.-La-Capital-300x169.webp 300w, https:\/\/www.notaalpie.com.ar\/wp-content\/uploads\/2025\/08\/Creditos.-La-Capital-696x392.webp 696w, https:\/\/www.notaalpie.com.ar\/wp-content\/uploads\/2025\/08\/Creditos.-La-Capital-1068x601.webp 1068w\" alt=\"Creditos. La Capital\" width=\"1200\" height=\"675\" data-lazy-srcset=\"https:\/\/www.notaalpie.com.ar\/wp-content\/uploads\/2025\/08\/Creditos.-La-Capital.webp 1200w, https:\/\/www.notaalpie.com.ar\/wp-content\/uploads\/2025\/08\/Creditos.-La-Capital-650x366.webp 650w, https:\/\/www.notaalpie.com.ar\/wp-content\/uploads\/2025\/08\/Creditos.-La-Capital-768x432.webp 768w, https:\/\/www.notaalpie.com.ar\/wp-content\/uploads\/2025\/08\/Creditos.-La-Capital-747x420.webp 747w, https:\/\/www.notaalpie.com.ar\/wp-content\/uploads\/2025\/08\/Creditos.-La-Capital-150x84.webp 150w, https:\/\/www.notaalpie.com.ar\/wp-content\/uploads\/2025\/08\/Creditos.-La-Capital-300x169.webp 300w, https:\/\/www.notaalpie.com.ar\/wp-content\/uploads\/2025\/08\/Creditos.-La-Capital-696x392.webp 696w, https:\/\/www.notaalpie.com.ar\/wp-content\/uploads\/2025\/08\/Creditos.-La-Capital-1068x601.webp 1068w\" data-lazy-sizes=\"(max-width: 1200px) 100vw, 1200px\" data-lazy-src=\"https:\/\/www.notaalpie.com.ar\/wp-content\/uploads\/2025\/08\/Creditos.-La-Capital.webp\" data-ll-status=\"loaded\" \/><figcaption class=\"wp-element-caption\">El equipo nacional obtuvo su \u00fanica Ensaladera hace 9 a\u00f1os con una interesante mezcolanza de experiencia y juventud; mientras que, en este 2025 sue\u00f1a con repetir esa haza\u00f1a de la mano una nueva generaci\u00f3n de tenistas. Cr\u00e9ditos: La Capital<\/figcaption><\/figure>\n<hr class=\"wp-block-separator has-alpha-channel-opacity is-style-wide\" \/>\n<p>Con respecto a los datos individuales,\u00a0<strong>Guillermo Vilas<\/strong>\u00a0ostenta la mayor cantidad de triunfos totales con 57 sobre 24 ca\u00eddas. A su vez, ostenta el mismo r\u00e9cord en\u00a0<strong>el aspecto individual<\/strong>\u00a0con 45 \u00e9xitos contra 10 derrotas. Para sumarle a su indiscutible talento, tambi\u00e9n es quien disput\u00f3 m\u00e1s eliminatorias con 29 y jug\u00f3 m\u00e1s ediciones con 14. Por \u00faltimo,\u00a0<strong>David Nalbandian<\/strong>\u00a0es el que\u00a0<strong>mejor estad\u00edstica posee en los dobles<\/strong>\u00a0con 16 triunfos y solo 5 traspi\u00e9s.<\/p>\n<\/div>\n","protected":false},"excerpt":{"rendered":"<p>La\u00a0Asociaci\u00f3n Argentina de Tenis\u00a0(AAT) anunci\u00f3 a los convocados mediante sus redes sociales. Los elegidos por Frana ser\u00e1n\u00a0Francisco Cer\u00fandolo\u00a0(23\u00b0) y\u00a0Tom\u00e1s Etcheverry\u00a0(58\u00b0) junto a Comesa\u00f1a en el formato de singles, con\u00a0Horacio Zeballos\u00a0(7\u00b0) y\u00a0Andr\u00e9s Molteni\u00a0(21\u00b0) para los dobles. &nbsp; El marplatense Francisco Comesa\u00f1a se enter\u00f3 de su primera citaci\u00f3n nacional en plena competencia del Masters 1000 de Cincinnati, &hellip;<\/p>\n","protected":false},"author":2,"featured_media":23725,"comment_status":"open","ping_status":"open","sticky":false,"template":"","format":"standard","meta":{"footnotes":""},"categories":[46],"tags":[],"class_list":["post-23723","post","type-post","status-publish","format-standard","has-post-thumbnail","hentry","category-tenis"],"_links":{"self":[{"href":"https:\/\/www.sportchaco.com.ar\/index.php?rest_route=\/wp\/v2\/posts\/23723","targetHints":{"allow":["GET"]}}],"collection":[{"href":"https:\/\/www.sportchaco.com.ar\/index.php?rest_route=\/wp\/v2\/posts"}],"about":[{"href":"https:\/\/www.sportchaco.com.ar\/index.php?rest_route=\/wp\/v2\/types\/post"}],"author":[{"embeddable":true,"href":"https:\/\/www.sportchaco.com.ar\/index.php?rest_route=\/wp\/v2\/users\/2"}],"replies":[{"embeddable":true,"href":"https:\/\/www.sportchaco.com.ar\/index.php?rest_route=%2Fwp%2Fv2%2Fcomments&post=23723"}],"version-history":[{"count":1,"href":"https:\/\/www.sportchaco.com.ar\/index.php?rest_route=\/wp\/v2\/posts\/23723\/revisions"}],"predecessor-version":[{"id":23724,"href":"https:\/\/www.sportchaco.com.ar\/index.php?rest_route=\/wp\/v2\/posts\/23723\/revisions\/23724"}],"wp:featuredmedia":[{"embeddable":true,"href":"https:\/\/www.sportchaco.com.ar\/index.php?rest_route=\/wp\/v2\/media\/23725"}],"wp:attachment":[{"href":"https:\/\/www.sportchaco.com.ar\/index.php?rest_route=%2Fwp%2Fv2%2Fmedia&parent=23723"}],"wp:term":[{"taxonomy":"category","embeddable":true,"href":"https:\/\/www.sportchaco.com.ar\/index.php?rest_route=%2Fwp%2Fv2%2Fcategories&post=23723"},{"taxonomy":"post_tag","embeddable":true,"href":"https:\/\/www.sportchaco.com.ar\/index.php?rest_route=%2Fwp%2Fv2%2Ftags&post=23723"}],"curies":[{"name":"wp","href":"https:\/\/api.w.org\/{rel}","templated":true}]}}