{"id":23726,"date":"2025-08-14T17:09:38","date_gmt":"2025-08-14T20:09:38","guid":{"rendered":"https:\/\/www.sportchaco.com.ar\/?p=23726"},"modified":"2025-08-14T18:28:55","modified_gmt":"2025-08-14T21:28:55","slug":"river-vs-libertad-por-copa-libertadores","status":"publish","type":"post","link":"https:\/\/www.sportchaco.com.ar\/?p=23726","title":{"rendered":"River vs. Libertad, por Copa Libertadores"},"content":{"rendered":"<h5>\u00a0River vs. Libertad, por Copa Libertadores <strong>Mientras Boselli reemplazar\u00eda a Pezzella y Paulo D\u00edaz volver\u00eda al once, la idea del entrenador para el choque en Paraguay es mantener el esquema y a los mismos protagonistas. El partido va dewsde las 21,30 con televisaci\u00f3n de Fox. Foto portada de Boselli.<\/strong><\/h5>\n<p>&nbsp;<\/p>\n<figure data-modal-description=\"As\u00ed formar\u00eda el River de Gallardo\" data-modal-image=\"https:\/\/media.tycsports.com\/files\/2025\/06\/16\/853329\/placa-formacion-de-river-marcelo-gallardo_w862.webp\"><img loading=\"lazy\" decoding=\"async\" class=\"mainImg r16x9\" title=\"Placa Formaci\u00f3n de River (Marcelo Gallardo)\" src=\"https:\/\/media.tycsports.com\/files\/2025\/06\/16\/853329\/placa-formacion-de-river-marcelo-gallardo_416x234.webp\" srcset=\"https:\/\/media.tycsports.com\/files\/2025\/06\/16\/853329\/placa-formacion-de-river-marcelo-gallardo_416x234.webp 960w,https:\/\/media.tycsports.com\/files\/2025\/06\/16\/853329\/placa-formacion-de-river-marcelo-gallardo_862x485.webp 1024w\" alt=\"Placa Formaci\u00f3n de River (Marcelo Gallardo)\" width=\"416\" height=\"234\" \/><figcaption>As\u00ed formar\u00eda el River de Gallardo<\/figcaption><\/figure>\n<p><span style=\"color: #000000;\">Luego de la\u00a0<a style=\"color: #000000;\" href=\"https:\/\/www.tycsports.com\/river-plate\/independiente-vs-river-por-el-torneo-clausura-formaciones-hora-y-tv-en-vivo-id678640.html\" target=\"_blank\" rel=\"noopener\">visita a Avellaneda frente a Independiente<\/a>\u00a0en la que River estuvo lejos de lucirse e igual\u00f3 sin goles en el Torneo Clausura, ahora\u00a0<b>Marcelo Gallardo se prepara para el choque contra Libertad<\/b>\u00a0en Asunci\u00f3n por los octavos de final de ida de la Copa Libertadores.<\/span><\/p>\n<div class=\"alsoReadContainer\">\n<h2 class=\"alsoReadText\"><\/h2>\n<\/div>\n<p><span style=\"color: #000000;\">En cuanto a la formaci\u00f3n, el director t\u00e9cnico\u00a0<b>mantendr\u00e1 el esquema 4-3-3 que utiliz\u00f3 en sus \u00faltimos encuentros<\/b>. El arco estar\u00e1 bajo la seguridad de\u00a0<b>Franco Armani<\/b>. La defensa seguir\u00e1 con\u00a0<b>Gonzalo Montiel<\/b>\u00a0por la derecha y\u00a0<b>Marcos Acu\u00f1a<\/b>\u00a0por la izquierda en los laterales, mientras la\u00a0<a style=\"color: #000000;\" href=\"https:\/\/www.tycsports.com\/river-plate\/gallardo-zaga-central-en-river-copa-libertadores-libertad-id679110.html\" target=\"_blank\" rel=\"noopener\">dupla central estar\u00e1 conformada por\u00a0<\/a><b><a style=\"color: #000000;\" href=\"https:\/\/www.tycsports.com\/river-plate\/gallardo-zaga-central-en-river-copa-libertadores-libertad-id679110.html\" target=\"_blank\" rel=\"noopener\">Sebasti\u00e1n Boselli<\/a><\/b><a style=\"color: #000000;\" href=\"https:\/\/www.tycsports.com\/river-plate\/gallardo-zaga-central-en-river-copa-libertadores-libertad-id679110.html\" target=\"_blank\" rel=\"noopener\">\u00a0y\u00a0<\/a><b><a style=\"color: #000000;\" href=\"https:\/\/www.tycsports.com\/river-plate\/gallardo-zaga-central-en-river-copa-libertadores-libertad-id679110.html\" target=\"_blank\" rel=\"noopener\">Paulo D\u00edaz<\/a><\/b>.<\/span><\/p>\n<p><span style=\"color: #000000;\">Sin Germ\u00e1n Pezzella, quien\u00a0<a style=\"color: #000000;\" href=\"https:\/\/www.tycsports.com\/river-plate\/lo-lamenta-river-se-confirmo-la-grave-lesion-de-pezzella-id679093.html\" target=\"_blank\" rel=\"noopener\">se rompi\u00f3 el ligamento cruzado anterior de la rodilla izquierda<\/a>, con\u00a0<a style=\"color: #000000;\" href=\"https:\/\/www.tycsports.com\/river-plate\/river-martinez-quarta-lesion-esguince-rodilla-copa-libertadores-id677087.html\" target=\"_blank\" rel=\"noopener\">Lucas Mart\u00ednez Quarta en v\u00edas de recuperaci\u00f3n<\/a>\u00a0del desgarro y\u00a0<a style=\"color: #000000;\" href=\"https:\/\/www.tycsports.com\/river-plate\/fallo-river-lista-copa-libertadores-lautaro-rivero-id679143.html\" target=\"_blank\" rel=\"noopener\">Lautaro Rivero fuera de la lista de buena fe<\/a>\u00a0para los octavos de final, el jueves en Asunci\u00f3n se perfila una dupla sin precedentes esta temporada con el uruguayo y el chileno.\u00a0<u>\u00bfLa otra opci\u00f3n que tiene?<\/u>\u00a0<a style=\"color: #000000;\" href=\"https:\/\/www.tycsports.com\/river-plate\/river-ulises-gimenez-juvenil-central-libertad-octavos-de-final-copa-libertadores-id679251.html\" target=\"_blank\" rel=\"noopener\">Ulises Gim\u00e9nez, juvenil de 19 a\u00f1os, que esperar\u00eda en el banco<\/a>.<\/span><\/p>\n<div id=\"video-genoa-870344\" class=\"videoPlayer genoa-async\" data-contentid=\"1788688\" data-share=\"https:\/\/www.tycsports.com\/river-plate\/la-formacion-de-river-vs-libertad-por-copa-libertadores-id679309.html\" data-playlist-related=\"true\" data-playlist=\"1790095,1790019,1790018,1790017,1790016\"><\/div>\n<p><span style=\"color: #000000;\">Respecto a la medular, no sufrir\u00eda cambios. Con\u00a0<b>Enzo P\u00e9rez<\/b>\u00a0como volante central, acompa\u00f1ado por\u00a0<b>Kevin Casta\u00f1o<\/b>\u00a0por la derecha y\u00a0<b>Mat\u00edas Galarza<\/b>\u00a0por la izquierda. Si bien Juan Cruz Meza y Giuliano Galoppo podr\u00edan aparecer en reemplazo del ex Talleres, todo indica que seguir\u00e1n los mismos nombres.<\/span><\/p>\n<p><span style=\"color: #000000;\">En la ofensiva,\u00a0<b>Santiago Lencina<\/b>\u00a0ser\u00e1 el extremo derecho,\u00a0<b>Facundo Colidio<\/b>\u00a0se situar\u00e1 por el sector izquierdo y\u00a0<b>Miguel Borja<\/b>\u00a0como referencia del \u00e1rea. Mientras tanto, Gallardo espera por\u00a0<a style=\"color: #000000;\" href=\"https:\/\/www.tycsports.com\/river-plate\/alarmas-river-maximiliano-salas-lesion-san-lorenzo-id676435.html\" target=\"_blank\" rel=\"noopener\">Maximiliano Salas<\/a>, que est\u00e1 recuper\u00e1ndose de sus respectivas lesiones y podr\u00eda reaparecer en el Monumental para el partido de vuelta. Mientras que\u00a0<b>Sebasti\u00e1n Driussi viaj\u00f3 a Paraguay y estar\u00eda en el banco de suplente<\/b>.<\/span><\/p>\n<h2><span style=\"color: #000000;\">La formaci\u00f3n de River vs. Libertad, por Copa Libertadores<\/span><\/h2>\n<p><span style=\"color: #000000;\">Franco\u00a0<b>Armani<\/b>; Gonzalo\u00a0<b>Montiel<\/b>, Sebasti\u00e1n\u00a0<b>Boselli<\/b>, Paulo\u00a0<b>D\u00edaz<\/b>, Marcos\u00a0<b>Acu\u00f1a<\/b>; Kevin\u00a0<b>Casta\u00f1o<\/b>, Enzo\u00a0<b>P\u00e9rez<\/b>, Mat\u00edas\u00a0<b>Galarza<\/b>; Santiago\u00a0<b>Lencina<\/b>, Miguel\u00a0<b>Borja\u00a0<\/b>y Facundo\u00a0<b>Colidio<\/b>. DT: Marcelo\u00a0<b>Gallardo<\/b>.<\/span><\/p>\n<h2><span style=\"color: #000000;\">Los datos de Libertad vs. River, por Copa Libertadores<\/span><\/h2>\n<p>&nbsp;<\/p>\n<ul>\n<li><span style=\"color: #000000;\"><u>Hora<\/u>: 21.30.<\/span><\/li>\n<li><span style=\"color: #000000;\"><u>TV<\/u>: FOX Sports, Telefe, DISNEY+<\/span><\/li>\n<li><span style=\"color: #000000;\"><u>\u00c1rbitro<\/u>: Wilton Sampaio (BRA).<\/span><\/li>\n<li><span style=\"color: #000000;\"><u>Estadio<\/u>: La Huerta.<\/span><\/li>\n<\/ul>\n","protected":false},"excerpt":{"rendered":"<p>\u00a0River vs. Libertad, por Copa Libertadores Mientras Boselli reemplazar\u00eda a Pezzella y Paulo D\u00edaz volver\u00eda al once, la idea del entrenador para el choque en Paraguay es mantener el esquema y a los mismos protagonistas. El partido va dewsde las 21,30 con televisaci\u00f3n de Fox. Foto portada de Boselli. &nbsp; As\u00ed formar\u00eda el River de &hellip;<\/p>\n","protected":false},"author":2,"featured_media":23727,"comment_status":"open","ping_status":"open","sticky":false,"template":"","format":"standard","meta":{"footnotes":""},"categories":[6],"tags":[],"class_list":["post-23726","post","type-post","status-publish","format-standard","has-post-thumbnail","hentry","category-internacionales"],"_links":{"self":[{"href":"https:\/\/www.sportchaco.com.ar\/index.php?rest_route=\/wp\/v2\/posts\/23726","targetHints":{"allow":["GET"]}}],"collection":[{"href":"https:\/\/www.sportchaco.com.ar\/index.php?rest_route=\/wp\/v2\/posts"}],"about":[{"href":"https:\/\/www.sportchaco.com.ar\/index.php?rest_route=\/wp\/v2\/types\/post"}],"author":[{"embeddable":true,"href":"https:\/\/www.sportchaco.com.ar\/index.php?rest_route=\/wp\/v2\/users\/2"}],"replies":[{"embeddable":true,"href":"https:\/\/www.sportchaco.com.ar\/index.php?rest_route=%2Fwp%2Fv2%2Fcomments&post=23726"}],"version-history":[{"count":1,"href":"https:\/\/www.sportchaco.com.ar\/index.php?rest_route=\/wp\/v2\/posts\/23726\/revisions"}],"predecessor-version":[{"id":23728,"href":"https:\/\/www.sportchaco.com.ar\/index.php?rest_route=\/wp\/v2\/posts\/23726\/revisions\/23728"}],"wp:featuredmedia":[{"embeddable":true,"href":"https:\/\/www.sportchaco.com.ar\/index.php?rest_route=\/wp\/v2\/media\/23727"}],"wp:attachment":[{"href":"https:\/\/www.sportchaco.com.ar\/index.php?rest_route=%2Fwp%2Fv2%2Fmedia&parent=23726"}],"wp:term":[{"taxonomy":"category","embeddable":true,"href":"https:\/\/www.sportchaco.com.ar\/index.php?rest_route=%2Fwp%2Fv2%2Fcategories&post=23726"},{"taxonomy":"post_tag","embeddable":true,"href":"https:\/\/www.sportchaco.com.ar\/index.php?rest_route=%2Fwp%2Fv2%2Ftags&post=23726"}],"curies":[{"name":"wp","href":"https:\/\/api.w.org\/{rel}","templated":true}]}}