{"id":23732,"date":"2025-08-14T17:23:00","date_gmt":"2025-08-14T20:23:00","guid":{"rendered":"https:\/\/www.sportchaco.com.ar\/?p=23732"},"modified":"2025-08-14T17:23:00","modified_gmt":"2025-08-14T20:23:00","slug":"historica-presentacion-de-franco-mastantuono-en-el-real-madrid-hoy-se-cumple-un-sueno","status":"publish","type":"post","link":"https:\/\/www.sportchaco.com.ar\/?p=23732","title":{"rendered":"Hist\u00f3rica presentaci\u00f3n de Franco Mastantuono en el Real Madrid: \u201cHoy se cumple un sue\u00f1o\u201d"},"content":{"rendered":"<div class=\"sc-808a5b4d-0 fiDTki normal-header false normal-header false\">\n<div class=\"sc-808a5b4d-0 fiDTki shared-header shared-header\">\n<h5><span class=\"createDate\">14\/08\/2025<\/span><\/h5>\n<div class=\"mt \">\n<h5 class=\"storyTitle \">Hist\u00f3rica presentaci\u00f3n de Franco Mastantuono en el Real Madrid: \u201cHoy se cumple un sue\u00f1o\u201d. En el d\u00eda de su cumplea\u00f1os 18, el argentino firm\u00f3 su contrato y fue recibido como una verdadera estrella en el club m\u00e1s ganador de la historia. \u00abLlega uno de los mejores talentos del mundo\u00bb, dijo Florentino P\u00e9rez para presentarlo.<\/h5>\n<\/div>\n<div class=\"image-container \">\n<div class=\"player-container\">\n<div class=\"sc-c2c2a3c6-0 ecgiEX jwplayer-container border-video jwplayer-container border-video\">\n<div id=\"jwPlacementDiv_ML8efDRm\" data-jw-placement-id=\"pvq83Dko\" data-jw-media_id=\"ML8efDRm\" data-jw-type=\"apertura\" data-position=\"apertura\">\n<div id=\"jwExperienceDiv_7wu30r1cszz5\" class=\"jwplayer jw-reset jw-state-playing jw-stretch-uniform jw-flag-aspect-mode jw-breakpoint-7 jw-floating-dismissible jw-keep-thumbnail jw-flag-user-inactive\" tabindex=\"0\" role=\"application\" aria-label=\"Video Player - Franco Mastantuono ya es jugador del Real Madrid: &quot;Voy a dejar la vida por esta camiseta&quot;\" aria-describedby=\"jw-jwExperienceDiv_7wu30r1cszz5-shortcuts-tooltip-explanation\">\n<div class=\"jw-wrapper jw-reset\"><\/div>\n<\/div>\n<\/div>\n<\/div>\n<\/div>\n<\/div>\n<\/div>\n<\/div>\n<section class=\"sc-46e3ecc3-1 fMFjWA\">\n<article id=\"storyBody\" class=\"sc-46e3ecc3-2 cfXsMv\">\n<section class=\"sc-46e3ecc3-3 eNZxqX dataStory dataStory\">\n<div class=\"list-authors \"><\/div>\n<\/section>\n<div class=\"trinity-player-iframe-wrapper\" data-player-id=\"4b3316ef7bb29130d6ec66605e4a321d\" data-state=\"not_initialized\" data-player-type=\"\"><\/div>\n<div><\/div>\n<div class=\"date\"><\/div>\n<div class=\"StoryTextContainer vsmcontent\">\n<div id=\"containerUalter\" class=\"trinity-skip-it\">\n<div class=\"ualter_content\">\n<section class=\"accordion\">\n<div class=\"tab\">\n<div class=\"tab__content\">\n<div class=\"experimental\"><\/div>\n<div class=\"sintesis\">\n<div class=\"sintesis-header\"><time><\/time><\/p>\n<h2><\/h2>\n<h4><\/h4>\n<\/div>\n<div class=\"sintesis-content\">\n<p id=\"typing-animation\">\n<div class=\"slider-wrapper\"><button id=\"slide-arrow-next\" class=\"slide-arrow\">\u203a<\/button><\/p>\n<ul id=\"slides-container\" class=\"slides-container\">\n<li class=\"slide\"><img decoding=\"async\" src=\"https:\/\/www.clarin.com\/img\/2025\/08\/14\/jwAbXnS1N_600x600__1.jpg\" alt=\"Mastantuono con Florentino P\u00e9rez y su camiseta: usar\u00e1 la n\u00famero 30.\" data-readystate=\"complete\" \/>\n<p class=\"img-epigraph\">\n<\/li>\n<li class=\"slide\"><img decoding=\"async\" src=\"https:\/\/www.clarin.com\/img\/2025\/08\/14\/vg_Xu0ouS_600x600__1.jpg\" alt=\"Leyenda: Franco quiere ir tras los pasos del gran Alfredo.\" data-readystate=\"complete\" \/><\/li>\n<\/ul>\n<\/div>\n<\/div>\n<\/div>\n<div class=\"expandable-rectangle\">\n<div class=\"cron-container content\">\n<div class=\"cron-card\">\n<div class=\"contexto\">\n<p>&nbsp;<\/p>\n<\/div>\n<\/div>\n<\/div>\n<\/div>\n<\/div>\n<\/div>\n<\/section>\n<\/div>\n<\/div>\n<div id=\"cuerpo\">\n<div id=\"element-body-0\" class=\"sc-45461e9c-0 eqiBeF container-text text-embed \">\n<p>Lleg\u00f3 el d\u00eda, Franco Mastantuono cumpli\u00f3 los 18 a\u00f1os este 14 de agosto y lo celebr\u00f3 de una manera so\u00f1ada: fue presentado oficialmente como refuerzo del Real Madrid: \u00abTuvimos que esperar a hoy, 14 de agosto, d\u00eda que cumple 18 a\u00f1os, pero\u00a0<strong>llega a nuestro club uno de los talentos m\u00e1s grandes del mundo<\/strong>\u00ab, arranc\u00f3 Florentino P\u00e9rez en una presentaci\u00f3n a todo trapo.<\/p>\n<\/div>\n<div id=\"element-body-1\" class=\"sc-45461e9c-0 eqiBeF container-text text-embed \">\n<p>\u00abFelicidades Franco Mastantuono,\u00a0<strong>hoy se cumple uno de tus sue\u00f1os: llegar al Real Madrid<\/strong>\u00ab, dijo Florentino que tambi\u00e9n tuvo palabras para River.<\/p>\n<\/div>\n<div id=\"element-body-2\" class=\"sc-45461e9c-0 eqiBeF container-text text-embed \">\n<p>Franco, que tuvo que esperar a alcanzar la mayor\u00eda de edad para firmar su contrato con el Real Madrid,\u00a0<strong>usar\u00e1 la camiseta n\u00famero 30 en su temporada debut en Espa\u00f1a<\/strong>, el mismo n\u00famero que visti\u00f3 Lionel Messi cuando debut\u00f3 en el Barcelona en el a\u00f1o 2000.<\/p>\n<\/div>\n<div id=\"element-body-3\" class=\"sc-45461e9c-0 eqiBeF container-text text-embed \">\n<p>P\u00e9rez se refiri\u00f3 al lazo hist\u00f3rico que une al club argentino con el espa\u00f1ol, desde donde han llegado figuras de la talla de Santiago Solari, Esteban Cambiaso y quiz\u00e1 qui\u00e9n sea considerado el jugador absoluto, Alfredo Di St\u00e9fano.<\/p>\n<\/div>\n<div id=\"element-body-4\" class=\"sc-106e49c0-0 dcVumd freeHtml-embed undefined\">\n<div class=\"twitter-tweet twitter-tweet-rendered\"><\/div>\n<\/div>\n<div id=\"element-body-5\" class=\"sc-45461e9c-0 eqiBeF container-text text-embed \">\n<p>\u00abQuiero tener una menci\u00f3n especial para River Plate, un club centenario, legendario y uno de los m\u00e1s laureados de Argentina y de Am\u00e9rica\u00bb, sigui\u00f3 el mandam\u00e1s del Merengue.<\/p>\n<\/div>\n<div id=\"element-body-6\" class=\"sc-45461e9c-0 eqiBeF container-text text-embed \">\n<p>\u00abEste club, en el que has crecido y te has formado, tiene una vinculaci\u00f3n hist\u00f3rica y sentimental con el Real Madrid por los muchos jugadores que hemos compartido\u2026\u00bb.<\/p>\n<\/div>\n<div id=\"element-body-7\" class=\"sc-45461e9c-0 eqiBeF container-text text-embed \">\n<p>Mastantuono fue presentado como una verdadera estrella en su llegada al club m\u00e1s ganador del planeta delante de una afici\u00f3n que ten\u00eda hist\u00f3ricos del club como el lateral brasile\u00f1o Roberto Carlos.<\/p>\n<\/div>\n<div id=\"element-body-8\" class=\"sc-45461e9c-0 eqiBeF container-text text-embed \">\n<p>Sobre un escenario con mega pantallas leds donde se le\u00eda el apellido del crack nacido en azul en letras de molde, todo arranc\u00f3 con un video acompa\u00f1ado de m\u00fasica \u00e9pica, donde mostraron varios lujos y los goles de Franco en River, con un lugar especial para el tiro libre en el Supercl\u00e1sico. Tambi\u00e9n se vio la firma del contrato donde, adem\u00e1s del futbolista, la centralidad se la robaba Florentino P\u00e9rez. Y despu\u00e9s s\u00ed, tras las palabras del presidente, lleg\u00f3 el turno de Franco.<\/p>\n<\/div>\n<div id=\"element-body-9\" class=\"sc-98b114a2-0 bkqiHH image-embed  image-embed \"><picture class=\"sc-98b114a2-1 jRUlDm\"><source srcset=\"https:\/\/www.clarin.com\/img\/2025\/08\/14\/vg_Xu0ouS_720x0__1.jpg\" media=\"(min-width: 975px)\" \/><img loading=\"lazy\" decoding=\"async\" src=\"https:\/\/www.clarin.com\/img\/2025\/08\/14\/vg_Xu0ouS_720x0__1.jpg\" alt=\"Leyenda: Franco quiere ir tras los pasos del gran Alfredo.\" width=\"720\" height=\"480\" data-nimg=\"1\" data-readystate=\"complete\" \/><\/picture><\/div>\n<div><\/div>\n<div class=\"sc-98b114a2-0 bkqiHH image-embed  image-embed \"><span class=\"epigraphe\">Leyenda: Franco quiere ir tras los pasos del gran Alfredo.<\/span><\/div>\n<div id=\"element-body-10\" class=\"sc-45461e9c-0 eqiBeF container-text text-embed \">\n<h2>\u00abHoy se cumple un sue\u00f1o\u00bb<\/h2>\n<\/div>\n<div id=\"element-body-11\" class=\"sc-45461e9c-0 eqiBeF container-text text-embed \">\n<p>Se lo vio sonriente, fresco, acompa\u00f1ado por toda su familia con un elegante traje entallado de color oscuro y corbata al tono. \u00ab<strong>Se cumple un sue\u00f1o para m\u00ed, llegar al club m\u00e1s importante del mundo<\/strong>\u00ab, dijo el joven nacido futbol\u00edsticamente en River que arranc\u00f3 agradeciendo al \u00abquerido presidente\u00bb Florentino P\u00e9rez.<\/p>\n<\/div>\n<div id=\"element-body-12\" class=\"sc-45461e9c-0 eqiBeF container-text text-embed \">\n<p>\u00abHoy se cumple el sue\u00f1o de mi vida\u00bb, insisti\u00f3 Franco, muy bien plantado y con gran personalidad a pesar de tener apenas 18 a\u00f1os. Muestra de ello es que lo primero que hizo fue reconocer el apoyo de su familia, un pilar fundamental para llegar bien ubicado a este momento.<\/p>\n<\/div>\n<div id=\"element-body-13\" class=\"sc-106e49c0-0 dcVumd freeHtml-embed undefined\">\n<div class=\"twitter-tweet twitter-tweet-rendered\"><\/div>\n<\/div>\n<div id=\"element-body-14\" class=\"sc-45461e9c-0 eqiBeF container-text text-embed \">\n<p>Los Mastantuono estaban todos all\u00ed: desde sus padres, hasta sus hermanos y sus abuelos: \u00abGracias a mi familia, mis padres, mis hermanos y mis abuelos que se tomaron el tiempo de viajar hasta ac\u00e1. Quiero que disfruten.\u00a0<strong>Todav\u00eda tengo que seguir aprendiendo mucho y esos valores vienen de mi c\u00edrculo \u00edntimo\u00bb<\/strong>.<\/p>\n<\/div>\n<div id=\"element-body-15\" class=\"sc-98b114a2-0 bkqiHH image-embed  image-embed \"><span class=\"epigraphe\">La 30: Franco pos\u00f3 con su camiseta junto al presidente del Real Madrid.<\/span><\/div>\n<div id=\"element-body-16\" class=\"sc-45461e9c-0 eqiBeF container-text text-embed \">\n<p>\u00abVoy a dejar la vida por esta camiseta. Gracias a todos, espero conseguir muchas cosas. Hal\u00e1 Madrid\u00bb, cerr\u00f3 el futbolista que dio sus primeros pasos en Cemento Armado de Azul, pas\u00f3 a River y, ni bien cumpli\u00f3 18 a\u00f1os, lleg\u00f3 al Real Madrid.<\/p>\n<p>Fuente Clarin<\/p>\n<\/div>\n<div id=\"element-body-17\" class=\"sc-45461e9c-0 eqiBeF container-text text-embed \"><\/div>\n<\/div>\n<\/div>\n<\/article>\n<\/section>\n","protected":false},"excerpt":{"rendered":"<p>14\/08\/2025 Hist\u00f3rica presentaci\u00f3n de Franco Mastantuono en el Real Madrid: \u201cHoy se cumple un sue\u00f1o\u201d. En el d\u00eda de su cumplea\u00f1os 18, el argentino firm\u00f3 su contrato y fue recibido como una verdadera estrella en el club m\u00e1s ganador de la historia. \u00abLlega uno de los mejores talentos del mundo\u00bb, dijo Florentino P\u00e9rez para presentarlo. &hellip;<\/p>\n","protected":false},"author":2,"featured_media":23733,"comment_status":"open","ping_status":"open","sticky":false,"template":"","format":"standard","meta":{"footnotes":""},"categories":[6],"tags":[],"class_list":["post-23732","post","type-post","status-publish","format-standard","has-post-thumbnail","hentry","category-internacionales"],"_links":{"self":[{"href":"https:\/\/www.sportchaco.com.ar\/index.php?rest_route=\/wp\/v2\/posts\/23732","targetHints":{"allow":["GET"]}}],"collection":[{"href":"https:\/\/www.sportchaco.com.ar\/index.php?rest_route=\/wp\/v2\/posts"}],"about":[{"href":"https:\/\/www.sportchaco.com.ar\/index.php?rest_route=\/wp\/v2\/types\/post"}],"author":[{"embeddable":true,"href":"https:\/\/www.sportchaco.com.ar\/index.php?rest_route=\/wp\/v2\/users\/2"}],"replies":[{"embeddable":true,"href":"https:\/\/www.sportchaco.com.ar\/index.php?rest_route=%2Fwp%2Fv2%2Fcomments&post=23732"}],"version-history":[{"count":1,"href":"https:\/\/www.sportchaco.com.ar\/index.php?rest_route=\/wp\/v2\/posts\/23732\/revisions"}],"predecessor-version":[{"id":23734,"href":"https:\/\/www.sportchaco.com.ar\/index.php?rest_route=\/wp\/v2\/posts\/23732\/revisions\/23734"}],"wp:featuredmedia":[{"embeddable":true,"href":"https:\/\/www.sportchaco.com.ar\/index.php?rest_route=\/wp\/v2\/media\/23733"}],"wp:attachment":[{"href":"https:\/\/www.sportchaco.com.ar\/index.php?rest_route=%2Fwp%2Fv2%2Fmedia&parent=23732"}],"wp:term":[{"taxonomy":"category","embeddable":true,"href":"https:\/\/www.sportchaco.com.ar\/index.php?rest_route=%2Fwp%2Fv2%2Fcategories&post=23732"},{"taxonomy":"post_tag","embeddable":true,"href":"https:\/\/www.sportchaco.com.ar\/index.php?rest_route=%2Fwp%2Fv2%2Ftags&post=23732"}],"curies":[{"name":"wp","href":"https:\/\/api.w.org\/{rel}","templated":true}]}}