{"id":23757,"date":"2025-08-14T23:17:06","date_gmt":"2025-08-15T02:17:06","guid":{"rendered":"https:\/\/www.sportchaco.com.ar\/?p=23757"},"modified":"2025-08-14T23:17:06","modified_gmt":"2025-08-15T02:17:06","slug":"malestar-en-san-lorenzo-un-fallo-de-la-afa-permitira-que-marcelo-moretti-vuelva-a-la-presidencia","status":"publish","type":"post","link":"https:\/\/www.sportchaco.com.ar\/?p=23757","title":{"rendered":"Malestar en San Lorenzo: un fallo de la AFA permitir\u00e1 que Marcelo Moretti vuelva a la presidencia"},"content":{"rendered":"<div class=\"content-article-title\">\n<div class=\"wrapper-layout center-content center_story max-width\">\n<div class=\"col-content\">\n<h1 class=\"article__title font__display\"><span style=\"font-size: 16px; font-weight: 400;\">14 de agosto 2025<\/span><\/h1>\n<\/div>\n<\/div>\n<\/div>\n<div class=\"common-layout wrapper-layout center-content center_story max-width story article\">\n<div class=\"col-content\"><main class=\"col-content\"><\/p>\n<div class=\"article__header article__story article__article\">\n<div class=\"article__head\">\n<div class=\"article__headline-byline-container\">\n<div id=\"StaticHeadlines\">\n<div data-testid=\"headlines\">\n<h5 class=\"article__dropline font__body\">El Tribunal de \u00c9tica no le aplicar\u00e1 ninguna sanci\u00f3n al dirigente que est\u00e1 de licencia desde que se difundi\u00f3 un video en el que aceptaba una presunta coima de la mam\u00e1 de un juvenil.<\/h5>\n<\/div>\n<\/div>\n<\/div>\n<div class=\"article__lead-art article__lead-art-photo\" data-testid=\"LeadArtPhoto\"><\/div>\n<div class=\"article__audionote-share\">\n<div class=\"trinity__audio-wrapper\"><\/div>\n<\/div>\n<div class=\"trinity-tts-placeholder-icon-player\"><\/div>\n<\/div>\n<\/div>\n<div class=\"default-article-color article__body article__article\">\n<p class=\"paragraph font__body-regular\">El\u00a0Tribunal de \u00c9tica de la AFA\u00a0decidi\u00f3 este jueves no sancionar a\u00a0<a title=\"https:\/\/tn.com.ar\/deportes\/futbol\/2025\/06\/25\/el-proyecto-soy-yo-moretti-afirmo-que-volvera-a-san-lorenzo-tras-el-escandalo-por-presunto-cobro-de-coimas\/\" href=\"https:\/\/tn.com.ar\/deportes\/futbol\/2025\/06\/25\/el-proyecto-soy-yo-moretti-afirmo-que-volvera-a-san-lorenzo-tras-el-escandalo-por-presunto-cobro-de-coimas\/\" target=\"_blank\" rel=\"noopener noreferrer\">Marcelo Moretti<\/a>, quien\u00a0podr\u00e1 volver a asumir la presidencia de San Lorenzo. El dirigente se encuentra de licencia del puesto desde que se difundi\u00f3 un video en el que aceptaba una presunta coima de la mam\u00e1 de un juvenil.<\/p>\n<div id=\"ad-slot-infeed\" class=\"infeed-container\"><\/div>\n<p class=\"paragraph font__body-regular\">Seg\u00fan public\u00f3 el sitio\u00a0<i>Doble Amarilla<\/i>, el Tribunal comunic\u00f3 de manera interna que\u00a0\u201cno tiene razones y argumentos para expulsarlo\u201d de la AFA. Esta decisi\u00f3n permitir\u00e1 que Moretti conserve su puesto de vocal titular en el Comit\u00e9 Ejecutivo y que, adem\u00e1s, pueda retomar la presidencia del Cicl\u00f3n.<\/p>\n<div class=\"article__lead-art article__lead-art-photo\" data-testid=\"LeadArtPhoto\">\n<figure class=\"\" data-testid=\"figure-testid\">\n<div class=\"aspect_ratio__container\"><picture class=\"responsive-image\"><img decoding=\"async\" class=\"width_full height_full article__lead-art-photo image_placeholder\" src=\"https:\/\/tn.com.ar\/resizer\/v2\/marcelo-moretti-podra-volver-a-la-presidencia-de-san-lorenzo-foto-na-X7T5KP3UGVHI3I6VBNNFRMRKIU.jpg?auth=33e435bd2757d25153ee20d70dcda6b5049c6794d71bd1cd731d978d2411f779&amp;width=767\" alt=\"Marcelo Moretti podr\u00e1 volver a la presidencia de San Lorenzo (Foto: NA)\" \/><\/picture><\/div><figcaption class=\"caption_image\" data-testid=\"figcaption-testid\">\n<div class=\"image_caption font__body\">Marcelo Moretti podr\u00e1 volver a la presidencia de San Lorenzo (Foto: NA) Fuente TN<\/div>\n<\/figcaption><\/figure>\n<\/div>\n<div class=\"article__audionote-share\">\n<div class=\"trinity__audio-wrapper\"><\/div>\n<\/div>\n<p class=\"paragraph font__body-regular\">Esta decisi\u00f3n gener\u00f3\u00a0amplio malestar entre hinchas y socios de San Lorenzo, que en reiteradas oportunidades ya hab\u00edan expresado su rechazo a la vuelta de Moretti a trav\u00e9s de movilizaciones e incluso con una presentaci\u00f3n en el Tribunal de \u00c9tica del club para pedir su\u00a0destituci\u00f3n, inhabilitaci\u00f3n y expulsi\u00f3n como socio.<\/p>\n<figure class=\"\" data-testid=\"figure-testid\">\n<div class=\"aspect_ratio__container\"><picture class=\"responsive-image\"><source srcset=\"https:\/\/tn.com.ar\/resizer\/v2\/los-hinchas-de-san-lorenzo-rechazan-en-su-amplia-mayoria-la-vuelta-de-moretti-foto-reutersagustin-marcarian-VFDY5FGW2MTONKKZDWEOVTMU7U.jpg?auth=1e8ceef31deaf25b05b7e49c13aabc7c10b859853d175bdabb845679b6374a88&amp;width=767\" type=\"image\/jpg\" media=\"(max-width: 728px)\" \/><source srcset=\"https:\/\/tn.com.ar\/resizer\/v2\/los-hinchas-de-san-lorenzo-rechazan-en-su-amplia-mayoria-la-vuelta-de-moretti-foto-reutersagustin-marcarian-VFDY5FGW2MTONKKZDWEOVTMU7U.jpg?auth=1e8ceef31deaf25b05b7e49c13aabc7c10b859853d175bdabb845679b6374a88&amp;width=1023\" type=\"image\/jpg\" media=\"(max-width: 1023px)\" \/><source srcset=\"https:\/\/tn.com.ar\/resizer\/v2\/los-hinchas-de-san-lorenzo-rechazan-en-su-amplia-mayoria-la-vuelta-de-moretti-foto-reutersagustin-marcarian-VFDY5FGW2MTONKKZDWEOVTMU7U.jpg?auth=1e8ceef31deaf25b05b7e49c13aabc7c10b859853d175bdabb845679b6374a88&amp;width=1440\" type=\"image\/jpg\" \/><img loading=\"lazy\" decoding=\"async\" class=\"image content-image image_placeholder\" src=\"https:\/\/tn.com.ar\/resizer\/v2\/los-hinchas-de-san-lorenzo-rechazan-en-su-amplia-mayoria-la-vuelta-de-moretti-foto-reutersagustin-marcarian-VFDY5FGW2MTONKKZDWEOVTMU7U.jpg?auth=1e8ceef31deaf25b05b7e49c13aabc7c10b859853d175bdabb845679b6374a88&amp;width=767\" alt=\"Los hinchas de San Lorenzo rechazan en su amplia mayor\u00eda la vuelta de Moretti (Foto: REUTERS\/Agustin Marcarian)\" width=\"767\" height=\"511\" data-testid=\"loading-testid\" \/><\/picture><\/div><figcaption class=\"caption_image\" data-testid=\"figcaption-testid\">\n<div class=\"image_caption \">Los hinchas de San Lorenzo rechazan en su amplia mayor\u00eda la vuelta de Moretti (Foto: REUTERS\/Agustin Marcarian)<\/div>\n<\/figcaption><\/figure>\n<p class=\"paragraph font__body-regular\">Moretti hab\u00eda pedido licencia tras el esc\u00e1ndalo del video, pero posteriormente hab\u00eda dejado trascender su intenci\u00f3n de volver a conducir el club.<\/p>\n<p class=\"paragraph font__body-regular\">Por fuera del \u00e1mbito del f\u00fatbol, el dirigente\u00a0enfrenta dos causas judiciales\u00a0por el cobro de una presunta coima de 25.000 d\u00f3lares para fichar a un futbolista en las divisiones inferiores.<\/p>\n<p class=\"paragraph font__body-regular\">Desde que trascendi\u00f3 el hecho, el dirigente defendi\u00f3 su inocencia al calificar la c\u00e1mara oculta como \u201cuna cama\u201d y explic\u00f3 que ese dinero recibido se trat\u00f3 de una \u201cdonaci\u00f3n\u201d registrada en los libros contables.<\/p>\n<\/div>\n<p><\/main><\/div>\n<\/div>\n","protected":false},"excerpt":{"rendered":"<p>14 de agosto 2025 El Tribunal de \u00c9tica no le aplicar\u00e1 ninguna sanci\u00f3n al dirigente que est\u00e1 de licencia desde que se difundi\u00f3 un video en el que aceptaba una presunta coima de la mam\u00e1 de un juvenil. El\u00a0Tribunal de \u00c9tica de la AFA\u00a0decidi\u00f3 este jueves no sancionar a\u00a0Marcelo Moretti, quien\u00a0podr\u00e1 volver a asumir la &hellip;<\/p>\n","protected":false},"author":2,"featured_media":23758,"comment_status":"open","ping_status":"open","sticky":false,"template":"","format":"standard","meta":{"footnotes":""},"categories":[72],"tags":[],"class_list":["post-23757","post","type-post","status-publish","format-standard","has-post-thumbnail","hentry","category-futbol-puro"],"_links":{"self":[{"href":"https:\/\/www.sportchaco.com.ar\/index.php?rest_route=\/wp\/v2\/posts\/23757","targetHints":{"allow":["GET"]}}],"collection":[{"href":"https:\/\/www.sportchaco.com.ar\/index.php?rest_route=\/wp\/v2\/posts"}],"about":[{"href":"https:\/\/www.sportchaco.com.ar\/index.php?rest_route=\/wp\/v2\/types\/post"}],"author":[{"embeddable":true,"href":"https:\/\/www.sportchaco.com.ar\/index.php?rest_route=\/wp\/v2\/users\/2"}],"replies":[{"embeddable":true,"href":"https:\/\/www.sportchaco.com.ar\/index.php?rest_route=%2Fwp%2Fv2%2Fcomments&post=23757"}],"version-history":[{"count":1,"href":"https:\/\/www.sportchaco.com.ar\/index.php?rest_route=\/wp\/v2\/posts\/23757\/revisions"}],"predecessor-version":[{"id":23759,"href":"https:\/\/www.sportchaco.com.ar\/index.php?rest_route=\/wp\/v2\/posts\/23757\/revisions\/23759"}],"wp:featuredmedia":[{"embeddable":true,"href":"https:\/\/www.sportchaco.com.ar\/index.php?rest_route=\/wp\/v2\/media\/23758"}],"wp:attachment":[{"href":"https:\/\/www.sportchaco.com.ar\/index.php?rest_route=%2Fwp%2Fv2%2Fmedia&parent=23757"}],"wp:term":[{"taxonomy":"category","embeddable":true,"href":"https:\/\/www.sportchaco.com.ar\/index.php?rest_route=%2Fwp%2Fv2%2Fcategories&post=23757"},{"taxonomy":"post_tag","embeddable":true,"href":"https:\/\/www.sportchaco.com.ar\/index.php?rest_route=%2Fwp%2Fv2%2Ftags&post=23757"}],"curies":[{"name":"wp","href":"https:\/\/api.w.org\/{rel}","templated":true}]}}