{"id":23773,"date":"2025-08-15T06:57:48","date_gmt":"2025-08-15T09:57:48","guid":{"rendered":"https:\/\/www.sportchaco.com.ar\/?p=23773"},"modified":"2025-08-15T06:58:17","modified_gmt":"2025-08-15T09:58:17","slug":"regatas-tuvo-su-media-day","status":"publish","type":"post","link":"https:\/\/www.sportchaco.com.ar\/?p=23773","title":{"rendered":"Regatas tuvo su Media Day"},"content":{"rendered":"<p><strong>15-08-2025<\/strong><\/p>\n<p><img loading=\"lazy\" decoding=\"async\" class=\"aligncenter size-large wp-image-20161\" src=\"https:\/\/www.sportchaco.com.ar\/wp-content\/uploads\/2025\/06\/BANNER-WEB-CHACO-JUEGA_720x90-1024x128.gif\" alt=\"\" width=\"1024\" height=\"128\" srcset=\"https:\/\/www.sportchaco.com.ar\/wp-content\/uploads\/2025\/06\/BANNER-WEB-CHACO-JUEGA_720x90-1024x128.gif 1024w, https:\/\/www.sportchaco.com.ar\/wp-content\/uploads\/2025\/06\/BANNER-WEB-CHACO-JUEGA_720x90-300x38.gif 300w, https:\/\/www.sportchaco.com.ar\/wp-content\/uploads\/2025\/06\/BANNER-WEB-CHACO-JUEGA_720x90-768x96.gif 768w\" sizes=\"auto, (max-width: 1024px) 100vw, 1024px\" \/><\/p>\n<p>En el remodelado estadio central del club Regatas Resistencia, se present\u00f3 oficialmente el equipo principal que participar\u00e1 del Pre \u2013 Federal 2025 y el Torneo Clausura de Resistencia, habiendo nombres de jerarqu\u00eda como los regresos de Bruno Galassi y Federico Hoferek, como as\u00ed tambi\u00e9n jugadores de las formativas o \u201ccantera\u201d de la instituci\u00f3n, reflejando la fuerte apuesta y con resultados tanto en formativas y en Primera.<\/p>\n<p><strong>\u201cTenemos muchas expectativas\u201d<br \/>\n<\/strong>En la apertura de la conferencia de prensa, el presidente de Regatas Resistencia, Leandro Eschoyez, felicit\u00f3 \u201ca los dirigentes de la Subcomisi\u00f3n y los padres que nos acompa\u00f1an d\u00eda a d\u00eda; damos la bienvenida a los jugadores que se suman al equipo de Primera, por lo que tenemos muchas expectativas; agradecimiento al personal del club, felicitaciones a todos y a seguir por este camino\u201d.<\/p>\n<figure class=\"wp-block-image size-large\"><a href=\"https:\/\/baskettotal.com.ar\/wp-content\/uploads\/2025\/08\/3.jpg\"><img loading=\"lazy\" decoding=\"async\" class=\"lazy wp-image-28224 lazy-loaded\" src=\"https:\/\/baskettotal.com.ar\/wp-content\/uploads\/2025\/08\/3-1024x487.jpg\" sizes=\"auto, (max-width: 1024px) 100vw, 1024px\" srcset=\"https:\/\/baskettotal.com.ar\/wp-content\/uploads\/2025\/08\/3-1024x487.jpg 1024w, https:\/\/baskettotal.com.ar\/wp-content\/uploads\/2025\/08\/3-300x143.jpg 300w, https:\/\/baskettotal.com.ar\/wp-content\/uploads\/2025\/08\/3-768x366.jpg 768w, https:\/\/baskettotal.com.ar\/wp-content\/uploads\/2025\/08\/3.jpg 1040w\" alt=\"\" width=\"1024\" height=\"487\" data-lazy-type=\"image\" data-lazy-src=\"https:\/\/baskettotal.com.ar\/wp-content\/uploads\/2025\/08\/3-1024x487.jpg\" data-lazy-srcset=\"https:\/\/baskettotal.com.ar\/wp-content\/uploads\/2025\/08\/3-1024x487.jpg 1024w, https:\/\/baskettotal.com.ar\/wp-content\/uploads\/2025\/08\/3-300x143.jpg 300w, https:\/\/baskettotal.com.ar\/wp-content\/uploads\/2025\/08\/3-768x366.jpg 768w, https:\/\/baskettotal.com.ar\/wp-content\/uploads\/2025\/08\/3.jpg 1040w\" data-lazy-sizes=\"(max-width: 1024px) 100vw, 1024px\" \/><\/a><\/figure>\n<p><strong>\u201cUna inversi\u00f3n gigantesca\u201d<br \/>\n<\/strong>A su turno, el presidente de la Subcomisi\u00f3n de B\u00e1squet de Regatas, Dimas Segovia, fue contundente al destacar el trabajo que se hizo en el estadio central (lugar donde se hizo este evento).\u201cTenemos una cancha para mucho tiempo, una inversi\u00f3n gigantesca y esto nos da fuerzas para seguir adelante\u201d, remarcando adem\u00e1s el trabajo del U17 donde Regatas gan\u00f3 la licitaci\u00f3n y albergar\u00e1 uno de los cuadrangulares de semifinales de la Liga Federal de Formativas.<\/p>\n<p><strong>REGATAS 110 A\u00d1OS<br \/>\n<\/strong>Por su parte, otro de los factores indispensables del b\u00e1squet \u201cremero\u201d, Mauro La Regina, destac\u00f3 la gran apuesta deportiva que se da con \u201cjugadores del club y armando el proyecto REGATAS 110 A\u00d1OS, donde nos planteamos metas con chicos del club en esta oportunidad, incentivar la competencia en todas las categor\u00edas formativas, hacer un buen Pre \u2013 Federal y llegar a la Liga Federal\u201d.<\/p>\n<p><strong>\u201cEquipo con mucho sentido de pertenencia\u201d<br \/>\n<\/strong>Tambi\u00e9n, el entrenador principal de Primera y coordinador de todo el b\u00e1squet de Regatas, Milton Jovanovich, , manifest\u00f3 \u201cestamos felices porque consideramos que tenemos un equipo con mucho sentido de pertenencia y la gente con esto se va a entusiasmar mucho\u201d, remarcando el regreso de jugadores que son del club como Bruno Galassi y Federico Hoferek, como as\u00ed tambi\u00e9n la llegada de Braian Maglier\u201d.<\/p>\n<p>\u201cEl torneo (Pre \u2013 Federal) ser\u00e1 muy competitivo, las localias van a ser fundamentales, nosotros buscaremos hacernos fuertes, ; ir partido a partido y el certamen nos dir\u00e1 para que estamos\u201d, finaliz\u00f3 Jovanovich.<\/p>\n<figure class=\"wp-block-image size-large\"><\/figure>\n<figure class=\"wp-block-image size-large\"><a href=\"https:\/\/baskettotal.com.ar\/wp-content\/uploads\/2025\/08\/5-1.jpg\"><img loading=\"lazy\" decoding=\"async\" class=\"lazy wp-image-28226 lazy-loaded\" src=\"https:\/\/baskettotal.com.ar\/wp-content\/uploads\/2025\/08\/5-1-1024x652.jpg\" sizes=\"auto, (max-width: 1024px) 100vw, 1024px\" srcset=\"https:\/\/baskettotal.com.ar\/wp-content\/uploads\/2025\/08\/5-1-1024x652.jpg 1024w, https:\/\/baskettotal.com.ar\/wp-content\/uploads\/2025\/08\/5-1-300x191.jpg 300w, https:\/\/baskettotal.com.ar\/wp-content\/uploads\/2025\/08\/5-1-768x489.jpg 768w, https:\/\/baskettotal.com.ar\/wp-content\/uploads\/2025\/08\/5-1-95x60.jpg 95w, https:\/\/baskettotal.com.ar\/wp-content\/uploads\/2025\/08\/5-1.jpg 1040w\" alt=\"\" width=\"1024\" height=\"652\" data-lazy-type=\"image\" data-lazy-src=\"https:\/\/baskettotal.com.ar\/wp-content\/uploads\/2025\/08\/5-1-1024x652.jpg\" data-lazy-srcset=\"https:\/\/baskettotal.com.ar\/wp-content\/uploads\/2025\/08\/5-1-1024x652.jpg 1024w, https:\/\/baskettotal.com.ar\/wp-content\/uploads\/2025\/08\/5-1-300x191.jpg 300w, https:\/\/baskettotal.com.ar\/wp-content\/uploads\/2025\/08\/5-1-768x489.jpg 768w, https:\/\/baskettotal.com.ar\/wp-content\/uploads\/2025\/08\/5-1-95x60.jpg 95w, https:\/\/baskettotal.com.ar\/wp-content\/uploads\/2025\/08\/5-1.jpg 1040w\" data-lazy-sizes=\"(max-width: 1024px) 100vw, 1024px\" \/><\/a><\/figure>\n<p><strong>\u201cMucha calidad individual\u201d<br \/>\n<\/strong>Una de las incorporaciones de jerarqu\u00eda de Regatas para este Pre \u2013 Federal 2025 y todo lo que se viene es Braian Maglier, expresando \u201cpreparado para arrancar de la mejor manera y ahora con equipo mas largo; siento que tenemos que dar lo mejor de cada uno\u201d, a\u00f1adiendo que \u201cal equipo lo veo bien, es un muy buen grupo con mucha calidad individual; buscaremos llegar lo m\u00e1s lejos posible en los dos torneos que disputemos\u201d.<\/p>\n<p><strong>\u201cVamos a jugar de igual a igual contra todos\u201d<br \/>\n<\/strong>Por \u00faltimo, un jugador muy importante de Regatas y que pr\u00e1cticamente estuvo en todas las formativas del club es Fabricio Djurdjevic, afirmando que \u201cvenimos entrenando hace 6 semanas, estamos muy bien en la parte f\u00edsica, por lo que la preparaci\u00f3n fue muy buena; el Pre \u2013 Federal es un certamen muy duro, hay mucho rece, nosotros respetamos a todos los equipos por igual y vamos a jugar de igual a igual contra todos\u201d, concluy\u00f3.<\/p>\n<p><strong>EL DEBUT<br \/>\n<\/strong>En lo que ser\u00e1 su primer juego de este Pre \u2013 Federal 2025, Regatas Resistencia recibe en su estadio este viernes 15, a partir de las 21, 30 horas, a su par de Social de Las Bre\u00f1as, en lo que ser\u00e1 un juego correspondiente al grupo A. Los \u00e1rbitros para este partido ser\u00e1n Iv\u00e1n Huck y Mart\u00edn Herr\u00e1ez; como comisionada t\u00e9cnica estar\u00e1 Carolina Ferrer.<\/p>\n<p><img loading=\"lazy\" decoding=\"async\" class=\"aligncenter size-large wp-image-20515\" src=\"https:\/\/www.sportchaco.com.ar\/wp-content\/uploads\/2025\/06\/Banners-creditos-otorgados-al-campo_1080x1350-819x1024.gif\" alt=\"\" width=\"819\" height=\"1024\" srcset=\"https:\/\/www.sportchaco.com.ar\/wp-content\/uploads\/2025\/06\/Banners-creditos-otorgados-al-campo_1080x1350-819x1024.gif 819w, https:\/\/www.sportchaco.com.ar\/wp-content\/uploads\/2025\/06\/Banners-creditos-otorgados-al-campo_1080x1350-240x300.gif 240w, https:\/\/www.sportchaco.com.ar\/wp-content\/uploads\/2025\/06\/Banners-creditos-otorgados-al-campo_1080x1350-768x960.gif 768w, https:\/\/www.sportchaco.com.ar\/wp-content\/uploads\/2025\/06\/Banners-creditos-otorgados-al-campo_1080x1350-1229x1536.gif 1229w, https:\/\/www.sportchaco.com.ar\/wp-content\/uploads\/2025\/06\/Banners-creditos-otorgados-al-campo_1080x1350-1639x2048.gif 1639w\" sizes=\"auto, (max-width: 819px) 100vw, 819px\" \/><\/p>\n","protected":false},"excerpt":{"rendered":"<p>15-08-2025 En el remodelado estadio central del club Regatas Resistencia, se present\u00f3 oficialmente el equipo principal que participar\u00e1 del Pre \u2013 Federal 2025 y el Torneo Clausura de Resistencia, habiendo nombres de jerarqu\u00eda como los regresos de Bruno Galassi y Federico Hoferek, como as\u00ed tambi\u00e9n jugadores de las formativas o \u201ccantera\u201d de la instituci\u00f3n, reflejando &hellip;<\/p>\n","protected":false},"author":3,"featured_media":23774,"comment_status":"open","ping_status":"open","sticky":false,"template":"","format":"standard","meta":{"footnotes":""},"categories":[3],"tags":[],"class_list":["post-23773","post","type-post","status-publish","format-standard","has-post-thumbnail","hentry","category-basquetbol"],"_links":{"self":[{"href":"https:\/\/www.sportchaco.com.ar\/index.php?rest_route=\/wp\/v2\/posts\/23773","targetHints":{"allow":["GET"]}}],"collection":[{"href":"https:\/\/www.sportchaco.com.ar\/index.php?rest_route=\/wp\/v2\/posts"}],"about":[{"href":"https:\/\/www.sportchaco.com.ar\/index.php?rest_route=\/wp\/v2\/types\/post"}],"author":[{"embeddable":true,"href":"https:\/\/www.sportchaco.com.ar\/index.php?rest_route=\/wp\/v2\/users\/3"}],"replies":[{"embeddable":true,"href":"https:\/\/www.sportchaco.com.ar\/index.php?rest_route=%2Fwp%2Fv2%2Fcomments&post=23773"}],"version-history":[{"count":1,"href":"https:\/\/www.sportchaco.com.ar\/index.php?rest_route=\/wp\/v2\/posts\/23773\/revisions"}],"predecessor-version":[{"id":23775,"href":"https:\/\/www.sportchaco.com.ar\/index.php?rest_route=\/wp\/v2\/posts\/23773\/revisions\/23775"}],"wp:featuredmedia":[{"embeddable":true,"href":"https:\/\/www.sportchaco.com.ar\/index.php?rest_route=\/wp\/v2\/media\/23774"}],"wp:attachment":[{"href":"https:\/\/www.sportchaco.com.ar\/index.php?rest_route=%2Fwp%2Fv2%2Fmedia&parent=23773"}],"wp:term":[{"taxonomy":"category","embeddable":true,"href":"https:\/\/www.sportchaco.com.ar\/index.php?rest_route=%2Fwp%2Fv2%2Fcategories&post=23773"},{"taxonomy":"post_tag","embeddable":true,"href":"https:\/\/www.sportchaco.com.ar\/index.php?rest_route=%2Fwp%2Fv2%2Ftags&post=23773"}],"curies":[{"name":"wp","href":"https:\/\/api.w.org\/{rel}","templated":true}]}}