{"id":23776,"date":"2025-08-15T12:34:22","date_gmt":"2025-08-15T15:34:22","guid":{"rendered":"https:\/\/www.sportchaco.com.ar\/?p=23776"},"modified":"2025-08-15T12:34:22","modified_gmt":"2025-08-15T15:34:22","slug":"hector-gomez-y-una-mirada-amplia-de-for-ever","status":"publish","type":"post","link":"https:\/\/www.sportchaco.com.ar\/?p=23776","title":{"rendered":"H\u00e9ctor G\u00f3mez y una mirada amplia de For Ever"},"content":{"rendered":"<p><strong>15-08-2025<\/strong><\/p>\n<p><img loading=\"lazy\" decoding=\"async\" class=\"aligncenter size-large wp-image-19472\" src=\"https:\/\/www.sportchaco.com.ar\/wp-content\/uploads\/2025\/05\/Red-de-empeleos-1200x200-1-1024x171.gif\" alt=\"\" width=\"1024\" height=\"171\" srcset=\"https:\/\/www.sportchaco.com.ar\/wp-content\/uploads\/2025\/05\/Red-de-empeleos-1200x200-1-1024x171.gif 1024w, https:\/\/www.sportchaco.com.ar\/wp-content\/uploads\/2025\/05\/Red-de-empeleos-1200x200-1-300x50.gif 300w, https:\/\/www.sportchaco.com.ar\/wp-content\/uploads\/2025\/05\/Red-de-empeleos-1200x200-1-768x128.gif 768w, https:\/\/www.sportchaco.com.ar\/wp-content\/uploads\/2025\/05\/Red-de-empeleos-1200x200-1-1536x256.gif 1536w, https:\/\/www.sportchaco.com.ar\/wp-content\/uploads\/2025\/05\/Red-de-empeleos-1200x200-1-2048x341.gif 2048w\" sizes=\"auto, (max-width: 1024px) 100vw, 1024px\" \/><\/p>\n<p>En la tarde del jueves, el programa deportivo \u201cOffside\u201d, que se emite por radio <em>Provincia (101.5)<\/em> de lunes a viernes de 18 a 20, recibi\u00f3 la visita del presidente de Chaco For Ever, H\u00e9ctor G\u00f3mez.<\/p>\n<p>En una entrevista muy completa, el mandatario del \u201cnegro\u201d habl\u00f3 de todos los temas; el presente del equipo en la Primera Nacional, la continuidad de Pancaldo, el predio, los objetivos del equipo y del club, el acompa\u00f1amiento de la gente y socios del \u201calbinegro\u201d.<\/p>\n<p><strong>EL PARTIDO ANTE LOS MENDOCINOS<\/strong><br \/>\n\u201cAl partido con Gimnasia de Mendoza no llegamos armados como otras veces, pero son cosas del f\u00fatbol, puede pasar. De por s\u00ed ya es dif\u00edcil ganarle a este Gimnasia. En los d\u00edas previos yo siempre lo dije, jug\u00e1bamos contra un rival que es candidato y el domingo lo demostr\u00f3, vino a jugar como uno\u201d.<\/p>\n<p>\u201cLo que tranquilo me deja, que estuvimos a la altura, que, a pesar de los cambios, la cantidad de cambios que hubo que hacer, obligadamente estuvimos a la altura, los muchachos dejaron todo, pero s\u00ed, jugamos ante un rival que tiene la jerarqu\u00eda para buscar el ascenso desde todo punto de vista. Entonces no iba a ser f\u00e1cil y sab\u00edamos que esto pod\u00eda pasar, por eso no hay que enloquecerse, falta mucho todav\u00eda, por ah\u00ed la gente se subi\u00f3 a un colectivo que no es y me parece que por un lado este golpazo vino bien tambi\u00e9n\u201d.<\/p>\n<p>\u201cTodos quer\u00edamos ganar y quedar punteros, pero no se dio. Hay que estar tranquilos, nuestro campeonato va a ser duro y dif\u00edcil en lo que queda del a\u00f1o, el domingo fue una prueba de lo que va a ser de ac\u00e1 hasta el final, nada va a ser f\u00e1cil contra rivales muy dif\u00edciles, nosotros tenemos rivales muy dif\u00edciles de ac\u00e1 hasta el final y complicad\u00edsimo para lograr nuestra clasificaci\u00f3n. No es que uno es negativo ni nada, sino que es la realidad, nosotros no podemos mentirle a la gente. El mundo que nos toca vivir a nosotros es este y hay que estar con los pies sobre la tierra\u201d.<\/p>\n<p><strong>EL BALANCE<\/strong><br \/>\n\u201cFalta una eternidad todav\u00eda, aunque no parece as\u00ed para terminar el a\u00f1o, para hacer un balance falta. Despu\u00e9s si, ten\u00e9s que parar la pelota. Nosotros igual ya estamos trabajando con Ricardo (Pancaldo) en el a\u00f1o que viene, ir con tiempo, de a poco y hacer cosas que no hicimos otros a\u00f1os y ser m\u00e1s precavido\u201d.<\/p>\n<p>\u201cA\u00f1os anteriores nosotros estuvimos mirando resultados o mirando la tabla. Era fecha tras fecha. Recuerdo que tuve un enojo muy grande en Buenos Aires el d\u00eda que erramos el penal sobre la hora y que empatamos; ese triunfo, quiz\u00e1s, a nosotros nos daba la salvaci\u00f3n de todo. Con esta \u00faltima derrota miramos para abajo que gan\u00f3 el otro y tenemos una diferencia enorme igual. Pero vos ten\u00e9s la psicosis del a\u00f1o anterior, donde peleamos palma a palmo un descenso entre tres, cuatro equipos y la viv\u00eds con la calculadora. So\u00f1\u00e1s con la calculadora\u201d.<\/p>\n<p>\u201cHoy la realidad es otra, el descenso ya lo dejamos atr\u00e1s. Hemos cumplido con el primer objetivo, el de quedarnos en la categor\u00eda. Ahora tenemos como objetivo quedarnos en el Reducido y clasificar a la Copa Argentina\u201d.<\/p>\n<p><strong>LA COPA ARGENTINA Y EL ACOMPA\u00d1AMIENTO DE LA GENTE<\/strong><br \/>\n\u201cLa Copa Argentina es un problema, lo sigo pensando, pero es un pensamiento personal, no del club. Ahora como el objetivo es entrar al Reducido, una cosa te lleva a la otra. As\u00ed que, si la jugamos, bienvenido sea. Tambi\u00e9n es cierto que una cosa es ver a la Copa Argentina desde el Federal \u201cA\u201d y otra desde la Primera Nacional, donde competitivamente est\u00e1s m\u00e1s parejo con la Primera. En el Federal es m\u00e1s la fantas\u00eda de que te televisen. Estando en Primera Nacional nosotros llegamos hasta octavos, ese partido con Rosario Central nos ayud\u00f3 a levantar desde lo an\u00edmico y eso que lo fuimos a jugar sin entrenador, dirigi\u00f3 Marcelo Carrasca, sin preparador f\u00edsico, hicimos lo que pudimos y lo ganamos. Despu\u00e9s cerramos el a\u00f1o con buenos partidos y salvando la categor\u00eda\u201d.<\/p>\n<p>\u201cLos partidos con Col\u00f3n de las \u00faltimas veces fue cuando m\u00e1s gente hubo, ahora esper\u00e1bamos mucha m\u00e1s gente de la que fue a la cancha el domingo. Me sorprende, porque las condiciones daban para m\u00e1s acompa\u00f1amiento, a tres puntos del puntero, jugamos contra ellos, pod\u00edamos quedar primeros o segundos y te preguntas, <em>\u00bfQu\u00e9 m\u00e1s quer\u00e9s para ir a ver a For Ever?;<\/em> Cuando estuvimos 20 fechas \u00faltimos los a\u00f1os anteriores iba m\u00e1s gente, eso es lo que no se entiende, m\u00e1s all\u00e1 de la situaci\u00f3n econ\u00f3mica que atraviesa el pa\u00eds. El hincha nos acompa\u00f1\u00f3 m\u00e1s en el descenso que ahora. Adem\u00e1s, nosotros no aumentamos el precio de las entradas, estamos dos mil pesos abajo del m\u00ednimo que nos pone AFA. Ca\u00edmos en la cantidad de socios, en la venta de entradas, pero este a\u00f1o no atamos muchas cosas para poder solventarlas con la recaudaci\u00f3n, planificamos de otra manera para cubrir ciertos gastos\u201d.<\/p>\n<p><strong>LA CONTINUIDAD DE PANCALDO<\/strong><br \/>\n\u201cPara llegar a la extensi\u00f3n de contrato con Ricardo, ayudaron mucho los resultados. Pero somos conscientes que a fin de a\u00f1o muchos van a venir a buscarlo. Por m\u00e1s papeles que est\u00e9n firmados, en diciembre hay que sentarse a hablar otra vez con \u00e9l, porque hay que reajustar muchas cosas. \u00c9l est\u00e1 a gusto, hace lo que quiere ac\u00e1, trabaja tranquilo. Encontr\u00f3 su lugar ac\u00e1. En el club es muy querido, pero por todos, debe ser el \u00fanico t\u00e9cnico con el que pasa eso. Ojal\u00e1 lo podamos tener muchos a\u00f1os m\u00e1s, pero es su trabajo y eso lo entendemos y a nosotros nos ayud\u00f3 mucho estos resultados para aguantarlo y poder seguir trabajando mucho\u201d.<\/p>\n<p><strong>EL PREDIO Y SUS OBRAS<\/strong><br \/>\n\u201cEn estos d\u00edas fuimos con un ingeniero agr\u00f3nomo que estaba trabajando en la cancha de Libertad de Paraguay, en la cancha de Lan\u00fas y estuvo en el predio de Boca realizando trabajos para que haga lo propio con el nuestro, lo necesitamos. Vio el predio y ahora queremos que asesore a nuestra gente, si podemos trabajar con \u00e9l y empezar a hacer una inversi\u00f3n que nos permita entrenar ah\u00ed y dejar ese predio en las mejores condiciones, es esencial para los objetivos que tenemos como club. Ahora estamos construyendo un nuevo gimnasio, m\u00e1s grande del que ya tenemos. El hecho de tener el lugar no alcanza, hay que trabajarlo y hacerlo crecer, hay que invertir\u201d.<\/p>\n<p><img loading=\"lazy\" decoding=\"async\" class=\"aligncenter size-full wp-image-21076\" src=\"https:\/\/www.sportchaco.com.ar\/wp-content\/uploads\/2025\/06\/Campo-250x250-05-1.gif\" alt=\"\" width=\"521\" height=\"521\" \/><\/p>\n","protected":false},"excerpt":{"rendered":"<p>15-08-2025 En la tarde del jueves, el programa deportivo \u201cOffside\u201d, que se emite por radio Provincia (101.5) de lunes a viernes de 18 a 20, recibi\u00f3 la visita del presidente de Chaco For Ever, H\u00e9ctor G\u00f3mez. En una entrevista muy completa, el mandatario del \u201cnegro\u201d habl\u00f3 de todos los temas; el presente del equipo en &hellip;<\/p>\n","protected":false},"author":3,"featured_media":23777,"comment_status":"open","ping_status":"open","sticky":false,"template":"","format":"standard","meta":{"footnotes":""},"categories":[5],"tags":[],"class_list":["post-23776","post","type-post","status-publish","format-standard","has-post-thumbnail","hentry","category-futbol"],"_links":{"self":[{"href":"https:\/\/www.sportchaco.com.ar\/index.php?rest_route=\/wp\/v2\/posts\/23776","targetHints":{"allow":["GET"]}}],"collection":[{"href":"https:\/\/www.sportchaco.com.ar\/index.php?rest_route=\/wp\/v2\/posts"}],"about":[{"href":"https:\/\/www.sportchaco.com.ar\/index.php?rest_route=\/wp\/v2\/types\/post"}],"author":[{"embeddable":true,"href":"https:\/\/www.sportchaco.com.ar\/index.php?rest_route=\/wp\/v2\/users\/3"}],"replies":[{"embeddable":true,"href":"https:\/\/www.sportchaco.com.ar\/index.php?rest_route=%2Fwp%2Fv2%2Fcomments&post=23776"}],"version-history":[{"count":1,"href":"https:\/\/www.sportchaco.com.ar\/index.php?rest_route=\/wp\/v2\/posts\/23776\/revisions"}],"predecessor-version":[{"id":23786,"href":"https:\/\/www.sportchaco.com.ar\/index.php?rest_route=\/wp\/v2\/posts\/23776\/revisions\/23786"}],"wp:featuredmedia":[{"embeddable":true,"href":"https:\/\/www.sportchaco.com.ar\/index.php?rest_route=\/wp\/v2\/media\/23777"}],"wp:attachment":[{"href":"https:\/\/www.sportchaco.com.ar\/index.php?rest_route=%2Fwp%2Fv2%2Fmedia&parent=23776"}],"wp:term":[{"taxonomy":"category","embeddable":true,"href":"https:\/\/www.sportchaco.com.ar\/index.php?rest_route=%2Fwp%2Fv2%2Fcategories&post=23776"},{"taxonomy":"post_tag","embeddable":true,"href":"https:\/\/www.sportchaco.com.ar\/index.php?rest_route=%2Fwp%2Fv2%2Ftags&post=23776"}],"curies":[{"name":"wp","href":"https:\/\/api.w.org\/{rel}","templated":true}]}}