{"id":23778,"date":"2025-08-15T12:23:41","date_gmt":"2025-08-15T15:23:41","guid":{"rendered":"https:\/\/www.sportchaco.com.ar\/?p=23778"},"modified":"2025-08-15T13:10:07","modified_gmt":"2025-08-15T16:10:07","slug":"don-bosco-se-presento-oficialmente-con-objetivos-claros-y-ambiciosos","status":"publish","type":"post","link":"https:\/\/www.sportchaco.com.ar\/?p=23778","title":{"rendered":"Don Bosco se present\u00f3 oficialmente de cara al Pre-Federal de B\u00e1squet"},"content":{"rendered":"<h1 class=\"story-title entry-title\"><strong style=\"font-size: 16px;\">15-08-2025<\/strong><\/h1>\n<p><img loading=\"lazy\" decoding=\"async\" class=\"aligncenter size-large wp-image-18571\" src=\"https:\/\/www.sportchaco.com.ar\/wp-content\/uploads\/2025\/04\/Chaco-si-n-fuego-2-940x90-3-1-1024x99.gif\" alt=\"\" width=\"1024\" height=\"99\" srcset=\"https:\/\/www.sportchaco.com.ar\/wp-content\/uploads\/2025\/04\/Chaco-si-n-fuego-2-940x90-3-1-1024x99.gif 1024w, https:\/\/www.sportchaco.com.ar\/wp-content\/uploads\/2025\/04\/Chaco-si-n-fuego-2-940x90-3-1-300x29.gif 300w, https:\/\/www.sportchaco.com.ar\/wp-content\/uploads\/2025\/04\/Chaco-si-n-fuego-2-940x90-3-1-768x74.gif 768w, https:\/\/www.sportchaco.com.ar\/wp-content\/uploads\/2025\/04\/Chaco-si-n-fuego-2-940x90-3-1-1536x148.gif 1536w\" sizes=\"auto, (max-width: 1024px) 100vw, 1024px\" \/><\/p>\n<div id=\"right-content\" class=\"relative\">\n<div id=\"content-area\" class=\"left relative\">\n<div id=\"tps_slideContainer_28232\" class=\"theiaPostSlider_slides\">\n<p>De cara al debut en el Pre\u2013Federal 2025 de Mayores, por la zona \u00abA\u00bb, el Centro Deportivo Don Bosco dar\u00e1 el salto inicial este viernes 15, a las 21:30 horas, cuando reciba a su par y rival complicado como lo es H\u00e9rcules de Charata.<\/p>\n<p>Para este juego, el \u00absalesiano\u00bb llega pr\u00e1cticamente con un equipo renovado, sum\u00e1ndose a sus fichas jugadores muy interesantes como Juan Cruz Cequeira, Franco Andreatta, Nahuel Hena\u00edn, Uriel Garc\u00eda, Facundo C\u00f3rdoba y Lucas Coronel. Como entrenador se apost\u00f3 por Juan Marcos \u00abTungui\u00bb Ferraris y en la preparaci\u00f3n f\u00edsica a Claudio R\u00edos.<\/p>\n<figure class=\"wp-block-image size-large\"><a href=\"https:\/\/baskettotal.com.ar\/wp-content\/uploads\/2025\/08\/DB-1.jpg\"><img loading=\"lazy\" decoding=\"async\" class=\"lazy lazy-loaded aligncenter wp-image-28234\" src=\"https:\/\/baskettotal.com.ar\/wp-content\/uploads\/2025\/08\/DB-1-1024x654.jpg\" sizes=\"auto, (max-width: 1024px) 100vw, 1024px\" srcset=\"https:\/\/baskettotal.com.ar\/wp-content\/uploads\/2025\/08\/DB-1-1024x654.jpg 1024w, https:\/\/baskettotal.com.ar\/wp-content\/uploads\/2025\/08\/DB-1-300x192.jpg 300w, https:\/\/baskettotal.com.ar\/wp-content\/uploads\/2025\/08\/DB-1-768x490.jpg 768w, https:\/\/baskettotal.com.ar\/wp-content\/uploads\/2025\/08\/DB-1-95x60.jpg 95w, https:\/\/baskettotal.com.ar\/wp-content\/uploads\/2025\/08\/DB-1.jpg 1040w\" alt=\"\" width=\"1024\" height=\"654\" data-lazy-type=\"image\" data-lazy-src=\"https:\/\/baskettotal.com.ar\/wp-content\/uploads\/2025\/08\/DB-1-1024x654.jpg\" data-lazy-srcset=\"https:\/\/baskettotal.com.ar\/wp-content\/uploads\/2025\/08\/DB-1-1024x654.jpg 1024w, https:\/\/baskettotal.com.ar\/wp-content\/uploads\/2025\/08\/DB-1-300x192.jpg 300w, https:\/\/baskettotal.com.ar\/wp-content\/uploads\/2025\/08\/DB-1-768x490.jpg 768w, https:\/\/baskettotal.com.ar\/wp-content\/uploads\/2025\/08\/DB-1-95x60.jpg 95w, https:\/\/baskettotal.com.ar\/wp-content\/uploads\/2025\/08\/DB-1.jpg 1040w\" data-lazy-sizes=\"(max-width: 1024px) 100vw, 1024px\" \/><\/a><\/figure>\n<p>Asimismo, se mantienen jugadores de jerarqu\u00eda como Facundo G\u00f3mez Brocal, Iv\u00e1n Lugo, Bautista Ram\u00edrez, Fabricio Alvarenga y el regreso del experimentado Marcos Gauna.<\/p>\n<p>Todos estos factores, indudablemente hacen que Don Bosco en la previa sea uno de los equipos duros de este certamen, buscando obviamente, como en estos tipos de cert\u00e1menes, hacerse muy fuerte de local y ocasionar da\u00f1o fuera de casa; es pr\u00e1cticamente una regla en este Pre\u2013Federal \u00abProvincial\u00bb.<\/p>\n<p><strong>\u00abConfiamos en hacer un buen papel\u00bb<br \/>\n<\/strong>Al hacer uso de la palabra, el presidente del Centro Deportivo Don Bosco, Iv\u00e1n Stoyanoff, expres\u00f3 que \u00abestamos muy contentos con el plantel que armamos y confiamos en hacer un buen papel en ambos certamen, tanto en el Pre \u2013 Federal como en el Asociativo pr\u00f3ximo a iniciar\u00bb, remarcando a su vez que \u00abagradecemos a nuestros sponsors y en especial a Loter\u00eda Chaque\u00f1a, Instituto del deporte Chaque\u00f1o y Nuevo Banco del Chaco por el apoyo a nuestra instituci\u00f3n, adem\u00e1s de agradecer a los privados que apuestan por nuestra instituci\u00f3n\u00bb.<\/p>\n<figure class=\"wp-block-image size-full\"><a href=\"https:\/\/baskettotal.com.ar\/wp-content\/uploads\/2025\/08\/DB-3.jpg\"><img loading=\"lazy\" decoding=\"async\" class=\"lazy lazy-loaded aligncenter wp-image-28233\" src=\"https:\/\/baskettotal.com.ar\/wp-content\/uploads\/2025\/08\/DB-3.jpg\" sizes=\"auto, (max-width: 784px) 100vw, 784px\" srcset=\"https:\/\/baskettotal.com.ar\/wp-content\/uploads\/2025\/08\/DB-3.jpg 784w, https:\/\/baskettotal.com.ar\/wp-content\/uploads\/2025\/08\/DB-3-300x298.jpg 300w, https:\/\/baskettotal.com.ar\/wp-content\/uploads\/2025\/08\/DB-3-150x150.jpg 150w, https:\/\/baskettotal.com.ar\/wp-content\/uploads\/2025\/08\/DB-3-768x764.jpg 768w\" alt=\"\" width=\"784\" height=\"780\" data-lazy-type=\"image\" data-lazy-src=\"https:\/\/baskettotal.com.ar\/wp-content\/uploads\/2025\/08\/DB-3.jpg\" data-lazy-srcset=\"https:\/\/baskettotal.com.ar\/wp-content\/uploads\/2025\/08\/DB-3.jpg 784w, https:\/\/baskettotal.com.ar\/wp-content\/uploads\/2025\/08\/DB-3-300x298.jpg 300w, https:\/\/baskettotal.com.ar\/wp-content\/uploads\/2025\/08\/DB-3-150x150.jpg 150w, https:\/\/baskettotal.com.ar\/wp-content\/uploads\/2025\/08\/DB-3-768x764.jpg 768w\" data-lazy-sizes=\"(max-width: 784px) 100vw, 784px\" \/><\/a><\/figure>\n<p><strong>El debut<br \/>\n<\/strong>El Centro Deportivo Don Bosco debuta en casa este viernes 15, a partir de las 21, 30 horas, cuando reciba a su par de H\u00e9rcules de Charata. Los \u00e1rbitros para este partido ser\u00e1n Diego Acu\u00f1a y Juan Gonz\u00e1lez; Daniela Kessler estar\u00e1 como comisionada t\u00e9cnica. Fuente<\/p>\n<p><strong>Don Bosco (Resistencia)<br \/>\n<em>Mayores:<\/em><\/strong>\u00a0Fabricio Alvarenga; Franco Andreatta Brihuega; Facundo G\u00f3mez Brocal; Juan Cruz Cequeira; Facundo C\u00f3rdoba; Lucas Coronel; Uriel Garc\u00eda Cabr\u00e9; Marcos Gauna; Nahuel Hena\u00edn; Iv\u00e1n Lugo; Juan Ram\u00edrez; Mauricio Maderna.<br \/>\n<strong><em>Juveniles:<\/em><\/strong>\u00a0Lautaro Andreatta Brihuega; Gael Barraza; Ian Camnasio Kalyna; Juan Diego Colman; Juan Ignacio Gemetro; Briant L\u00f3pez; Santiago Mart\u00ednez; Ricardo Quiroga; Francisco Santander; Thiago Sin\u00f3polis; Juan Ignacio Spilere; Enzo Zacar\u00edas Del R\u00edo.<br \/>\n<strong><em>Director T\u00e9cnico:<\/em><\/strong>\u00a0Juan Marcos Ferraris.<\/p>\n<p><em><strong>Fotos: Gentileza Nahiara Pallares (Don Bosco).<\/strong><\/em><\/p>\n<\/div>\n<div class=\"post-tags post-tags-mobi\"><img loading=\"lazy\" decoding=\"async\" class=\"aligncenter size-full wp-image-19354\" src=\"https:\/\/www.sportchaco.com.ar\/wp-content\/uploads\/2025\/05\/BANNER-WEB-Qdenga-250x250-1.gif\" alt=\"\" width=\"521\" height=\"521\" \/><\/div>\n<\/div>\n<\/div>\n","protected":false},"excerpt":{"rendered":"<p>15-08-2025 De cara al debut en el Pre\u2013Federal 2025 de Mayores, por la zona \u00abA\u00bb, el Centro Deportivo Don Bosco dar\u00e1 el salto inicial este viernes 15, a las 21:30 horas, cuando reciba a su par y rival complicado como lo es H\u00e9rcules de Charata. Para este juego, el \u00absalesiano\u00bb llega pr\u00e1cticamente con un equipo &hellip;<\/p>\n","protected":false},"author":2,"featured_media":23781,"comment_status":"open","ping_status":"open","sticky":false,"template":"","format":"standard","meta":{"footnotes":""},"categories":[3],"tags":[],"class_list":["post-23778","post","type-post","status-publish","format-standard","has-post-thumbnail","hentry","category-basquetbol"],"_links":{"self":[{"href":"https:\/\/www.sportchaco.com.ar\/index.php?rest_route=\/wp\/v2\/posts\/23778","targetHints":{"allow":["GET"]}}],"collection":[{"href":"https:\/\/www.sportchaco.com.ar\/index.php?rest_route=\/wp\/v2\/posts"}],"about":[{"href":"https:\/\/www.sportchaco.com.ar\/index.php?rest_route=\/wp\/v2\/types\/post"}],"author":[{"embeddable":true,"href":"https:\/\/www.sportchaco.com.ar\/index.php?rest_route=\/wp\/v2\/users\/2"}],"replies":[{"embeddable":true,"href":"https:\/\/www.sportchaco.com.ar\/index.php?rest_route=%2Fwp%2Fv2%2Fcomments&post=23778"}],"version-history":[{"count":4,"href":"https:\/\/www.sportchaco.com.ar\/index.php?rest_route=\/wp\/v2\/posts\/23778\/revisions"}],"predecessor-version":[{"id":23792,"href":"https:\/\/www.sportchaco.com.ar\/index.php?rest_route=\/wp\/v2\/posts\/23778\/revisions\/23792"}],"wp:featuredmedia":[{"embeddable":true,"href":"https:\/\/www.sportchaco.com.ar\/index.php?rest_route=\/wp\/v2\/media\/23781"}],"wp:attachment":[{"href":"https:\/\/www.sportchaco.com.ar\/index.php?rest_route=%2Fwp%2Fv2%2Fmedia&parent=23778"}],"wp:term":[{"taxonomy":"category","embeddable":true,"href":"https:\/\/www.sportchaco.com.ar\/index.php?rest_route=%2Fwp%2Fv2%2Fcategories&post=23778"},{"taxonomy":"post_tag","embeddable":true,"href":"https:\/\/www.sportchaco.com.ar\/index.php?rest_route=%2Fwp%2Fv2%2Ftags&post=23778"}],"curies":[{"name":"wp","href":"https:\/\/api.w.org\/{rel}","templated":true}]}}