{"id":23783,"date":"2025-08-15T23:03:24","date_gmt":"2025-08-16T02:03:24","guid":{"rendered":"https:\/\/www.sportchaco.com.ar\/?p=23783"},"modified":"2025-08-16T19:59:23","modified_gmt":"2025-08-16T22:59:23","slug":"efemerides-del-16-de-agosto","status":"publish","type":"post","link":"https:\/\/www.sportchaco.com.ar\/?p=23783","title":{"rendered":"Efem\u00e9rides del 16 de agosto"},"content":{"rendered":"<div class=\"container fullwidth-entry-title-wrapper\">\n<div class=\"container-wrapper fullwidth-entry-title\">\n<header class=\"entry-header-outer\">\n<div class=\"entry-header\">\n<h1 class=\"post-title entry-title\"><\/h1>\n<div class=\"single-post-meta post-meta clearfix\"><\/div>\n<\/div>\n<\/header>\n<\/div>\n<\/div>\n<div id=\"content\" class=\"site-content container\">\n<div id=\"main-content-row\" class=\"tie-row main-content-row\">\n<div class=\"main-content tie-col-md-8 tie-col-xs-12\" role=\"main\">\n<article id=\"the-post\" class=\"container-wrapper post-content tie-standard\">\n<div class=\"featured-area\">\n<div class=\"featured-area-inner\"><\/div>\n<\/div>\n<div class=\"entry-content entry clearfix\">\n<p>&nbsp;<\/p>\n<p><strong>Esta es la Efem\u00e9rides del Deporte en el Chaco de un 16 de agosto periodista Luis Dar\u00edo Molodezky.<\/strong><\/p>\n<p><img loading=\"lazy\" decoding=\"async\" class=\"alignnone size-medium wp-image-23762 aligncenter\" src=\"https:\/\/www.sportchaco.com.ar\/wp-content\/uploads\/2025\/08\/Luis-Dario-11-08-2025-10-226x300.jpeg\" alt=\"\" width=\"226\" height=\"300\" srcset=\"https:\/\/www.sportchaco.com.ar\/wp-content\/uploads\/2025\/08\/Luis-Dario-11-08-2025-10-226x300.jpeg 226w, https:\/\/www.sportchaco.com.ar\/wp-content\/uploads\/2025\/08\/Luis-Dario-11-08-2025-10-771x1024.jpeg 771w, https:\/\/www.sportchaco.com.ar\/wp-content\/uploads\/2025\/08\/Luis-Dario-11-08-2025-10-768x1021.jpeg 768w, https:\/\/www.sportchaco.com.ar\/wp-content\/uploads\/2025\/08\/Luis-Dario-11-08-2025-10-1156x1536.jpeg 1156w, https:\/\/www.sportchaco.com.ar\/wp-content\/uploads\/2025\/08\/Luis-Dario-11-08-2025-10.jpeg 1204w\" sizes=\"auto, (max-width: 226px) 100vw, 226px\" \/><\/p>\n<p><strong>1958\u00a0<\/strong>\/ Se inicia en los salones del Club Social de Resistencia el Torneo Interprovincial de Esgrima \u201cVI Aniversario\u201d organizado por el C\u00edrculo de Armas \u201cGeneral San Mart\u00edn\u201d.<\/p>\n<p><strong>1960 \/\u00a0<\/strong>Nace Gabriel Milovich\u00a0 e<span style=\"color: #000000;\">n\u00a0<a style=\"color: #000000;\" href=\"https:\/\/es.wikipedia.org\/wiki\/Presidencia_Roque_S%C3%A1enz_Pe%C3%B1a\">Presidencia Roque S\u00e1enz Pe\u00f1a<\/a>,\u00a0<\/span>Exjugador <span style=\"color: #000000;\">de baloncesto de 2,02 metros. Adem\u00e1s de actuar profesionalmente en equipos de\u00a0<a style=\"color: #000000;\" href=\"https:\/\/es.wikipedia.org\/wiki\/Argentina\">Argentina<\/a>\u00a0y\u00a0<a style=\"color: #000000;\" href=\"https:\/\/es.wikipedia.org\/wiki\/Brasil\">Brasil<\/a>, represent\u00f3 a su pa\u00eds en la\u00a0<a style=\"color: #000000;\" href=\"https:\/\/es.wikipedia.org\/wiki\/Copa_Mundial_de_Baloncesto\">Copa Mundial de Baloncesto<\/a>\u00a0de\u00a0<a style=\"color: #000000;\" href=\"https:\/\/es.wikipedia.org\/wiki\/Copa_Mundial_de_Baloncesto_de_1986\">1986<\/a>\u00a0y\u00a0<a style=\"color: #000000;\" href=\"https:\/\/es.wikipedia.org\/wiki\/Copa_Mundial_de_Baloncesto_de_1990\">1990<\/a>\u00a0entre otros torneos. Jug\u00f3 para los seleccionados de Chaco de juveniles (campe\u00f3n en 1976) y mayores. En su trayectoria jug\u00f3 en\u00a0<a style=\"color: #000000;\" href=\"https:\/\/es.wikipedia.org\/w\/index.php?title=Uni%C3%B3n_Gimn%C3%A1stica_Sokol&amp;action=edit&amp;redlink=1\">Uni\u00f3n Gimn\u00e1stica Sokol<\/a>\u00a0(1973-1976),\u00a0<a style=\"color: #000000;\" href=\"https:\/\/es.wikipedia.org\/w\/index.php?title=Club_Uni%C3%B3n_Progresista&amp;action=edit&amp;redlink=1\">Uni\u00f3n Progresista<\/a>\u00a0(1977-1980);\u00a0<a style=\"color: #000000;\" href=\"https:\/\/es.wikipedia.org\/wiki\/Club_Atl%C3%A9tico_Obras_Sanitarias_de_la_Naci%C3%B3n\">Obras Sanitarias<\/a>\u00a0(1981-1985); Matilde Zacar\u00edas (1985);\u00a0<a style=\"color: #000000;\" href=\"https:\/\/es.wikipedia.org\/wiki\/Uni%C3%B3n_de_Santa_Fe\">Uni\u00f3n de Santa Fe<\/a>\u00a0(1986);\u00a0<a style=\"color: #000000;\" href=\"https:\/\/es.wikipedia.org\/wiki\/Club_Deportivo_San_Andr%C3%A9s_(Argentina)\">Deportivo San Andr\u00e9s<\/a>\u00a0(1987-1989);\u00a0<a style=\"color: #000000;\" href=\"https:\/\/es.wikipedia.org\/wiki\/Club_Gimnasia_y_Esgrima_(Comodoro_Rivadavia)\">Gimnasia y Esgrima<\/a>\u00a0(1990-1991) y\u00a0<a style=\"color: #000000;\" href=\"https:\/\/es.wikipedia.org\/wiki\/Club_de_Regatas_San_Nicol%C3%A1s\">Regatas San Nicol\u00e1s<\/a>\u00a0(1991-1994)<\/span><\/p>\n<p><strong>1970\u00a0<\/strong>\/ El pesista pluma chaque\u00f1o H\u00e9ctor Itonaga, bate el r\u00e9cord nacional de envi\u00f3n en su categor\u00eda, en la localidad de R\u00edo Cuarto, elevando la marca de 92 a 103 kilogramos. Ese mismo a\u00f1o, en un torneo de selecci\u00f3n nacional, estableci\u00f3 una nueva marca en los tres movimientos ol\u00edmpicos, totalizando 300 kilogramos. Logr\u00f3 estar entre los ocho mejores del mundo en 1973.<\/p>\n<p>&nbsp;<\/p>\n<p>&nbsp;<\/p>\n<p><strong>1971\u00a0<\/strong>\/ Inaugura su nueva sede de la Liga Saenzpe\u00f1ense de F\u00fatbol en Rivadavia 547, bajo la presidencia de H\u00e9ctor Ram\u00f3n Ovando. Durante su gesti\u00f3n, que se extendi\u00f3 desde el 7 de marzo de 1962 a 1973, tambi\u00e9n se obtuvo la Personer\u00eda Jur\u00eddica, se confeccion\u00f3 el Estatuto y se diagram\u00f3 el Reglamento General de la entidad.<\/p>\n<p><strong>1971\u00a0<\/strong>\/ Se firma la compra del predio por parte de Loter\u00eda Chaque\u00f1a, para ser destinado al Aut\u00f3dromo del Chaco. Firman el boleto F\u00e9lix Echezarreta en representaci\u00f3n de los propietarios y el presidente de Loter\u00eda, Luis B\u00e1rtoli. Se escritura el 1 de octubre de 1971 por un valor de 204.989,15 pesos. Se le entrega el terreno en comodato al Chaco Automoto Club.<\/p>\n<p><strong>1984\u00a0<\/strong>\/ El lanzador de jabalina chaque\u00f1o Jes\u00fas Vicente L\u00f3pez Ord\u00e1s integra la delegaci\u00f3n de Argentina que participa de la Espartakiadas en Mosc\u00fa.<\/p>\n<p><strong>1985\u00a0<\/strong>\/ Se realizan en las instalaciones de Hebraica Resistencia las justas deportivas nacionales denominadas Macabeadas. El esp\u00edritu de la comunidad jud\u00eda, es promover la amistad y camarader\u00eda a trav\u00e9s de las competencias en una amplia variedad de disciplinas.<\/p>\n<p><strong>1986\u00a0<\/strong>\/ El equipo chaque\u00f1o integrado por Oscar Rulfo y H\u00e9ctor Grillo, representando al Golf Club, gana la Pesca Internacional del Dorado en Paso de la Patria. La pieza mayor fue para Luis Schultz con 15,200 kilogramos.<\/p>\n<p><strong>1991\u00a0<\/strong>\/ Se pone en marca la primera edici\u00f3n del torneo Rutas Chaque\u00f1as, reservada para ciclistas Veteranos, con la organizaci\u00f3n del Club Ferm\u00edn Hidalgo, con un recorrido de 311 kil\u00f3metros, repartido en cuatro etapas y cont\u00f3 con grandes figuras nacionales y de pa\u00edses vecinos. El ganador, Oscar Jaime de Capital Federal.<\/p>\n<p>&nbsp;<\/p>\n<div class=\"html-div xdj266r x14z9mp xat24cr x1lziwak xexx8yu xyri2b x18d9i69 x1c1uobl\">\n<div class=\"html-div xdj266r x14z9mp xat24cr x1lziwak xexx8yu xyri2b x18d9i69 x1c1uobl\" dir=\"auto\">\n<div class=\"html-div xdj266r x14z9mp xat24cr x1lziwak xexx8yu xyri2b x18d9i69 x1c1uobl\" data-ad-rendering-role=\"story_message\">\n<div id=\"_r_vc5_\" class=\"x1l90r2v x1iorvi4 x1g0dm76 xpdmqnj\" data-ad-comet-preview=\"message\" data-ad-preview=\"message\">\n<div class=\"x78zum5 xdt5ytf xz62fqu x16ldp7u\">\n<div class=\"xu06os2 x1ok221b\">\n<div class=\"html-div xdj266r x14z9mp xat24cr x1lziwak xexx8yu xyri2b x18d9i69 x1c1uobl\">\n<div class=\"xdj266r x14z9mp xat24cr x1lziwak x1vvkbs x126k92a\"><\/div>\n<\/div>\n<\/div>\n<\/div>\n<\/div>\n<\/div>\n<\/div>\n<div id=\"_r_vc6_\" class=\"html-div xdj266r x14z9mp xat24cr x1lziwak xexx8yu xyri2b x18d9i69 x1c1uobl x1n2onr6\">\n<div class=\"html-div xdj266r x14z9mp xat24cr x1lziwak xexx8yu xyri2b x18d9i69 x1c1uobl x6ikm8r x10wlt62\">\n<p><strong>1921 \/<\/strong> Fallece Nelson Mart\u00ednez, extraordinario jugador que dej\u00f3 su sello en Regional, Sarmiento, All Boys y Ferro. Hab\u00eda nacido un\u00a0 30 de abril de 1930 en Obispo Trejo, C\u00f3rdoba. y desde los 3 a\u00f1os vivi\u00f3 en el Chaco. Se inici\u00f3 en Regional y jug\u00f3 desde los 17 a\u00f1os en primera. Tras un corto paso por Sarmiento fue transferido en 1953 a Ferro en 100 mil pesos, donde jug\u00f3 5 a\u00f1os. Luego tuvo un paso por All Boys. Volvi\u00f3 a Sarmiento donde se consagr\u00f3 campe\u00f3n en 1967. Jug\u00f3 oficialmente hasta los 41 a\u00f1os. Nunca dej\u00f3 de jugar con sus amigos. Fue DT del decano, Central Norte, Municipales, For Ever y fue campe\u00f3n en 1982 con Don Orione. Un talentoso volante, de exquisita pegada y elegancia.<\/p>\n<\/div>\n<\/div>\n<\/div>\n<div>\n<div class=\"xabvvm4 xeyy32k x1ia1hqs x1a2w583 x6ikm8r x10wlt62\" data-visualcompletion=\"ignore-dynamic\">\n<div>\n<div>\n<div>\n<div class=\"x1n2onr6\">\n<div class=\"x6s0dn4 xi81zsa x78zum5 x6prxxf x13a6bvl xvq8zen xdj266r xat24cr x1c1uobl xyri2b x80vd3b x1q0q8m5 xso031l x1diwwjn xbmvrgn x1y1aw1k x10b6aqq\">\n<div class=\"x6s0dn4 x78zum5 x1iyjqo2 x6ikm8r x10wlt62\">\n<p>&nbsp;<\/p>\n<div>\n<div class=\"x1i10hfl xjbqb8w x1ejq31n x18oe1m7 x1sy0etr xstzfhl x972fbf x10w94by x1qhh985 x14e42zd x9f619 x1ypdohk x3ct3a4 xdj266r x14z9mp xat24cr x1lziwak xexx8yu xyri2b x18d9i69 x1c1uobl x16tdsg8 x1hl2dhg xggy1nq x1fmog5m xu25z0z x140muxe xo1y3bh x1n2onr6 x87ps6o x1lku1pv x1a2a7pz x1heor9g xnl1qt8 x6ikm8r x10wlt62 x1vjfegm x1lliihq\" tabindex=\"0\" role=\"button\"><\/div>\n<\/div>\n<\/div>\n<div class=\"x1c4vz4f x2lah0s xci0xqf\"><\/div>\n<div class=\"x9f619 x1ja2u2z x78zum5 x2lah0s x1n2onr6 x1qughib x1qjc9v5 xozqiw3 x1q0g3np x1ws5yxj xw01apr x4cne27 xifccgj x123j3cw xs9asl8\"><\/div>\n<\/div>\n<\/div>\n<\/div>\n<\/div>\n<\/div>\n<\/div>\n<\/div>\n<p><strong>Foto portada: H\u00e9ctor Itonaga<\/strong><\/p>\n<p>&nbsp;<\/p>\n<\/div>\n<\/article>\n<\/div>\n<\/div>\n<\/div>\n","protected":false},"excerpt":{"rendered":"<p>&nbsp; Esta es la Efem\u00e9rides del Deporte en el Chaco de un 16 de agosto periodista Luis Dar\u00edo Molodezky. 1958\u00a0\/ Se inicia en los salones del Club Social de Resistencia el Torneo Interprovincial de Esgrima \u201cVI Aniversario\u201d organizado por el C\u00edrculo de Armas \u201cGeneral San Mart\u00edn\u201d. 1960 \/\u00a0Nace Gabriel Milovich\u00a0 en\u00a0Presidencia Roque S\u00e1enz Pe\u00f1a,\u00a0Exjugador de &hellip;<\/p>\n","protected":false},"author":2,"featured_media":23814,"comment_status":"open","ping_status":"open","sticky":false,"template":"","format":"standard","meta":{"footnotes":""},"categories":[38,45],"tags":[],"class_list":["post-23783","post","type-post","status-publish","format-standard","has-post-thumbnail","hentry","category-agosto","category-efemerides-dia-por-dia"],"_links":{"self":[{"href":"https:\/\/www.sportchaco.com.ar\/index.php?rest_route=\/wp\/v2\/posts\/23783","targetHints":{"allow":["GET"]}}],"collection":[{"href":"https:\/\/www.sportchaco.com.ar\/index.php?rest_route=\/wp\/v2\/posts"}],"about":[{"href":"https:\/\/www.sportchaco.com.ar\/index.php?rest_route=\/wp\/v2\/types\/post"}],"author":[{"embeddable":true,"href":"https:\/\/www.sportchaco.com.ar\/index.php?rest_route=\/wp\/v2\/users\/2"}],"replies":[{"embeddable":true,"href":"https:\/\/www.sportchaco.com.ar\/index.php?rest_route=%2Fwp%2Fv2%2Fcomments&post=23783"}],"version-history":[{"count":5,"href":"https:\/\/www.sportchaco.com.ar\/index.php?rest_route=\/wp\/v2\/posts\/23783\/revisions"}],"predecessor-version":[{"id":23853,"href":"https:\/\/www.sportchaco.com.ar\/index.php?rest_route=\/wp\/v2\/posts\/23783\/revisions\/23853"}],"wp:featuredmedia":[{"embeddable":true,"href":"https:\/\/www.sportchaco.com.ar\/index.php?rest_route=\/wp\/v2\/media\/23814"}],"wp:attachment":[{"href":"https:\/\/www.sportchaco.com.ar\/index.php?rest_route=%2Fwp%2Fv2%2Fmedia&parent=23783"}],"wp:term":[{"taxonomy":"category","embeddable":true,"href":"https:\/\/www.sportchaco.com.ar\/index.php?rest_route=%2Fwp%2Fv2%2Fcategories&post=23783"},{"taxonomy":"post_tag","embeddable":true,"href":"https:\/\/www.sportchaco.com.ar\/index.php?rest_route=%2Fwp%2Fv2%2Ftags&post=23783"}],"curies":[{"name":"wp","href":"https:\/\/api.w.org\/{rel}","templated":true}]}}