{"id":23833,"date":"2025-08-17T23:31:29","date_gmt":"2025-08-18T02:31:29","guid":{"rendered":"https:\/\/www.sportchaco.com.ar\/?p=23833"},"modified":"2025-08-17T23:32:00","modified_gmt":"2025-08-18T02:32:00","slug":"chaco-a-29-anos-del-titulo-argentino","status":"publish","type":"post","link":"https:\/\/www.sportchaco.com.ar\/?p=23833","title":{"rendered":"Hoy se cumplen 29 a\u00f1os del t\u00edtulo de Chaco en el Argentino 1996"},"content":{"rendered":"<header class=\"entry-header\">\n<h1 class=\"entry-title\">18-08-2025<\/h1>\n<h4 class=\"entry-meta\"><\/h4>\n<div><\/div>\n<\/header>\n<div class=\"entry-content\">\n<h5>Se cumplen 29 a\u00f1os del primer t\u00edtulo argentino obtenido por el seleccionado de Chaco. Fue el 18 de agosto de 1996 cuando, en un estadio de Regatas Resistencia desbordado de espectadores, el combinado provincial derrot\u00f3 a Santa Fe por 100 a 75 para cosechar el primer trofeo del \u201cM\u00e1s Argentino de los Campeonatos\u201d.<\/h5>\n<h4 class=\"entry-meta\"><span class=\"byline\" style=\"color: #ff0000;\">\u00a0Por <span class=\"author vcard\"><a class=\"url fn n\" style=\"color: #ff0000;\" title=\"Ver todas las entradas de Raul Palomino\" href=\"http:\/\/basquetchaco.com.ar\/author\/rpalomino\/\" rel=\"author\">Ra\u00fal Palomino<\/a><\/span><\/span><\/h4>\n<p><span id=\"more-5677\"><\/span>\u00a0 En la 62\u00aa edici\u00f3n del certamen, la selecci\u00f3n chaque\u00f1a disput\u00f3 siete encuentros y los gan\u00f3 a todos. El equipo estaba conformado por jugadores que brillaban en sus respectivos clubes y un Carlos Patricio Simoni que se constitu\u00eda en una de las grandes estrellas no solo de nuestro representativo sino del evento.<\/p>\n<p>En su camino a la conquista del campeonato, Chaco se impuso en la primera fase sobre Tucum\u00e1n (68-65), Neuqu\u00e9n (109-91) y Santa Fe (76-66); y en la segunda instancia venci\u00f3 a Capital Federal (76-63) y tras ello a Buenos Aires (91-74). En semifinal tuvo enfrente a C\u00f3rdoba y lo derrot\u00f3 por un apretado 62 a 60.<\/p>\n<p><img loading=\"lazy\" decoding=\"async\" class=\"alignnone size-medium wp-image-23834\" src=\"https:\/\/www.sportchaco.com.ar\/wp-content\/uploads\/2025\/08\/Chaco-1996-guardo-1-300x216.jpg\" alt=\"\" width=\"300\" height=\"216\" srcset=\"https:\/\/www.sportchaco.com.ar\/wp-content\/uploads\/2025\/08\/Chaco-1996-guardo-1-300x216.jpg 300w, https:\/\/www.sportchaco.com.ar\/wp-content\/uploads\/2025\/08\/Chaco-1996-guardo-1.jpg 592w\" sizes=\"auto, (max-width: 300px) 100vw, 300px\" \/><\/p>\n<p>En la final volv\u00eda a aparecer en el camino Santa Fe. El juego se disput\u00f3 en el Club Regatas ante unos 5 mil espectadores que dejaron una recaudaci\u00f3n de 22 mil pesos de la \u00e9poca, y siempre el conjunto conducido por Guillermo Ar\u00e9valo estuvo al frente en el marcador.<\/p>\n<p>Fue un dominio de principio a fin con una gran tarea del tandem Simoni- Pl\u00e1ceres-Jorge Corbal\u00e1n, y la conducci\u00f3n desde la base del experimentado Luis Cequeira. Al cabo de la primera etapa ya se impon\u00eda por 49 a 37 y termin\u00f3 flore\u00e1ndose para ganar 100 a 75. En el partido preliminar, C\u00f3rdoba consigui\u00f3 el tercer puesto al vencer a Buenos Aires (84-64).<\/p>\n<p>El goleador de la final fue Pl\u00e1ceres con 21 puntos, mientras que Jorge Corbal\u00e1n anot\u00f3 18 y Simoni 17. Fue la primera corona, con el sabor especial de haberse consumado en nuestra provincia. La otra presea tambi\u00e9n se obtuvo de de local en 2012, cuando en la final se derrot\u00f3 a Santiago del Estero (76-66).<\/p>\n<p><img loading=\"lazy\" decoding=\"async\" class=\"alignnone size-medium wp-image-23837\" src=\"https:\/\/www.sportchaco.com.ar\/wp-content\/uploads\/2025\/08\/1996-con-rozas-300x180.jpg\" alt=\"\" width=\"300\" height=\"180\" srcset=\"https:\/\/www.sportchaco.com.ar\/wp-content\/uploads\/2025\/08\/1996-con-rozas-300x180.jpg 300w, https:\/\/www.sportchaco.com.ar\/wp-content\/uploads\/2025\/08\/1996-con-rozas.jpg 454w\" sizes=\"auto, (max-width: 300px) 100vw, 300px\" \/><\/p>\n<p><strong>\u00a0 Octavo en el ranking<\/strong><\/p>\n<p>El Campeonato Argentino de B\u00e1squet empez\u00f3 a disputarse en 1928 y desde entonces se realizaron 85 ediciones, la \u00faltima en Formosa en 2019. Chaco se encuentra en el octavo lugar del ranking de campeones argentinos con 2 t\u00edtulos, los conseguidos en 1996 frente a Santa Fe (100-75) y el de 2012 con Santiago del Estero (76-66).<\/p>\n<p>Adem\u00e1s nuestra provincia posee 4 subcampeonatos. En 1963 cay\u00f3 en la final de Mendoza frente a C\u00f3rdoba (78-72); en 1998 perdi\u00f3 con el anfitri\u00f3n Tucum\u00e1n (80-69); en 1999 no pudo en R\u00edo Negro con Entre R\u00edos (98-72); y en 2013 volvi\u00f3 a caer ante Entre R\u00edos en su casa (80-69).<\/p>\n<p><iframe loading=\"lazy\" title=\"1996 Final Campeonato Argentino de B\u00e1squet - Chaco vs Santa Fe\" width=\"500\" height=\"375\" src=\"https:\/\/www.youtube.com\/embed\/_1KWWszYmV4?feature=oembed\" frameborder=\"0\" allow=\"accelerometer; autoplay; clipboard-write; encrypted-media; gyroscope; picture-in-picture; web-share\" referrerpolicy=\"strict-origin-when-cross-origin\" allowfullscreen><\/iframe><\/p>\n<p><strong>\u00a0 El plantel campe\u00f3n<\/strong><\/p>\n<p>El plantel de Chaco estuvo compuesto de la siguiente manera:<\/p>\n<p><strong>4-<\/strong>\u00a0Diego S\u00e1nchez<\/p>\n<p><strong>5-<\/strong>\u00a0Marcelo Berry<\/p>\n<p><strong>6-<\/strong>\u00a0F\u00e9lix Vargas<\/p>\n<p><strong>7-<\/strong>\u00a0Javier Skibsky<\/p>\n<p><strong>8-<\/strong>\u00a0Edgardo Agudo<\/p>\n<p><strong>9-<\/strong>\u00a0Luis Cequeira<\/p>\n<p><strong>10-<\/strong>\u00a0Jorge Corbal\u00e1n<\/p>\n<p><strong>11-<\/strong>\u00a0Marcelo Pl\u00e1ceres<\/p>\n<p><strong>12-<\/strong>\u00a0Miguel Canteros<\/p>\n<p><strong>13-<\/strong>\u00a0Alejandro Rodr\u00edguez<\/p>\n<p><strong>14-<\/strong>\u00a0Patricio Simoni<\/p>\n<p><strong>15-<\/strong>\u00a0Javier Corbal\u00e1n<\/p>\n<p><strong>D.T.:<\/strong>\u00a0Guillermo Ar\u00e9valo<\/p>\n<p><strong>A.T.:<\/strong>\u00a0Jorge Caballero<\/p>\n<p><strong>P.F.:<\/strong>\u00a0\u201cPajarito\u201d Alfonso<\/p>\n<p><strong>M\u00e9dico:<\/strong>\u00a0Carlos M\u00e1rcico<\/p>\n<p><strong>Utilero:<\/strong>\u00a0Cachito<\/p>\n<p><strong>FUENTE:<\/strong>\u00a0Prensa Federaci\u00f3n Chaque\u00f1a de B\u00e1squetbol<\/p>\n<p><iframe loading=\"lazy\" title=\"Entrevistas Chaco Campe\u00f3n Argentino 1996\" width=\"500\" height=\"375\" src=\"https:\/\/www.youtube.com\/embed\/wkSAvTxfgrk?feature=oembed\" frameborder=\"0\" allow=\"accelerometer; autoplay; clipboard-write; encrypted-media; gyroscope; picture-in-picture; web-share\" referrerpolicy=\"strict-origin-when-cross-origin\" allowfullscreen><\/iframe><\/p>\n<p data-start=\"630\" data-end=\"803\"><strong data-start=\"630\" data-end=\"668\">Recorrido invicto hacia el t\u00edtulo:<\/strong><br data-start=\"668\" data-end=\"671\" \/>Chaco disput\u00f3 siete encuentros y gan\u00f3 todos, demostrando gran dominio a lo largo del certamen:<\/p>\n<div class=\"_tableContainer_1rjym_1\">\n<div class=\"_tableWrapper_1rjym_13 group flex w-fit flex-col-reverse\" tabindex=\"-1\">\n<table class=\"w-fit min-w-(--thread-content-width)\" data-start=\"805\" data-end=\"1358\">\n<thead data-start=\"805\" data-end=\"856\">\n<tr data-start=\"805\" data-end=\"856\">\n<th data-start=\"805\" data-end=\"831\" data-col-size=\"sm\">Rival<\/th>\n<th data-start=\"831\" data-end=\"856\" data-col-size=\"md\">Resultado<\/th>\n<\/tr>\n<\/thead>\n<tbody data-start=\"910\" data-end=\"1358\">\n<tr data-start=\"910\" data-end=\"978\">\n<td data-start=\"910\" data-end=\"936\" data-col-size=\"sm\">Tucum\u00e1n<\/td>\n<td data-start=\"936\" data-end=\"978\" data-col-size=\"md\">68\u201365 (simoni 22 pts, Corbal\u00e1n 16 pts)<\/td>\n<\/tr>\n<tr data-start=\"979\" data-end=\"1037\">\n<td data-start=\"979\" data-end=\"1005\" data-col-size=\"sm\">Neuqu\u00e9n<\/td>\n<td data-start=\"1005\" data-end=\"1037\" data-col-size=\"md\">109\u201391 (Verri 23, Simoni 22)<\/td>\n<\/tr>\n<tr data-start=\"1038\" data-end=\"1100\">\n<td data-start=\"1038\" data-end=\"1064\" data-col-size=\"sm\">Santa Fe (fase inicial)<\/td>\n<td data-start=\"1064\" data-end=\"1100\" data-col-size=\"md\">76\u201366 (Pl\u00e1ceres 25, Corbal\u00e1n 11)<\/td>\n<\/tr>\n<tr data-start=\"1101\" data-end=\"1161\">\n<td data-start=\"1101\" data-end=\"1127\" data-col-size=\"sm\">Capital Federal<\/td>\n<td data-start=\"1127\" data-end=\"1161\" data-col-size=\"md\">76\u201363 (Simoni 23, Corbal\u00e1n 20)<\/td>\n<\/tr>\n<tr data-start=\"1162\" data-end=\"1222\">\n<td data-start=\"1162\" data-end=\"1188\" data-col-size=\"sm\">Buenos Aires<\/td>\n<td data-start=\"1188\" data-end=\"1222\" data-col-size=\"md\">91\u201374 (Simoni 22, Pl\u00e1ceres 20)<\/td>\n<\/tr>\n<tr data-start=\"1223\" data-end=\"1283\">\n<td data-start=\"1223\" data-end=\"1249\" data-col-size=\"sm\">C\u00f3rdoba (semifinal)<\/td>\n<td data-col-size=\"md\" data-start=\"1249\" data-end=\"1283\">62\u201360 (Simoni 16, Pl\u00e1ceres 15)<\/td>\n<\/tr>\n<tr data-start=\"1284\" data-end=\"1358\">\n<td data-start=\"1284\" data-end=\"1310\" data-col-size=\"sm\">Santa Fe (final)<\/td>\n<td data-start=\"1310\" data-end=\"1358\" data-col-size=\"md\">100\u201375 (Pl\u00e1ceres 21, Corbal\u00e1n 18, Simoni 17)<\/td>\n<\/tr>\n<\/tbody>\n<\/table>\n<\/div>\n<\/div>\n<p data-start=\"1360\" data-end=\"1495\"><strong data-start=\"1360\" data-end=\"1380\">Plantel campe\u00f3n:<\/strong><br data-start=\"1380\" data-end=\"1383\" \/>El equipo chaque\u00f1o estaba conformado por estos jugadores y cuerpo t\u00e9cnico:<\/p>\n<ul data-start=\"1497\" data-end=\"1910\">\n<li data-start=\"1497\" data-end=\"1765\">\n<p data-start=\"1499\" data-end=\"1765\"><strong data-start=\"1499\" data-end=\"1513\">Jugadores:<\/strong> Diego S\u00e1nchez (4), Marcelo Berry (5), F\u00e9lix Vargas (6), Javier Skibsky (7), Edgardo Agudo (8), Luis Cequeira (9), Jorge Corbal\u00e1n (10), Marcelo Pl\u00e1ceres (11), Miguel Canteros (12), Alejandro Rodr\u00edguez (13), Patricio Simoni (14), Javier Corbal\u00e1n (15).<\/p>\n<\/li>\n<li data-start=\"1766\" data-end=\"1910\">\n<p data-start=\"1768\" data-end=\"1910\"><strong data-start=\"1768\" data-end=\"1803\">Cuerpo t\u00e9cnico y colaboradores:<\/strong> DT Guillermo Ar\u00e9valo; AT Jorge Caballero; PF \u201cPajarito\u201d Alfonso; M\u00e9dico Carlos M\u00e1rcico; Utilero \u201cCachito\u201d.<\/p>\n<\/li>\n<\/ul>\n<p data-start=\"1912\" data-end=\"1948\"><strong data-start=\"1912\" data-end=\"1946\">Figuras clave y protagonistas:<\/strong><\/p>\n<ul data-start=\"1949\" data-end=\"2499\">\n<li data-start=\"1949\" data-end=\"2117\">\n<p data-start=\"1951\" data-end=\"2117\"><strong data-start=\"1951\" data-end=\"1977\">Patricio \u201cPato\u201d Simoni<\/strong> fue la gran figura del certamen, consagrado MVP y art\u00edfice del ascenso de Chaco al b\u00e1squet nacional.<\/p>\n<\/li>\n<li data-start=\"2118\" data-end=\"2225\">\n<p data-start=\"2120\" data-end=\"2225\"><strong data-start=\"2120\" data-end=\"2140\">Marcelo Pl\u00e1ceres<\/strong> fue el goleador en la final y uno de los pilares ofensivos durante todo el torneo.<\/p>\n<\/li>\n<li data-start=\"2226\" data-end=\"2499\">\n<p data-start=\"2228\" data-end=\"2499\"><strong data-start=\"2228\" data-end=\"2246\">Jorge Corbal\u00e1n<\/strong>, Luis Cequeira, Diego S\u00e1nchez y el resto del equipo tambi\u00e9n dejaron una huella imborrable; como contaron en entrevistas, \u201cfue una experiencia inolvidable, \u00fanica\u201d y \u201cla provincia viv\u00eda el b\u00e1squet como nunca antes\u201d.<\/p>\n<\/li>\n<\/ul>\n<p data-start=\"2501\" data-end=\"2822\"><strong data-start=\"2501\" data-end=\"2530\">Reconocimiento hist\u00f3rico:<\/strong><br data-start=\"2530\" data-end=\"2533\" \/>Ese campeonato marc\u00f3 un antes y un despu\u00e9s para el b\u00e1squet chaque\u00f1o: fue el <strong data-start=\"2609\" data-end=\"2655\">primer t\u00edtulo argentino obtenido por Chaco<\/strong> y posicion\u00f3 a la provincia en el octavo lugar del historial de campeones argentinos, junto con un segundo t\u00edtulo logrado en 2012.<\/p>\n<\/div>\n","protected":false},"excerpt":{"rendered":"<p>18-08-2025 Se cumplen 29 a\u00f1os del primer t\u00edtulo argentino obtenido por el seleccionado de Chaco. Fue el 18 de agosto de 1996 cuando, en un estadio de Regatas Resistencia desbordado de espectadores, el combinado provincial derrot\u00f3 a Santa Fe por 100 a 75 para cosechar el primer trofeo del \u201cM\u00e1s Argentino de los Campeonatos\u201d. \u00a0Por &hellip;<\/p>\n","protected":false},"author":2,"featured_media":23836,"comment_status":"open","ping_status":"open","sticky":false,"template":"","format":"standard","meta":{"footnotes":""},"categories":[3],"tags":[],"class_list":["post-23833","post","type-post","status-publish","format-standard","has-post-thumbnail","hentry","category-basquetbol"],"_links":{"self":[{"href":"https:\/\/www.sportchaco.com.ar\/index.php?rest_route=\/wp\/v2\/posts\/23833","targetHints":{"allow":["GET"]}}],"collection":[{"href":"https:\/\/www.sportchaco.com.ar\/index.php?rest_route=\/wp\/v2\/posts"}],"about":[{"href":"https:\/\/www.sportchaco.com.ar\/index.php?rest_route=\/wp\/v2\/types\/post"}],"author":[{"embeddable":true,"href":"https:\/\/www.sportchaco.com.ar\/index.php?rest_route=\/wp\/v2\/users\/2"}],"replies":[{"embeddable":true,"href":"https:\/\/www.sportchaco.com.ar\/index.php?rest_route=%2Fwp%2Fv2%2Fcomments&post=23833"}],"version-history":[{"count":5,"href":"https:\/\/www.sportchaco.com.ar\/index.php?rest_route=\/wp\/v2\/posts\/23833\/revisions"}],"predecessor-version":[{"id":23919,"href":"https:\/\/www.sportchaco.com.ar\/index.php?rest_route=\/wp\/v2\/posts\/23833\/revisions\/23919"}],"wp:featuredmedia":[{"embeddable":true,"href":"https:\/\/www.sportchaco.com.ar\/index.php?rest_route=\/wp\/v2\/media\/23836"}],"wp:attachment":[{"href":"https:\/\/www.sportchaco.com.ar\/index.php?rest_route=%2Fwp%2Fv2%2Fmedia&parent=23833"}],"wp:term":[{"taxonomy":"category","embeddable":true,"href":"https:\/\/www.sportchaco.com.ar\/index.php?rest_route=%2Fwp%2Fv2%2Fcategories&post=23833"},{"taxonomy":"post_tag","embeddable":true,"href":"https:\/\/www.sportchaco.com.ar\/index.php?rest_route=%2Fwp%2Fv2%2Ftags&post=23833"}],"curies":[{"name":"wp","href":"https:\/\/api.w.org\/{rel}","templated":true}]}}