{"id":2384,"date":"2023-10-30T20:25:51","date_gmt":"2023-10-30T23:25:51","guid":{"rendered":"https:\/\/www.sportchaco.com.ar\/?p=2384"},"modified":"2023-10-30T20:25:51","modified_gmt":"2023-10-30T23:25:51","slug":"lionel-messi-gano-su-octavo-balon-de-oro","status":"publish","type":"post","link":"https:\/\/www.sportchaco.com.ar\/?p=2384","title":{"rendered":"Lionel Messi gan\u00f3 su octavo Bal\u00f3n de Oro"},"content":{"rendered":"<div class=\"\"><\/div>\n<div class=\"\"><\/div>\n<div class=\"\">\n<h1 class=\"\"><\/h1>\n<p><strong>El mejor jugador de la historia volvi\u00f3 a ser elegido como el futbolista m\u00e1s destacado del a\u00f1o. El t\u00edtulo en Qatar fue fundamental para que el rosarino alcance una marca in\u00e9dita en lo que se refiere a este premio en el que votan periodistas y colegas. El capit\u00e1n de la Selecci\u00f3n agradeci\u00f3 a su familia y le dedic\u00f3 el galard\u00f3n a Diego Maradona, quien este lunes cumplir\u00eda 63 a\u00f1os.\u00a0<\/strong><\/p>\n<p>&nbsp;<\/p>\n<div>\n<div id=\"carouselExampleControls\" class=\"carousel slide\" data-ride=\"carousel\">\n<div class=\"carousel-inner\">\n<div class=\"carousel-item active\"><img decoding=\"async\" class=\"d-block w-100\" src=\"http:\/\/agenciafoco.com.ar\/media\/cache\/quality\/uploads\/noticias\/65402d2f0c1bf235854325.jpg\" \/><\/div>\n<\/div>\n<p><a class=\"carousel-control-prev\" role=\"button\" href=\"https:\/\/agenciafoco.com.ar\/detalle_noticia\/lionel-messi-gano-su-octavo-balon-de-oro-1#carouselExampleControls\" data-slide=\"prev\"><span class=\"sr-only\">Previous<\/span><\/a><a class=\"carousel-control-next\" role=\"button\" href=\"https:\/\/agenciafoco.com.ar\/detalle_noticia\/lionel-messi-gano-su-octavo-balon-de-oro-1#carouselExampleControls\" data-slide=\"next\"><span class=\"sr-only\">Next<\/span><\/a><\/div>\n<p>Lionel Messi se qued\u00f3 con su octavo Bal\u00f3n de Oro este lunes en Par\u00eds. (Fotos: Varsky Sports)<\/p>\n<p>&nbsp;<\/p>\n<\/div>\n<div class=\"sharethis-inline-share-buttons pb-3\"><\/div>\n<p>El astro argentino Lionel Messi consigui\u00f3 este lunes su octavo Bal\u00f3n de Oro, galard\u00f3n obtenido en base a la obtenci\u00f3n del Mundial de Qatar 2022, entregado por la revista France Football en el Th\u00e9\u00e2tre du Ch\u00e2telet, frente al r\u00edo Sena, en Par\u00eds, Francia.<\/p>\n<p>En la terna definitiva, Messi super\u00f3 en votos al noruego Erling Haaland y al franc\u00e9s Kylian Mbapp\u00e9. Tambi\u00e9n estuvieron en el r\u00e1nking los argentinos Juli\u00e1n \u00c1lvarez (7\u00b0), Emiliano Mart\u00ednez (15\u00b0 y ganador del trofeo Yashin al mejor arquero del mundo) y Lautaro Mart\u00ednez (20\u00b0).<\/p>\n<p>El rosarino ya hab\u00eda conquistado el trofeo que entrega la revista France Football en 2009, 2010, 2011, 2012, 2015, 2019 y 2021. Este fue una revancha en Par\u00eds, la ciudad que le dej\u00f3 sensaciones agridulces: aunque gan\u00f3 dos Ligue 1 y una Supercopa, por momentos la pas\u00f3 mal y hasta fue silbado por sus propios hinchas<\/p>\n<p>Ahora, si bien es la primera vez que un jugador gana el Bal\u00f3n de Oro desde un club fuera de Europa, lo hecho por Messi en el Inter Miami estadounidense no cont\u00f3 para esta elecci\u00f3n porque abarca la temporada pasada, es decir entre julio de 2022 y junio de 2023<\/p>\n<p>As\u00ed, el fen\u00f3meno argentino estir\u00f3 la brecha que lo pone como m\u00e1ximo ganador y le sac\u00f3 tres de ventaja al portugu\u00e9s Cristiano Ronaldo, con cinco. M\u00e1s atr\u00e1s, con tres, quedaron el franc\u00e9s Michel Platini y los neerlandeses Johan Cruyff y Marco Van Basten, vencedores antes de 1995, cuando s\u00f3lo se premiaba a europeos.<\/p>\n<p>&nbsp;<\/p>\n<h3>Agradecimiento y homenaje<\/h3>\n<p>En primera instancia, el astro rosarino asegur\u00f3 que el premio \u00abviene de la mano de lo conseguido con la Selecci\u00f3n\u00bb y que \u00abes un regalo para todo el grupo y toda Argentina\u00bb despu\u00e9s de la coronaci\u00f3n en el Mundial de Qatar 2022.<\/p>\n<p>Por otra parte, tambi\u00e9n destac\u00f3 a Erling Haaland y Kylian Mbapp\u00e9, quienes completaron el podio en la votaci\u00f3n. \u00abNo me quiero olvidar de Haaland, Kylian, que tuvieron un a\u00f1o incre\u00edble tanto a nivel individual como a nivel colectivo. Haaland habiendo tenido un a\u00f1o espectacular, habiendo conseguido todo. No tengo dudas que en los pr\u00f3ximos a\u00f1os se van a hacer con este premio\u00bb.<\/p>\n<p>La Pulga mir\u00f3 hacia atr\u00e1s en su trayectoria. \u00abNunca imagin\u00e9 haber tenido la carrera que tuve, haber conseguido todos mis objetivos, haber conseguido todo en el f\u00fatbol. Es muy dif\u00edcil eso. Estar en el mejor equipo del mundo, el mejor equipo de la historia&#8230; Eso hizo que todo sea m\u00e1s f\u00e1cil, que gane muchos t\u00edtulos, muchos premios individuales\u00bb, dijo, recordando al emblem\u00e1tico Barcelona de Pep Guardiola.<\/p>\n<p>A su vez, record\u00f3 que tuvo \u00abmuchas derrotas duras\u00bb con la Albiceleste, antes de haber ganado todo en los \u00faltimos a\u00f1os_: \u00abHe pasado momentos malos, no se me daba. Lo repito una vez m\u00e1s. As\u00ed y todo, nunca baj\u00e9 los brazos, segu\u00ed peleando por mi deseo de conseguir la Copa Am\u00e9rica, el Mundial. Estoy orgulloso de no haberme quedado en el intento\u00bb.<\/p>\n<p>El capit\u00e1n de la Selecci\u00f3n reiter\u00f3 que su deseo es \u00abseguir disfrutando lo que d\u00e9\u00bb y que sigue con mentalidad competitiva. \u00abMientras pueda seguir compitiendo, lo voy a seguir haciendo. No puedo decir un n\u00famero porque no s\u00e9 qu\u00e9 puede pasar el d\u00eda de ma\u00f1ana. Ojal\u00e1 sea mucho tiempo. Es lo que s\u00e9 hacer. Ojal\u00e1 siga durando\u00bb, sentenci\u00f3.<\/p>\n<p>Por \u00faltimo, en el d\u00eda en que Diego Maradona hubiese cumplido 63 a\u00f1os, Messi se acord\u00f3 del ex capit\u00e1n de la Selecci\u00f3n. \u201cEste premio tambi\u00e9n es para Diego, donde quiera que est\u00e9\u201d, expres\u00f3.<\/p>\n<p><em>Fuente: T\u00e9lam y TyC Sports.<\/em><\/p>\n<p><img decoding=\"async\" src=\"http:\/\/agenciafoco.com.ar\/media\/cache\/quality\/uploads\/noticias\/65402d2ef0a1a689702363.jpg\" \/><\/p>\n<p><img decoding=\"async\" src=\"http:\/\/agenciafoco.com.ar\/media\/cache\/quality\/uploads\/noticias\/65402d2ef18ef348580283.jpg\" \/><\/p>\n<\/div>\n","protected":false},"excerpt":{"rendered":"<p>El mejor jugador de la historia volvi\u00f3 a ser elegido como el futbolista m\u00e1s destacado del a\u00f1o. El t\u00edtulo en Qatar fue fundamental para que el rosarino alcance una marca in\u00e9dita en lo que se refiere a este premio en el que votan periodistas y colegas. El capit\u00e1n de la Selecci\u00f3n agradeci\u00f3 a su familia &hellip;<\/p>\n","protected":false},"author":2,"featured_media":2385,"comment_status":"open","ping_status":"open","sticky":false,"template":"","format":"standard","meta":{"footnotes":""},"categories":[5,6],"tags":[],"class_list":["post-2384","post","type-post","status-publish","format-standard","has-post-thumbnail","hentry","category-futbol","category-internacionales"],"_links":{"self":[{"href":"https:\/\/www.sportchaco.com.ar\/index.php?rest_route=\/wp\/v2\/posts\/2384","targetHints":{"allow":["GET"]}}],"collection":[{"href":"https:\/\/www.sportchaco.com.ar\/index.php?rest_route=\/wp\/v2\/posts"}],"about":[{"href":"https:\/\/www.sportchaco.com.ar\/index.php?rest_route=\/wp\/v2\/types\/post"}],"author":[{"embeddable":true,"href":"https:\/\/www.sportchaco.com.ar\/index.php?rest_route=\/wp\/v2\/users\/2"}],"replies":[{"embeddable":true,"href":"https:\/\/www.sportchaco.com.ar\/index.php?rest_route=%2Fwp%2Fv2%2Fcomments&post=2384"}],"version-history":[{"count":1,"href":"https:\/\/www.sportchaco.com.ar\/index.php?rest_route=\/wp\/v2\/posts\/2384\/revisions"}],"predecessor-version":[{"id":2386,"href":"https:\/\/www.sportchaco.com.ar\/index.php?rest_route=\/wp\/v2\/posts\/2384\/revisions\/2386"}],"wp:featuredmedia":[{"embeddable":true,"href":"https:\/\/www.sportchaco.com.ar\/index.php?rest_route=\/wp\/v2\/media\/2385"}],"wp:attachment":[{"href":"https:\/\/www.sportchaco.com.ar\/index.php?rest_route=%2Fwp%2Fv2%2Fmedia&parent=2384"}],"wp:term":[{"taxonomy":"category","embeddable":true,"href":"https:\/\/www.sportchaco.com.ar\/index.php?rest_route=%2Fwp%2Fv2%2Fcategories&post=2384"},{"taxonomy":"post_tag","embeddable":true,"href":"https:\/\/www.sportchaco.com.ar\/index.php?rest_route=%2Fwp%2Fv2%2Ftags&post=2384"}],"curies":[{"name":"wp","href":"https:\/\/api.w.org\/{rel}","templated":true}]}}