{"id":23855,"date":"2025-08-16T20:06:54","date_gmt":"2025-08-16T23:06:54","guid":{"rendered":"https:\/\/www.sportchaco.com.ar\/?p=23855"},"modified":"2025-08-16T20:06:54","modified_gmt":"2025-08-16T23:06:54","slug":"la-primera-pole-para-valentin-perrone-en-moto-3","status":"publish","type":"post","link":"https:\/\/www.sportchaco.com.ar\/?p=23855","title":{"rendered":"La primera pole para Valent\u00edn Perrone en Moto 3"},"content":{"rendered":"<header>\n<h1>Hist\u00f3rica pole del argentino Valent\u00edn Perrone en el Gran Premio de Austria.<\/h1>\n<h1><span style=\"font-size: 16px; font-weight: 400;\">16 de Agosto, 2025<\/span><\/h1>\n<h1><span style=\"font-size: 16px; font-weight: 400;\">Por primera vez, el hispano-argentino del equipo KTM Tech 3, largar\u00e1 primero en la carrera principal. Con un tiempo de 1:39.938,\u00a0 el joven piloto se qued\u00f3 con el mejor registro de la clasificaci\u00f3n oficial.<\/span><\/h1>\n<h1><\/h1>\n<\/header>\n<section class=\"body\">\n<section class=\"content\">\n<div class=\"main-text\">\n<div class=\"social\">\n<div class=\"share\"><\/div>\n<\/div>\n<p>El hispano-argentino del equipo KTM Tech 3, Valent\u00edn Perrone, consigui\u00f3 una hist\u00f3rica pole en el Gran Premio de Austria de la categor\u00eda Moto3 y el domingo largar\u00e1 primero en la carrera principal.<\/p>\n<div class=\" original m_image\">\n<figure><picture><source srcset=\"https:\/\/www.diarionorte.com\/content\/bucket\/5\/423865w624h416c.jpg.webp\" type=\"image\/webp\" media=\"(min-width: 640px)\" \/><source srcset=\"https:\/\/www.diarionorte.com\/content\/bucket\/5\/423865w440h293c.jpg.webp\" type=\"image\/webp\" media=\"(min-width: 300px)\" \/><source srcset=\"https:\/\/www.diarionorte.com\/content\/bucket\/5\/423865w624h416c.jpg\" media=\"(min-width: 300px)\" \/><img loading=\"lazy\" decoding=\"async\" class=\"pic\" src=\"https:\/\/www.diarionorte.com\/content\/bucket\/5\/423865w624h416c.jpg.webp\" alt=\"\" width=\"624\" height=\"416\" \/><\/picture><figcaption>Valent\u00edn Perrone integra el equipo KTM Tech 3.<\/figcaption><\/figure>\n<\/div>\n<p>Con un tiempo de 1:39.938, el joven piloto se qued\u00f3 con el mejor registro de la clasificaci\u00f3n oficial en el circuito Red Bull de la ciudad austr\u00edaca de Spielberg. El argentino super\u00f3 al espa\u00f1ol \u00c1ngel Piqueras y al japon\u00e9s Ryusei Yamanaka, ambos de KTM.<\/p>\n<p>As\u00ed, el argentino consigui\u00f3 por primera vez la pole position en una clasificaci\u00f3n de un Gran Premio, en este caso el de Austria.<\/p>\n<p>Tras marcar este hito hist\u00f3rico, el argentino declar\u00f3: \u00abEs asombroso estar en la pole por primera vez. Con el equipo estuvimos trabajando muy duro. Ayer tambi\u00e9n P2 y P2 y ahora\u2026 estaba pensando antes: \u2018okey, hoy tiene que ser el d\u00eda, hoy tiene que ser P1\u2019\u00bb.<\/p>\n<p>\u00abMa\u00f1ana vamos a tratar de repetir y de ganar el P1. Lo primero es disfrutar la carrera, pensar y tratar de estar adelante todo el tiempo. Sabemos que tenemos un buen ritmo. Pienso que tal vez podemos romper el grupo, 6 o 7 pilotos, y despu\u00e9s voy a tratar de dar mi m\u00e1ximo en las \u00faltimas vueltas\u00bb agreg\u00f3.<\/p>\n<div class=\" original m_image\">\n<figure><picture><source srcset=\"https:\/\/www.diarionorte.com\/content\/bucket\/6\/423866w624h416c.jpg.webp\" type=\"image\/webp\" media=\"(min-width: 640px)\" \/><source srcset=\"https:\/\/www.diarionorte.com\/content\/bucket\/6\/423866w440h293c.jpg.webp\" type=\"image\/webp\" media=\"(min-width: 300px)\" \/><source srcset=\"https:\/\/www.diarionorte.com\/content\/bucket\/6\/423866w624h416c.jpg\" media=\"(min-width: 300px)\" \/><img loading=\"lazy\" decoding=\"async\" class=\"pic\" src=\"https:\/\/www.diarionorte.com\/content\/bucket\/6\/423866w624h416c.jpg.webp\" alt=\"\" width=\"624\" height=\"416\" \/><\/picture><\/figure>\n<\/div>\n<p><strong>Los hermanos M\u00e1rquez dominaron el sprint\u00a0<\/strong><\/p>\n<p>El espa\u00f1ol del equipo Ducati, Marc Marquez, se qued\u00f3 con la carrera sprint de este Gran Premio de Austria y su hermano Alex, de la misma escuder\u00eda, sali\u00f3 segundo.<\/p>\n<p>Luego de un flojo inicio de fin de semana en Austria para el ocho veces campe\u00f3n del mundo, el oriundo de Cervera repunt\u00f3 con la conquista de la carrera sprint por delante de su hermano Alex.<\/p>\n<p>As\u00ed, el espa\u00f1ol llega mejor parado a la carrera principal del domingo en la que largar\u00e1 desde la cuarta posici\u00f3n ya que la pole se la llev\u00f3 el italiano Marco Bezzecchi mientras que Alex M\u00e1rquez saldr\u00e1 segundo y Francesco Bagnaia lo har\u00e1 tercero.<\/p>\n<p>Fuente: Diario Norte<\/p>\n<\/div>\n<\/section>\n<\/section>\n","protected":false},"excerpt":{"rendered":"<p>Hist\u00f3rica pole del argentino Valent\u00edn Perrone en el Gran Premio de Austria. 16 de Agosto, 2025 Por primera vez, el hispano-argentino del equipo KTM Tech 3, largar\u00e1 primero en la carrera principal. Con un tiempo de 1:39.938,\u00a0 el joven piloto se qued\u00f3 con el mejor registro de la clasificaci\u00f3n oficial. El hispano-argentino del equipo KTM &hellip;<\/p>\n","protected":false},"author":2,"featured_media":23856,"comment_status":"open","ping_status":"open","sticky":false,"template":"","format":"standard","meta":{"footnotes":""},"categories":[59],"tags":[],"class_list":["post-23855","post","type-post","status-publish","format-standard","has-post-thumbnail","hentry","category-motociclismo"],"_links":{"self":[{"href":"https:\/\/www.sportchaco.com.ar\/index.php?rest_route=\/wp\/v2\/posts\/23855","targetHints":{"allow":["GET"]}}],"collection":[{"href":"https:\/\/www.sportchaco.com.ar\/index.php?rest_route=\/wp\/v2\/posts"}],"about":[{"href":"https:\/\/www.sportchaco.com.ar\/index.php?rest_route=\/wp\/v2\/types\/post"}],"author":[{"embeddable":true,"href":"https:\/\/www.sportchaco.com.ar\/index.php?rest_route=\/wp\/v2\/users\/2"}],"replies":[{"embeddable":true,"href":"https:\/\/www.sportchaco.com.ar\/index.php?rest_route=%2Fwp%2Fv2%2Fcomments&post=23855"}],"version-history":[{"count":1,"href":"https:\/\/www.sportchaco.com.ar\/index.php?rest_route=\/wp\/v2\/posts\/23855\/revisions"}],"predecessor-version":[{"id":23857,"href":"https:\/\/www.sportchaco.com.ar\/index.php?rest_route=\/wp\/v2\/posts\/23855\/revisions\/23857"}],"wp:featuredmedia":[{"embeddable":true,"href":"https:\/\/www.sportchaco.com.ar\/index.php?rest_route=\/wp\/v2\/media\/23856"}],"wp:attachment":[{"href":"https:\/\/www.sportchaco.com.ar\/index.php?rest_route=%2Fwp%2Fv2%2Fmedia&parent=23855"}],"wp:term":[{"taxonomy":"category","embeddable":true,"href":"https:\/\/www.sportchaco.com.ar\/index.php?rest_route=%2Fwp%2Fv2%2Fcategories&post=23855"},{"taxonomy":"post_tag","embeddable":true,"href":"https:\/\/www.sportchaco.com.ar\/index.php?rest_route=%2Fwp%2Fv2%2Ftags&post=23855"}],"curies":[{"name":"wp","href":"https:\/\/api.w.org\/{rel}","templated":true}]}}