{"id":23863,"date":"2025-08-16T21:47:43","date_gmt":"2025-08-17T00:47:43","guid":{"rendered":"https:\/\/www.sportchaco.com.ar\/?p=23863"},"modified":"2025-08-16T21:50:11","modified_gmt":"2025-08-17T00:50:11","slug":"tc-mouras-un-entrerriano-y-un-chaqueno","status":"publish","type":"post","link":"https:\/\/www.sportchaco.com.ar\/?p=23863","title":{"rendered":"TC Mouras: Un entrerriano y un chaque\u00f1o"},"content":{"rendered":"<div class=\"container-fluid showcase-light-grey\">\n<div class=\"container\">\n<div class=\"noticias-header\">\n<div class=\"row\">\n<div class=\"col-lg-9 col-md-9 col-sm-8 col-xs-12\">\n<div class=\"info\">\n<div class=\"date\">16 AGO 25<\/div>\n<h2><\/h2>\n<p>Manuel Borgert y Lucas Bohdanowicz ganaron cada una de las series<\/p>\n<\/div>\n<\/div>\n<div class=\"col-lg-3 col-md-3 col-sm-4 col-xs-12\">\n<div class=\"sharer-module pull-right\">\n<div class=\"wrapper-add-this\"><\/div>\n<\/div>\n<\/div>\n<\/div>\n<\/div>\n<\/div>\n<\/div>\n<div class=\"container\">\n<div class=\"wrapper-brand-skin\"><\/div>\n<div class=\"noticias-expanded\">\n<div class=\"row\">\n<div class=\"col-lg-8 col-md-8 col-sm-8\">\n<div class=\"content\">\n<figure class=\"img-right\"><img decoding=\"async\" class=\"lazy img-responsive\" src=\"https:\/\/actc.org.ar\/upload\/informes\/13120\/27877_contenido_home_small.jpg\" data-original=\"\/upload\/informes\/13120\/27877_contenido_home_small.jpg\" \/><\/figure>\n<p>&nbsp;<\/p>\n<p>Un Ford en la primera y un Dodge en la segunda. Se corrieron las dos series que el TC Mouras ten\u00eda prevista en el cronograma oficial de la 10\u00aa. fecha que se correr\u00e1 este domingo en el trazado perimetral, con chicana, del Aut\u00f3dromo Roberto Mouras, de la ciudad de La Plata.<\/p>\n<p>Manuel Borgert, que hab\u00eda largado desde el mejor lugar en la grilla, producto de su \u201cpole\u201d, con el Ford del equipo Fadel Werner Competici\u00f3n, se adjudic\u00f3, sin sobresaltos la primera serie, aventajando a Leandro Gonzalez, que con su Chevrolet finalmente termin\u00f3 en el segundo lugar, luego de la exclusi\u00f3n de Eugenio Provens por t\u00e9cnica. Tercero termin\u00f3 Benjam\u00edn Ant\u00f3n, con Ford, cuarto, Gustavo Tadei (h), Chevrolet y quinto, Luca Demarco, con Dodge. Esta serie fue la m\u00e1s r\u00e1pida, en consecuencia, Borgert estar\u00e1 largando desde el mejor lugar en la grilla de la final.<\/p>\n<p>La segunda bater\u00eda tuvo un ligero duelo entre Lucas Bohdanowicz y Thomas Pozner, ambos con Dodge en la primera vuelta prevaleciendo el piloto de Gral. Pinedo que pudo hacer una diferencia a su favor y desde all\u00ed se encamin\u00f3 hacia la bandera de cuadros para imponerse en la serie relegando al piloto Thomas Pozner, con Dodge al segundo lugar. Tercero lleg\u00f3: Francisco Luengo, con Chevrolet, cuarto, Lucas Carabajal, Ford y quinto, Agust\u00edn Ayala, con Ford.<\/p>\n<p>Este domingo, a partir de las 12.40 hs. se pondr\u00e1 en marcha la final por la 10\u00aa. y \u00faltima fecha de la etapa regular de la Copa de Oro, Rio Uruguay Seguros, con Manuel Borgert y Lucas Bohdanowicz en la primera fila, un Ford y un Dodge, en el Roberto Mouras.<\/p>\n<p>Luego de las 14 vueltas que demandar\u00e1 esta final, se conocer\u00e1n los 12 pilotos que aspiran a quedarse con el t\u00edtulo 2025 del TC Mouras.<\/p>\n<div class=\"resultados\">\n<div class=\"hd\">\n<div class=\"row\">\n<div class=\"col-lg-8 col-md-12 col-sm-12 col-xs-12 divider\">\n<form class=\"form-inline filtros\" role=\"form\">\n<div class=\"form-group\">\n<div id=\"sbHolder_93621438\" class=\"sbHolder\" tabindex=\"2\">\n<div class=\"hd\">\n<div class=\"row\">\n<div class=\"col-lg-8 col-md-12 col-sm-12 col-xs-12 divider\">\n<div class=\"form-group\"><\/div>\n<\/div>\n<div class=\"col-lg-2 col-md-6 col-sm-8 col-xs-12\">\n<div class=\"download clearfix\">\n<div class=\"wrapper-download\">PRIMERA SIERIE<\/div>\n<\/div>\n<div class=\"wrapper-add-this\"><\/div>\n<\/div>\n<\/div>\n<\/div>\n<div class=\"carrera-on-line-verificado\">Verificado por: Cronometraje\u00a0<img decoding=\"async\" src=\"https:\/\/actc.org.ar\/admin\/vistas\/images\/on_aprobacion.png\" \/>\u00a0T\u00e9cnica\u00a0<img decoding=\"async\" src=\"https:\/\/actc.org.ar\/admin\/vistas\/images\/on_aprobacion.png\" \/>\u00a0Deportiva\u00a0<img decoding=\"async\" src=\"https:\/\/actc.org.ar\/admin\/vistas\/images\/on_aprobacion.png\" \/><\/div>\n<div class=\"table-responsive generic-tbl results-tbl\">\n<table class=\"table\">\n<thead>\n<tr>\n<th>Pos.<\/th>\n<th>N\u00famero<\/th>\n<th>Piloto<\/th>\n<th>Marca<\/th>\n<th>Vueltas<\/th>\n<th>Tiempo<\/th>\n<th>Diferencia<\/th>\n<\/tr>\n<\/thead>\n<tbody>\n<tr>\n<td class=\"pos\">1\u00b0<\/td>\n<td>105<\/td>\n<td class=\"piloto first\"><a href=\"https:\/\/actc.org.ar\/tcm\/pilotos\/2025\/manuel-borgert_9435.html\">Borgert, Manuel<\/a><\/td>\n<td><img decoding=\"async\" class=\"lazy\" title=\"Ford\" src=\"https:\/\/actc.org.ar\/vistas\/v3\/images\/logos\/logo-ford-xs.png\" alt=\"Ford\" data-original=\"\/vistas\/v3\/images\/logos\/logo-ford-xs.png\" \/><\/td>\n<td>5<\/td>\n<td>07:43.368<\/td>\n<td><\/td>\n<\/tr>\n<tr>\n<td class=\"pos\">2\u00b0<\/td>\n<td>43<\/td>\n<td class=\"piloto first\"><a href=\"https:\/\/actc.org.ar\/tcm\/pilotos\/2025\/benjamin-anton_9421.html\">Ant\u00f3n, Benjam\u00edn<\/a><\/td>\n<td><img decoding=\"async\" class=\"lazy\" title=\"Ford\" src=\"https:\/\/actc.org.ar\/vistas\/v3\/images\/logos\/logo-ford-xs.png\" alt=\"Ford\" data-original=\"\/vistas\/v3\/images\/logos\/logo-ford-xs.png\" \/><\/td>\n<td>5<\/td>\n<td>07:52.464<\/td>\n<td>9.096<\/td>\n<\/tr>\n<tr>\n<td class=\"pos\">3\u00b0<\/td>\n<td>77<\/td>\n<td class=\"piloto first\"><a href=\"https:\/\/actc.org.ar\/tcm\/pilotos\/2025\/leandro-gonzalez_9430.html\">Gonz\u00e1lez, Leandro<\/a><\/td>\n<td><img decoding=\"async\" class=\"lazy\" title=\"Chevrolet\" src=\"https:\/\/actc.org.ar\/vistas\/v3\/images\/logos\/logo-chevrolet-xs.png\" alt=\"Chevrolet\" data-original=\"\/vistas\/v3\/images\/logos\/logo-chevrolet-xs.png\" \/><\/td>\n<td>5<\/td>\n<td>07:52.465<\/td>\n<td>9.097<\/td>\n<\/tr>\n<tr>\n<td class=\"pos\">4\u00b0<\/td>\n<td>66<\/td>\n<td class=\"piloto first\"><a href=\"https:\/\/actc.org.ar\/tcm\/pilotos\/2025\/gustavo-h-tadei_9427.html\">Tadei, Gustavo (H)<\/a><\/td>\n<td><img decoding=\"async\" class=\"lazy\" title=\"Chevrolet\" src=\"https:\/\/actc.org.ar\/vistas\/v3\/images\/logos\/logo-chevrolet-xs.png\" alt=\"Chevrolet\" data-original=\"\/vistas\/v3\/images\/logos\/logo-chevrolet-xs.png\" \/><\/td>\n<td>5<\/td>\n<td>07:58.896<\/td>\n<td>15.528<\/td>\n<\/tr>\n<tr>\n<td class=\"pos\">5\u00b0<\/td>\n<td>177<\/td>\n<td class=\"piloto first\"><a href=\"https:\/\/actc.org.ar\/tcm\/pilotos\/2025\/luca-demarco_9438.html\">Demarco, Luca<\/a><\/td>\n<td><img decoding=\"async\" class=\"lazy\" title=\"Dodge\" src=\"https:\/\/actc.org.ar\/vistas\/v3\/images\/logos\/logo-dodge-xs.png\" alt=\"Dodge\" data-original=\"\/vistas\/v3\/images\/logos\/logo-dodge-xs.png\" \/><\/td>\n<td>5<\/td>\n<td>08:00.683<\/td>\n<td>17.315<\/td>\n<\/tr>\n<tr>\n<td class=\"pos\">6\u00b0<\/td>\n<td>85<\/td>\n<td class=\"piloto first\"><a href=\"https:\/\/actc.org.ar\/tcm\/pilotos\/2025\/juan-manuel-dose_9433.html\">Dose, Juan Manuel<\/a><\/td>\n<td><img decoding=\"async\" class=\"lazy\" title=\"Chevrolet\" src=\"https:\/\/actc.org.ar\/vistas\/v3\/images\/logos\/logo-chevrolet-xs.png\" alt=\"Chevrolet\" data-original=\"\/vistas\/v3\/images\/logos\/logo-chevrolet-xs.png\" \/><\/td>\n<td>5<\/td>\n<td>08:02.247<\/td>\n<td>18.879<\/td>\n<\/tr>\n<\/tbody>\n<\/table>\n<\/div>\n<div class=\"additional-data\"><\/div>\n<div class=\"incidences\">\n<h2><\/h2>\n<ul>\n<li><strong>PROMEDIO:<\/strong>\u00a0170,922 Km\/h<strong>RECORD DE VUELTA:<\/strong>\u00a0Nro 105 (BORGERT) Vta 1 en 1:31.686 a 172,764 Km\/h\n<p>EXCLUIDO POR TECNICA AUTO N\u00b053 (PROVENS) POR ALTURA<\/p>\n<p>RECARGO AUTO N\u00b077 (GONZALEZ) POR MANIOBRA PELIGROSA AL AUTO N\u00b043 (ANTON)<\/p>\n<p>NO LARGO AUTO N\u00b0119 (LEDESMA)<\/p>\n<p>HORA: 16:05<\/li>\n<\/ul>\n<\/div>\n<\/div>\n<div id=\"sbHolder_10070953\" class=\"sbHolder\" tabindex=\"3\"><a id=\"sbToggle_10070953\" class=\"sbToggle\" href=\"https:\/\/actc.org.ar\/tcm\/resultados.html#\"><\/a>SEGUNDA SERIE<\/div>\n<\/div>\n<\/form>\n<\/div>\n<div class=\"col-lg-2 col-md-6 col-sm-8 col-xs-12\">\n<div class=\"download clearfix\">\n<div class=\"wrapper-download\">\n<table class=\"table\">\n<thead>\n<tr>\n<th>Pos.<\/th>\n<th>N\u00famero<\/th>\n<th>Piloto<\/th>\n<th>Marca<\/th>\n<th>Vueltas<\/th>\n<th>Tiempo<\/th>\n<th>Diferencia<\/th>\n<\/tr>\n<\/thead>\n<tbody>\n<tr>\n<td class=\"pos\">1\u00b0<\/td>\n<td>61<\/td>\n<td class=\"piloto first\"><a href=\"https:\/\/actc.org.ar\/tcm\/pilotos\/2025\/lucas-bohdanowicz_9426.html\">Bohdanowicz, Lucas<\/a><\/td>\n<td><img decoding=\"async\" class=\"lazy\" title=\"Dodge\" src=\"https:\/\/actc.org.ar\/vistas\/v3\/images\/logos\/logo-dodge-xs.png\" alt=\"Dodge\" data-original=\"\/vistas\/v3\/images\/logos\/logo-dodge-xs.png\" \/><\/td>\n<td>5<\/td>\n<td>07:46.218<\/td>\n<td><\/td>\n<\/tr>\n<tr>\n<td class=\"pos\">2\u00b0<\/td>\n<td>44<\/td>\n<td class=\"piloto first\"><a href=\"https:\/\/actc.org.ar\/tcm\/pilotos\/2025\/thomas-pozner_9422.html\">Pozner, Thomas<\/a><\/td>\n<td><img decoding=\"async\" class=\"lazy\" title=\"Dodge\" src=\"https:\/\/actc.org.ar\/vistas\/v3\/images\/logos\/logo-dodge-xs.png\" alt=\"Dodge\" data-original=\"\/vistas\/v3\/images\/logos\/logo-dodge-xs.png\" \/><\/td>\n<td>5<\/td>\n<td>07:49.015<\/td>\n<td>2.797<\/td>\n<\/tr>\n<tr>\n<td class=\"pos\">3\u00b0<\/td>\n<td>141<\/td>\n<td class=\"piloto first\"><a href=\"https:\/\/actc.org.ar\/tcm\/pilotos\/2025\/francisco-luengo_9437.html\">Luengo, Francisco<\/a><\/td>\n<td><img decoding=\"async\" class=\"lazy\" title=\"Chevrolet\" src=\"https:\/\/actc.org.ar\/vistas\/v3\/images\/logos\/logo-chevrolet-xs.png\" alt=\"Chevrolet\" data-original=\"\/vistas\/v3\/images\/logos\/logo-chevrolet-xs.png\" \/><\/td>\n<td>5<\/td>\n<td>07:49.580<\/td>\n<td>3.362<\/td>\n<\/tr>\n<tr>\n<td class=\"pos\">4\u00b0<\/td>\n<td>81<\/td>\n<td class=\"piloto first\"><a href=\"https:\/\/actc.org.ar\/tcm\/pilotos\/2025\/lucas-carabajal_9431.html\">Carabajal, Lucas<\/a><\/td>\n<td><img decoding=\"async\" class=\"lazy\" title=\"Ford\" src=\"https:\/\/actc.org.ar\/vistas\/v3\/images\/logos\/logo-ford-xs.png\" alt=\"Ford\" data-original=\"\/vistas\/v3\/images\/logos\/logo-ford-xs.png\" \/><\/td>\n<td>5<\/td>\n<td>07:49.873<\/td>\n<td>3.655<\/td>\n<\/tr>\n<tr>\n<td class=\"pos\">5\u00b0<\/td>\n<td>50<\/td>\n<td class=\"piloto first\"><a href=\"https:\/\/actc.org.ar\/tcm\/pilotos\/2025\/agustin-ayala_9425.html\">Ayala, Agust\u00edn<\/a><\/td>\n<td><img decoding=\"async\" class=\"lazy\" title=\"Ford\" src=\"https:\/\/actc.org.ar\/vistas\/v3\/images\/logos\/logo-ford-xs.png\" alt=\"Ford\" data-original=\"\/vistas\/v3\/images\/logos\/logo-ford-xs.png\" \/><\/td>\n<td>5<\/td>\n<td>07:55.832<\/td>\n<td>9.614<\/td>\n<\/tr>\n<tr>\n<td class=\"pos\">6\u00b0<\/td>\n<td>87<\/td>\n<td class=\"piloto first\"><a href=\"https:\/\/actc.org.ar\/tcm\/pilotos\/2025\/lucas-guerra_9434.html\">Guerra, Lucas<\/a><\/td>\n<td><img decoding=\"async\" class=\"lazy\" title=\"Chevrolet\" src=\"https:\/\/actc.org.ar\/vistas\/v3\/images\/logos\/logo-chevrolet-xs.png\" alt=\"Chevrolet\" data-original=\"\/vistas\/v3\/images\/logos\/logo-chevrolet-xs.png\" \/><\/td>\n<td>5<\/td>\n<td>08:00.007<\/td>\n<td>13.789<\/p>\n<p>&nbsp;<\/p>\n<p>&nbsp;<\/td>\n<\/tr>\n<\/tbody>\n<\/table>\n<\/div>\n<\/div>\n<\/div>\n<\/div>\n<\/div>\n<div class=\"carrera-on-line-verificado\"><\/div>\n<div class=\"table-responsive generic-tbl results-tbl\">\n<ul>\n<li><strong>PROMEDIO:<\/strong>\u00a0169,878 Km\/h<strong>RECORD DE VUELTA:<\/strong>\u00a0Nro 61 (BOHDANOWICZ) Vta 1 en 1:32.731 a 170,817 Km\/h\n<p>NO LARGO AUTO N\u00b071 (GUIFFREY)<\/p>\n<p>HORA: 16:07<\/li>\n<\/ul>\n<p><strong>CAMPEONATO<\/strong><\/p>\n<ul>\n<li>\n<table class=\"table\">\n<thead>\n<tr>\n<th>Pos.<\/th>\n<th>N\u00famero<\/th>\n<th>Piloto<\/th>\n<th>Marca<\/th>\n<th>Vueltas<\/th>\n<th>Tiempo<\/th>\n<th>Diferencia<\/th>\n<\/tr>\n<\/thead>\n<tbody>\n<tr>\n<td class=\"pos\">1\u00b0<\/td>\n<td>61<\/td>\n<td class=\"piloto first\"><a href=\"https:\/\/actc.org.ar\/tcm\/pilotos\/2025\/lucas-bohdanowicz_9426.html\">Bohdanowicz, Lucas<\/a><\/td>\n<td><img decoding=\"async\" class=\"lazy\" title=\"Dodge\" src=\"https:\/\/actc.org.ar\/vistas\/v3\/images\/logos\/logo-dodge-xs.png\" alt=\"Dodge\" data-original=\"\/vistas\/v3\/images\/logos\/logo-dodge-xs.png\" \/><\/td>\n<td>5<\/td>\n<td>07:46.218<\/td>\n<td><\/td>\n<\/tr>\n<tr>\n<td class=\"pos\">2\u00b0<\/td>\n<td>44<\/td>\n<td class=\"piloto first\"><a href=\"https:\/\/actc.org.ar\/tcm\/pilotos\/2025\/thomas-pozner_9422.html\">Pozner, Thomas<\/a><\/td>\n<td><img decoding=\"async\" class=\"lazy\" title=\"Dodge\" src=\"https:\/\/actc.org.ar\/vistas\/v3\/images\/logos\/logo-dodge-xs.png\" alt=\"Dodge\" data-original=\"\/vistas\/v3\/images\/logos\/logo-dodge-xs.png\" \/><\/td>\n<td>5<\/td>\n<td>07:49.015<\/td>\n<td>2.797<\/td>\n<\/tr>\n<tr>\n<td class=\"pos\">3\u00b0<\/td>\n<td>141<\/td>\n<td class=\"piloto first\"><a href=\"https:\/\/actc.org.ar\/tcm\/pilotos\/2025\/francisco-luengo_9437.html\">Luengo, Francisco<\/a><\/td>\n<td><img decoding=\"async\" class=\"lazy\" title=\"Chevrolet\" src=\"https:\/\/actc.org.ar\/vistas\/v3\/images\/logos\/logo-chevrolet-xs.png\" alt=\"Chevrolet\" data-original=\"\/vistas\/v3\/images\/logos\/logo-chevrolet-xs.png\" \/><\/td>\n<td>5<\/td>\n<td>07:49.580<\/td>\n<td>3.362<\/td>\n<\/tr>\n<tr>\n<td class=\"pos\">4\u00b0<\/td>\n<td>81<\/td>\n<td class=\"piloto first\"><a href=\"https:\/\/actc.org.ar\/tcm\/pilotos\/2025\/lucas-carabajal_9431.html\">Carabajal, Lucas<\/a><\/td>\n<td><img decoding=\"async\" class=\"lazy\" title=\"Ford\" src=\"https:\/\/actc.org.ar\/vistas\/v3\/images\/logos\/logo-ford-xs.png\" alt=\"Ford\" data-original=\"\/vistas\/v3\/images\/logos\/logo-ford-xs.png\" \/><\/td>\n<td>5<\/td>\n<td>07:49.873<\/td>\n<td>3.655<\/td>\n<\/tr>\n<tr>\n<td class=\"pos\">5\u00b0<\/td>\n<td>50<\/td>\n<td class=\"piloto first\"><a href=\"https:\/\/actc.org.ar\/tcm\/pilotos\/2025\/agustin-ayala_9425.html\">Ayala, Agust\u00edn<\/a><\/td>\n<td><img decoding=\"async\" class=\"lazy\" title=\"Ford\" src=\"https:\/\/actc.org.ar\/vistas\/v3\/images\/logos\/logo-ford-xs.png\" alt=\"Ford\" data-original=\"\/vistas\/v3\/images\/logos\/logo-ford-xs.png\" \/><\/td>\n<td>5<\/td>\n<td>07:55.832<\/td>\n<td>9.614<\/td>\n<\/tr>\n<tr>\n<td class=\"pos\">6\u00b0<\/td>\n<td>87<\/td>\n<td class=\"piloto first\"><a href=\"https:\/\/actc.org.ar\/tcm\/pilotos\/2025\/lucas-guerra_9434.html\">Guerra, Lucas<\/a><\/td>\n<td><img decoding=\"async\" class=\"lazy\" title=\"Chevrolet\" src=\"https:\/\/actc.org.ar\/vistas\/v3\/images\/logos\/logo-chevrolet-xs.png\" alt=\"Chevrolet\" data-original=\"\/vistas\/v3\/images\/logos\/logo-chevrolet-xs.png\" \/><\/td>\n<td>5<\/td>\n<td>08:00.007<\/td>\n<td>13.789<\/p>\n<p>&nbsp;<\/p>\n<p>&nbsp;<\/td>\n<\/tr>\n<\/tbody>\n<\/table>\n<\/li>\n<\/ul>\n<\/div>\n<\/div>\n<\/div>\n<\/div>\n<\/div>\n<\/div>\n<\/div>\n","protected":false},"excerpt":{"rendered":"<p>16 AGO 25 Manuel Borgert y Lucas Bohdanowicz ganaron cada una de las series &nbsp; Un Ford en la primera y un Dodge en la segunda. Se corrieron las dos series que el TC Mouras ten\u00eda prevista en el cronograma oficial de la 10\u00aa. fecha que se correr\u00e1 este domingo en el trazado perimetral, con &hellip;<\/p>\n","protected":false},"author":2,"featured_media":23864,"comment_status":"open","ping_status":"open","sticky":false,"template":"","format":"standard","meta":{"footnotes":""},"categories":[2],"tags":[],"class_list":["post-23863","post","type-post","status-publish","format-standard","has-post-thumbnail","hentry","category-automovilismo"],"_links":{"self":[{"href":"https:\/\/www.sportchaco.com.ar\/index.php?rest_route=\/wp\/v2\/posts\/23863","targetHints":{"allow":["GET"]}}],"collection":[{"href":"https:\/\/www.sportchaco.com.ar\/index.php?rest_route=\/wp\/v2\/posts"}],"about":[{"href":"https:\/\/www.sportchaco.com.ar\/index.php?rest_route=\/wp\/v2\/types\/post"}],"author":[{"embeddable":true,"href":"https:\/\/www.sportchaco.com.ar\/index.php?rest_route=\/wp\/v2\/users\/2"}],"replies":[{"embeddable":true,"href":"https:\/\/www.sportchaco.com.ar\/index.php?rest_route=%2Fwp%2Fv2%2Fcomments&post=23863"}],"version-history":[{"count":2,"href":"https:\/\/www.sportchaco.com.ar\/index.php?rest_route=\/wp\/v2\/posts\/23863\/revisions"}],"predecessor-version":[{"id":23866,"href":"https:\/\/www.sportchaco.com.ar\/index.php?rest_route=\/wp\/v2\/posts\/23863\/revisions\/23866"}],"wp:featuredmedia":[{"embeddable":true,"href":"https:\/\/www.sportchaco.com.ar\/index.php?rest_route=\/wp\/v2\/media\/23864"}],"wp:attachment":[{"href":"https:\/\/www.sportchaco.com.ar\/index.php?rest_route=%2Fwp%2Fv2%2Fmedia&parent=23863"}],"wp:term":[{"taxonomy":"category","embeddable":true,"href":"https:\/\/www.sportchaco.com.ar\/index.php?rest_route=%2Fwp%2Fv2%2Fcategories&post=23863"},{"taxonomy":"post_tag","embeddable":true,"href":"https:\/\/www.sportchaco.com.ar\/index.php?rest_route=%2Fwp%2Fv2%2Ftags&post=23863"}],"curies":[{"name":"wp","href":"https:\/\/api.w.org\/{rel}","templated":true}]}}