{"id":23874,"date":"2025-08-17T14:29:43","date_gmt":"2025-08-17T17:29:43","guid":{"rendered":"https:\/\/www.sportchaco.com.ar\/?p=23874"},"modified":"2025-08-17T21:02:25","modified_gmt":"2025-08-18T00:02:25","slug":"lucas-bohdanowicz-logro-la-victoria-en-el-tc-mouras","status":"publish","type":"post","link":"https:\/\/www.sportchaco.com.ar\/?p=23874","title":{"rendered":"Lucas Bohdanowicz logr\u00f3 la victoria en el TC Mouras"},"content":{"rendered":"<p><strong>17-08-2025<\/strong><\/p>\n<p><img loading=\"lazy\" decoding=\"async\" class=\"aligncenter size-large wp-image-19470\" src=\"https:\/\/www.sportchaco.com.ar\/wp-content\/uploads\/2025\/05\/Banners-ruta-13_1200x200-1-1024x171.gif\" alt=\"\" width=\"1024\" height=\"171\" srcset=\"https:\/\/www.sportchaco.com.ar\/wp-content\/uploads\/2025\/05\/Banners-ruta-13_1200x200-1-1024x171.gif 1024w, https:\/\/www.sportchaco.com.ar\/wp-content\/uploads\/2025\/05\/Banners-ruta-13_1200x200-1-300x50.gif 300w, https:\/\/www.sportchaco.com.ar\/wp-content\/uploads\/2025\/05\/Banners-ruta-13_1200x200-1-768x128.gif 768w, https:\/\/www.sportchaco.com.ar\/wp-content\/uploads\/2025\/05\/Banners-ruta-13_1200x200-1-1536x256.gif 1536w, https:\/\/www.sportchaco.com.ar\/wp-content\/uploads\/2025\/05\/Banners-ruta-13_1200x200-1-2048x342.gif 2048w\" sizes=\"auto, (max-width: 1024px) 100vw, 1024px\" \/><\/p>\n<p>Lucas Bohdanowicz logr\u00f3 la victoria en el TC Mouras en la fecha disputada este domingo, 17 de agosto de 2025, en el Aut\u00f3dromo de La Plata.<\/p>\n<p>Esta victoria, a bordo de su Dodge, marca su segundo triunfo en la categor\u00eda y es la tercera consecutiva para su equipo, el Galarza Racing.<\/p>\n<p>La d\u00e9cima fecha en el aut\u00f3dromo Roberto Mouras se desarroll\u00f3 bajo un clima expectante, tras una ma\u00f1ana de lloviznas que finalmente cedieron para dar paso a un asfalto seco y desafiante. A puro coraje y con el Dodge del equipo Galarza Racing,\u00a0Bohdanowicz\u00a0parti\u00f3 de manera s\u00f3lida, tom\u00f3 la punta en la primera curva y a base de vueltas regulares y una defensa sobria mantuvo a raya a Francisco Luengo, quien termin\u00f3 segundo. El tercer escal\u00f3n del podio lo ocup\u00f3 nada menos que otro chaque\u00f1o: Lucas Carabajal, que al sumar valiosos puntos se asegur\u00f3 c\u00f3modamente la conquista de la etapa regular.<\/p>\n<p>Bohdanowicz, de apenas 19 a\u00f1os, festej\u00f3 su segunda victoria en la temporada, lo que lo posesion\u00f3 como escolta en el campeonato. \u00abPens\u00e9 que ser\u00eda m\u00e1s dif\u00edcil, pero pude capturar la punta r\u00e1pido y eso me permiti\u00f3 regular y cuidar el auto. Este triunfo es para todo Chaco porque Lucas logr\u00f3 la etapa regular. Felicito a mi equipo y mec\u00e1nicos, \u00a1este Dodge anda tremendo!\u00bb, expres\u00f3, todav\u00eda con la adrenalina a flor de piel.<\/p>\n<p>Carabajal, protagonista durante toda la\u00a0fase regular, lidera la tabla con 382 puntos, seguido de cerca por Bohdanowicz (361,5) y Manuel Borgert (361). Los chaque\u00f1os ya miran a la pr\u00f3xima cita, en R\u00edo Cuarto, C\u00f3rdoba, so\u00f1ando con la Copa de Oro y la consagraci\u00f3n nacional del automovilismo.<\/p>\n<p>Sin duda, este domingo quedar\u00e1 marcado a fuego en las pistas y en la memoria de los fierreros chaque\u00f1os.<\/p>\n<p>El podio de la carrera fue:<\/p>\n<ul>\n<li><b>1\u00ba Lucas Bohdanowicz<\/b> (Dodge)<\/li>\n<li><b>2\u00ba Manuel Borgert<\/b> (Ford)<\/li>\n<li><b>3\u00ba Francisco Luengo<\/b> (Chevrolet)<\/li>\n<li><strong>RESULTADO FINAL<\/strong><\/li>\n<li>\n<div id=\"DivNombreTanda\">\n<div align=\"left\"><strong>Final<\/strong><\/div>\n<div align=\"left\"><\/div>\n<div align=\"left\">Resultados\u00a0<a class=\"btn-grey-xsmall\" href=\"https:\/\/actc.org.ar\/modules\/ppcev\/downloadexcel.php?idrace=1845&amp;idround=24\" target=\"blank_\">XLS<\/a>\u00a0<a class=\"btn-grey-xsmall\" href=\"https:\/\/actc.org.ar\/modules\/ppcev\/downloadpdf.php?idrace=1845&amp;idround=24\" target=\"blank_\">PDF<\/a>\u00a0| Parciales\u00a0<a class=\"btn-grey-xsmall\" href=\"https:\/\/actc.org.ar\/upload\/htmls\/intranet\/parciales\/1845\/Final.xls\" target=\"blank_\">XLS<\/a>\u00a0<a class=\"btn-grey-xsmall\" href=\"https:\/\/actc.org.ar\/upload\/htmls\/intranet\/parciales\/1845\/Final.pdf\" target=\"blank_\">PDF<\/a><\/div>\n<\/div>\n<div class=\"carrera-on-line-verificado\">Verificado por: Cronometraje\u00a0<img decoding=\"async\" src=\"https:\/\/actc.org.ar\/admin\/vistas\/images\/on_aprobacion.png\" \/>\u00a0T\u00e9cnica\u00a0<img decoding=\"async\" src=\"https:\/\/actc.org.ar\/admin\/vistas\/images\/off_aprobacion.png\" \/>\u00a0Deportiva\u00a0<img decoding=\"async\" src=\"https:\/\/actc.org.ar\/admin\/vistas\/images\/on_aprobacion.png\" \/><\/div>\n<div class=\"table-responsive generic-tbl results-tbl\">\n<table class=\"table\">\n<thead>\n<tr>\n<th>Pos.<\/th>\n<th>N\u00famero<\/th>\n<th>Piloto<\/th>\n<th>Marca<\/th>\n<th>Vueltas<\/th>\n<th>Tiempo<\/th>\n<th>Diferencia<\/th>\n<\/tr>\n<\/thead>\n<tbody>\n<tr>\n<td class=\"pos\">1\u00b0<\/td>\n<td>61<\/td>\n<td class=\"piloto first\"><a href=\"https:\/\/actc.org.ar\/tcm\/pilotos\/2025\/lucas-bohdanowicz_9426.html\">Bohdanowicz, Lucas<\/a><\/td>\n<td><img decoding=\"async\" class=\"lazy\" title=\"Dodge\" src=\"https:\/\/actc.org.ar\/vistas\/v3\/images\/logos\/logo-dodge-xs.png\" alt=\"Dodge\" data-original=\"\/vistas\/v3\/images\/logos\/logo-dodge-xs.png\" \/><\/td>\n<td>13<\/td>\n<td>20:35.347<\/td>\n<td><\/td>\n<\/tr>\n<tr>\n<td class=\"pos\">2\u00b0<\/td>\n<td>141<\/td>\n<td class=\"piloto first\"><a href=\"https:\/\/actc.org.ar\/tcm\/pilotos\/2025\/francisco-luengo_9437.html\">Luengo, Francisco<\/a><\/td>\n<td><img decoding=\"async\" class=\"lazy\" title=\"Chevrolet\" src=\"https:\/\/actc.org.ar\/vistas\/v3\/images\/logos\/logo-chevrolet-xs.png\" alt=\"Chevrolet\" data-original=\"\/vistas\/v3\/images\/logos\/logo-chevrolet-xs.png\" \/><\/td>\n<td>13<\/td>\n<td>20:36.358<\/td>\n<td>1.011<\/td>\n<\/tr>\n<tr>\n<td class=\"pos\">3\u00b0<\/td>\n<td>81<\/td>\n<td class=\"piloto first\"><a href=\"https:\/\/actc.org.ar\/tcm\/pilotos\/2025\/lucas-carabajal_9431.html\">Carabajal, Lucas<\/a><\/td>\n<td><img decoding=\"async\" class=\"lazy\" title=\"Ford\" src=\"https:\/\/actc.org.ar\/vistas\/v3\/images\/logos\/logo-ford-xs.png\" alt=\"Ford\" data-original=\"\/vistas\/v3\/images\/logos\/logo-ford-xs.png\" \/><\/td>\n<td>13<\/td>\n<td>20:36.651<\/td>\n<td>1.304<\/td>\n<\/tr>\n<tr>\n<td class=\"pos\">4\u00b0<\/td>\n<td>105<\/td>\n<td class=\"piloto first\"><a href=\"https:\/\/actc.org.ar\/tcm\/pilotos\/2025\/manuel-borgert_9435.html\">Borgert, Manuel<\/a><\/td>\n<td><img decoding=\"async\" class=\"lazy\" title=\"Ford\" src=\"https:\/\/actc.org.ar\/vistas\/v3\/images\/logos\/logo-ford-xs.png\" alt=\"Ford\" data-original=\"\/vistas\/v3\/images\/logos\/logo-ford-xs.png\" \/><\/td>\n<td>13<\/td>\n<td>20:38.339<\/td>\n<td>2.992<\/td>\n<\/tr>\n<tr>\n<td class=\"pos\">5\u00b0<\/td>\n<td>71<\/td>\n<td class=\"piloto first\"><a href=\"https:\/\/actc.org.ar\/tcm\/pilotos\/2025\/juan-pablo-guiffrey_9429.html\">Guiffrey, Juan Pablo<\/a><\/td>\n<td><img decoding=\"async\" class=\"lazy\" title=\"Chevrolet\" src=\"https:\/\/actc.org.ar\/vistas\/v3\/images\/logos\/logo-chevrolet-xs.png\" alt=\"Chevrolet\" data-original=\"\/vistas\/v3\/images\/logos\/logo-chevrolet-xs.png\" \/><\/td>\n<td>13<\/td>\n<td>20:39.236<\/td>\n<td>3.889<\/td>\n<\/tr>\n<tr>\n<td class=\"pos\">6\u00b0<\/td>\n<td>53<\/td>\n<td class=\"piloto first\"><a href=\"https:\/\/actc.org.ar\/tcm\/pilotos\/2025\/eugenio-provens_9419.html\">Provens, Eugenio<\/a><\/td>\n<td><img decoding=\"async\" class=\"lazy\" title=\"Dodge\" src=\"https:\/\/actc.org.ar\/vistas\/v3\/images\/logos\/logo-dodge-xs.png\" alt=\"Dodge\" data-original=\"\/vistas\/v3\/images\/logos\/logo-dodge-xs.png\" \/><\/td>\n<td>13<\/td>\n<td>20:40.871<\/td>\n<td>5.524<\/td>\n<\/tr>\n<tr>\n<td class=\"pos\">7\u00b0<\/td>\n<td>177<\/td>\n<td class=\"piloto first\"><a href=\"https:\/\/actc.org.ar\/tcm\/pilotos\/2025\/luca-demarco_9438.html\">Demarco, Luca<\/a><\/td>\n<td><img decoding=\"async\" class=\"lazy\" title=\"Dodge\" src=\"https:\/\/actc.org.ar\/vistas\/v3\/images\/logos\/logo-dodge-xs.png\" alt=\"Dodge\" data-original=\"\/vistas\/v3\/images\/logos\/logo-dodge-xs.png\" \/><\/td>\n<td>13<\/td>\n<td>20:55.081<\/td>\n<td>19.734<\/td>\n<\/tr>\n<tr>\n<td class=\"pos\">8\u00b0<\/td>\n<td>87<\/td>\n<td class=\"piloto first\"><a href=\"https:\/\/actc.org.ar\/tcm\/pilotos\/2025\/lucas-guerra_9434.html\">Guerra, Lucas<\/a><\/td>\n<td><img decoding=\"async\" class=\"lazy\" title=\"Chevrolet\" src=\"https:\/\/actc.org.ar\/vistas\/v3\/images\/logos\/logo-chevrolet-xs.png\" alt=\"Chevrolet\" data-original=\"\/vistas\/v3\/images\/logos\/logo-chevrolet-xs.png\" \/><\/td>\n<td>13<\/td>\n<td>20:58.628<\/td>\n<td>23.281<\/td>\n<\/tr>\n<tr>\n<td class=\"pos\">9\u00b0<\/td>\n<td>85<\/td>\n<td class=\"piloto first\"><a href=\"https:\/\/actc.org.ar\/tcm\/pilotos\/2025\/juan-manuel-dose_9433.html\">Dose, Juan Manuel<\/a><\/td>\n<td><img decoding=\"async\" class=\"lazy\" title=\"Chevrolet\" src=\"https:\/\/actc.org.ar\/vistas\/v3\/images\/logos\/logo-chevrolet-xs.png\" alt=\"Chevrolet\" data-original=\"\/vistas\/v3\/images\/logos\/logo-chevrolet-xs.png\" \/><\/td>\n<td>13<\/td>\n<td>20:59.419<\/td>\n<td>24.072<\/td>\n<\/tr>\n<tr>\n<td class=\"pos\">10\u00b0<\/td>\n<td>119<\/td>\n<td class=\"piloto first\"><a href=\"https:\/\/actc.org.ar\/tcm\/pilotos\/2025\/facundo-ledesma_9436.html\">Ledesma, Facundo<\/a><\/td>\n<td><img decoding=\"async\" class=\"lazy\" title=\"Chevrolet\" src=\"https:\/\/actc.org.ar\/vistas\/v3\/images\/logos\/logo-chevrolet-xs.png\" alt=\"Chevrolet\" data-original=\"\/vistas\/v3\/images\/logos\/logo-chevrolet-xs.png\" \/><\/td>\n<td>13<\/td>\n<td>21:12.411<\/td>\n<td>37.064<\/td>\n<\/tr>\n<tr>\n<td class=\"pos\">11\u00b0<\/td>\n<td>50<\/td>\n<td class=\"piloto first\"><a href=\"https:\/\/actc.org.ar\/tcm\/pilotos\/2025\/agustin-ayala_9425.html\">Ayala, Agust\u00edn<\/a><\/td>\n<td><img decoding=\"async\" class=\"lazy\" title=\"Ford\" src=\"https:\/\/actc.org.ar\/vistas\/v3\/images\/logos\/logo-ford-xs.png\" alt=\"Ford\" data-original=\"\/vistas\/v3\/images\/logos\/logo-ford-xs.png\" \/><\/td>\n<td>12<\/td>\n<td>21:28.890<\/td>\n<td>1 VTA<\/td>\n<\/tr>\n<tr>\n<td class=\"pos\">12\u00b0<\/td>\n<td>77<\/td>\n<td class=\"piloto first\"><a href=\"https:\/\/actc.org.ar\/tcm\/pilotos\/2025\/leandro-gonzalez_9430.html\">Gonz\u00e1lez, Leandro<\/a><\/td>\n<td><img decoding=\"async\" class=\"lazy\" title=\"Chevrolet\" src=\"https:\/\/actc.org.ar\/vistas\/v3\/images\/logos\/logo-chevrolet-xs.png\" alt=\"Chevrolet\" data-original=\"\/vistas\/v3\/images\/logos\/logo-chevrolet-xs.png\" \/><\/td>\n<td>7<\/td>\n<td>11:03.174<\/td>\n<td>6 VTAS<\/td>\n<\/tr>\n<tr>\n<td class=\"pos\">13\u00b0<\/td>\n<td>44<\/td>\n<td class=\"piloto first\"><a href=\"https:\/\/actc.org.ar\/tcm\/pilotos\/2025\/thomas-pozner_9422.html\">Pozner, Thomas<\/a><\/td>\n<td><img decoding=\"async\" class=\"lazy\" title=\"Dodge\" src=\"https:\/\/actc.org.ar\/vistas\/v3\/images\/logos\/logo-dodge-xs.png\" alt=\"Dodge\" data-original=\"\/vistas\/v3\/images\/logos\/logo-dodge-xs.png\" \/><\/td>\n<td>5<\/td>\n<td>21:15.953<\/td>\n<td>8 VTAS<\/td>\n<\/tr>\n<tr>\n<td class=\"pos\">14\u00b0<\/td>\n<td>43<\/td>\n<td class=\"piloto first\"><a href=\"https:\/\/actc.org.ar\/tcm\/pilotos\/2025\/benjamin-anton_9421.html\">Ant\u00f3n, Benjam\u00edn<\/a><\/td>\n<td><img decoding=\"async\" class=\"lazy\" title=\"Ford\" src=\"https:\/\/actc.org.ar\/vistas\/v3\/images\/logos\/logo-ford-xs.png\" alt=\"Ford\" data-original=\"\/vistas\/v3\/images\/logos\/logo-ford-xs.png\" \/><\/td>\n<td>3<\/td>\n<td>04:41.849<\/td>\n<td>10 VTAS<\/td>\n<\/tr>\n<tr>\n<td class=\"pos\">15\u00b0<\/td>\n<td>66<\/td>\n<td class=\"piloto first\"><a href=\"https:\/\/actc.org.ar\/tcm\/pilotos\/2025\/gustavo-h-tadei_9427.html\">Tadei, Gustavo (H)<\/a><\/td>\n<td><img decoding=\"async\" class=\"lazy\" title=\"Chevrolet\" src=\"https:\/\/actc.org.ar\/vistas\/v3\/images\/logos\/logo-chevrolet-xs.png\" alt=\"Chevrolet\" data-original=\"\/vistas\/v3\/images\/logos\/logo-chevrolet-xs.png\" \/><\/td>\n<td>3<\/td>\n<td>04:43.458<\/td>\n<td>10 VTAS<\/td>\n<\/tr>\n<\/tbody>\n<\/table>\n<\/div>\n<div class=\"additional-data\">\n<div class=\"row\"><\/div>\n<\/div>\n<div class=\"incidences\"><\/div>\n<p>&nbsp;<\/p>\n<p>&nbsp;<\/li>\n<\/ul>\n","protected":false},"excerpt":{"rendered":"<p>17-08-2025 Lucas Bohdanowicz logr\u00f3 la victoria en el TC Mouras en la fecha disputada este domingo, 17 de agosto de 2025, en el Aut\u00f3dromo de La Plata. Esta victoria, a bordo de su Dodge, marca su segundo triunfo en la categor\u00eda y es la tercera consecutiva para su equipo, el Galarza Racing. La d\u00e9cima fecha &hellip;<\/p>\n","protected":false},"author":2,"featured_media":23875,"comment_status":"open","ping_status":"open","sticky":false,"template":"","format":"standard","meta":{"footnotes":""},"categories":[2],"tags":[],"class_list":["post-23874","post","type-post","status-publish","format-standard","has-post-thumbnail","hentry","category-automovilismo"],"_links":{"self":[{"href":"https:\/\/www.sportchaco.com.ar\/index.php?rest_route=\/wp\/v2\/posts\/23874","targetHints":{"allow":["GET"]}}],"collection":[{"href":"https:\/\/www.sportchaco.com.ar\/index.php?rest_route=\/wp\/v2\/posts"}],"about":[{"href":"https:\/\/www.sportchaco.com.ar\/index.php?rest_route=\/wp\/v2\/types\/post"}],"author":[{"embeddable":true,"href":"https:\/\/www.sportchaco.com.ar\/index.php?rest_route=\/wp\/v2\/users\/2"}],"replies":[{"embeddable":true,"href":"https:\/\/www.sportchaco.com.ar\/index.php?rest_route=%2Fwp%2Fv2%2Fcomments&post=23874"}],"version-history":[{"count":4,"href":"https:\/\/www.sportchaco.com.ar\/index.php?rest_route=\/wp\/v2\/posts\/23874\/revisions"}],"predecessor-version":[{"id":23904,"href":"https:\/\/www.sportchaco.com.ar\/index.php?rest_route=\/wp\/v2\/posts\/23874\/revisions\/23904"}],"wp:featuredmedia":[{"embeddable":true,"href":"https:\/\/www.sportchaco.com.ar\/index.php?rest_route=\/wp\/v2\/media\/23875"}],"wp:attachment":[{"href":"https:\/\/www.sportchaco.com.ar\/index.php?rest_route=%2Fwp%2Fv2%2Fmedia&parent=23874"}],"wp:term":[{"taxonomy":"category","embeddable":true,"href":"https:\/\/www.sportchaco.com.ar\/index.php?rest_route=%2Fwp%2Fv2%2Fcategories&post=23874"},{"taxonomy":"post_tag","embeddable":true,"href":"https:\/\/www.sportchaco.com.ar\/index.php?rest_route=%2Fwp%2Fv2%2Ftags&post=23874"}],"curies":[{"name":"wp","href":"https:\/\/api.w.org\/{rel}","templated":true}]}}