{"id":23877,"date":"2025-08-17T14:38:08","date_gmt":"2025-08-17T17:38:08","guid":{"rendered":"https:\/\/www.sportchaco.com.ar\/?p=23877"},"modified":"2025-08-17T14:46:27","modified_gmt":"2025-08-17T17:46:27","slug":"un-marc-marquez-voraz-conquista-por-fin-el-gp-de-austria","status":"publish","type":"post","link":"https:\/\/www.sportchaco.com.ar\/?p=23877","title":{"rendered":"Un Marc M\u00e1rquez voraz conquista por fin el GP de Austria"},"content":{"rendered":"<header class=\"a_e _g _g-xs\">\n<div class=\"a_e_txt _df\">\n<div class=\"a_k _df\">17-08-2025<\/div>\n<h4 class=\"a_t\">Marc M\u00e1rquez, l\u00edder del Mundial contin\u00faa dando pasos de gigante hacia el noveno t\u00edtulo tras superar la resistencia inicial de Bezzecchi y aguantar el empuje final de Aldeguer, segundo<\/h4>\n<\/div>\n<div class=\"a_e_m\"><\/div>\n<\/header>\n<div class=\"a_md _g _g-xs \">\n<figure class=\"a_md_i a_m-h c_m--nf\"><\/figure>\n<div class=\"a_md_txt\">\n<div class=\"a_md_a\" data-dtm-region=\"articulo_firma\"><strong><span style=\"color: #000000;\"><a class=\"a_md_a_n\" style=\"color: #000000;\" title=\"Ver todas las noticias de Guille \u00c1lvarez\" href=\"https:\/\/elpais.com\/autor\/guillermo-alvarez-sanchez\/#?rel=author_top\">Guille \u00c1lvarez<\/a><\/span><\/strong><\/div>\n<div class=\"a_md_f\"><strong><span style=\"color: #000000;\"><a style=\"color: #000000;\" href=\"https:\/\/elpais.com\/hemeroteca\/2025-08-17\/\" data-date=\"2025-08-17T15:49:20+02:00\">17\u00a0<abbr title=\"agosto\">AGO<\/abbr> 2025 &#8211;\u00a0<\/a>El Pa\u00eds<\/span><\/strong><\/div>\n<div><\/div>\n<\/div>\n<\/div>\n<div class=\"a_c clearfix\" data-dtm-region=\"articulo_cuerpo\">\n<p class=\"\"><span style=\"color: #000000;\">Marc M\u00e1rquez contin\u00faa imparable y ni las vacaciones han podido enfriar su portentosa racha en MotoGP.\u00a0<a style=\"color: #000000;\" title=\"https:\/\/elpais.com\/deportes\/motociclismo\/2025-08-16\/marc-marquez-sigue-de-dulce-en-el-mundial-de-motogp-gana-por-primera-vez-en-austria-en-otro-doblete-junto-a-su-hermano.html\" href=\"https:\/\/elpais.com\/deportes\/motociclismo\/2025-08-16\/marc-marquez-sigue-de-dulce-en-el-mundial-de-motogp-gana-por-primera-vez-en-austria-en-otro-doblete-junto-a-su-hermano.html\" target=\"_self\" rel=\"\" data-link-track-dtm=\"\">El piloto de Ducati firm\u00f3 un doblete demoledor por sexto fin de semana de competici\u00f3n consecutivo<\/a>\u00a0y dio otro paso de gigante hacia su noveno t\u00edtulo mundialista. El ganador vio, adem\u00e1s, c\u00f3mo sus principales perseguidores se hund\u00edan en una carrera poco lustrosa, la n\u00famero 1.000 en la historia de la categor\u00eda reina. En el podio le acompa\u00f1aron el novato Ferm\u00edn Aldeguer, segundo tras remontar desde la octava plaza con su Desmosedici sat\u00e9lite del equipo Gresini, y el poleman Marco Bezzecchi con la Aprilia que todav\u00eda no puede exprimir el campe\u00f3n Jorge Mart\u00edn.<\/span><\/p>\n<p class=\"\"><span style=\"color: #000000;\">El l\u00edder, que emerge con 142 puntos de ventaja sobre su hermano \u00c1lex M\u00e1rquez, supo modular una vez m\u00e1s su ambici\u00f3n para asestar el golpe de gracia en el segundo tramo de la prueba, cuando las gomas desgastadas reducen la eficacia de los denostados dispositivos aerodin\u00e1micos y electr\u00f3nicos, muy criticados tras la \u00faltima actualizaci\u00f3n del control de estabilidad estrenada en el trazado austriaco.<\/span><\/p>\n<div id=\"elpais_gpt-INTEXT\"><\/div>\n<p class=\"\"><span style=\"color: #000000;\">El italiano Bezzecchi fue el \u00fanico que present\u00f3 batalla al t\u00f3tem del certamen, y no se arrug\u00f3 cuando este quiso lanzarle su primer ataque en la d\u00e9cima vuelta.\u00a0<a style=\"color: #000000;\" title=\"https:\/\/elpais.com\/deportes\/motociclismo\/2025-08-14\/a-marc-marquez-no-le-faltan-alicientes-a-la-vuelta-de-las-vacaciones-aspira-a-ganar-por-vez-primera-en-el-gp-de-austria.html\" href=\"https:\/\/elpais.com\/deportes\/motociclismo\/2025-08-14\/a-marc-marquez-no-le-faltan-alicientes-a-la-vuelta-de-las-vacaciones-aspira-a-ganar-por-vez-primera-en-el-gp-de-austria.html\" target=\"_blank\" rel=\"noopener noreferrer\" data-link-track-dtm=\"\">El octocampe\u00f3n de Cervera tuvo que esperar otros diez giros para lanzar su ofensiva definitiva<\/a>, despu\u00e9s de un primer hachazo en la curva m\u00e1s lenta del circuito que obtuvo la respuesta del pupilo de Valentino Rossi.<\/span><\/p>\n<aside class=\"a_ei\">\n<header class=\"a_ei_h _db\"><span class=\"a_m_w _db\"><img loading=\"lazy\" decoding=\"async\" class=\"_re a_m-h\" src=\"https:\/\/imagenes.elpais.com\/resizer\/v2\/27KRVC26AND2ZIOFVFKW7CPCVA.jpg?auth=458924ca8649e1b005ac0c2b29ea0ac7fb59b142d72fbe81c0fe5f843f8f261f&amp;width=414\" sizes=\"auto, (min-width:1199px)1155px,(min-width:1001px)95vw,(min-width:768px)767px,100vw\" srcset=\"https:\/\/imagenes.elpais.com\/resizer\/v2\/27KRVC26AND2ZIOFVFKW7CPCVA.jpg?auth=458924ca8649e1b005ac0c2b29ea0ac7fb59b142d72fbe81c0fe5f843f8f261f&amp;width=414 414w,https:\/\/imagenes.elpais.com\/resizer\/v2\/27KRVC26AND2ZIOFVFKW7CPCVA.jpg?auth=458924ca8649e1b005ac0c2b29ea0ac7fb59b142d72fbe81c0fe5f843f8f261f&amp;width=828 640w,https:\/\/imagenes.elpais.com\/resizer\/v2\/27KRVC26AND2ZIOFVFKW7CPCVA.jpg?auth=458924ca8649e1b005ac0c2b29ea0ac7fb59b142d72fbe81c0fe5f843f8f261f&amp;width=980 1000w,https:\/\/imagenes.elpais.com\/resizer\/v2\/27KRVC26AND2ZIOFVFKW7CPCVA.jpg?auth=458924ca8649e1b005ac0c2b29ea0ac7fb59b142d72fbe81c0fe5f843f8f261f&amp;width=1200 1200w\" alt=\"El piloto espa\u00f1ol Marc M\u00e1rquez celebra su victoria el Gran Premio de Austria, este domingo.\" width=\"414\" height=\"276\" \/><\/span><strong>El piloto espa\u00f1ol Marc M\u00e1rquez celebra su victoria el Gran Premio de Austria, este domingo.<span class=\"a_m_m\">MAX SLOVENCIK (EFE)<\/span><\/strong><\/header>\n<\/aside>\n<\/div>\n","protected":false},"excerpt":{"rendered":"<p>17-08-2025 Marc M\u00e1rquez, l\u00edder del Mundial contin\u00faa dando pasos de gigante hacia el noveno t\u00edtulo tras superar la resistencia inicial de Bezzecchi y aguantar el empuje final de Aldeguer, segundo Guille \u00c1lvarez 17\u00a0AGO 2025 &#8211;\u00a0El Pa\u00eds Marc M\u00e1rquez contin\u00faa imparable y ni las vacaciones han podido enfriar su portentosa racha en MotoGP.\u00a0El piloto de Ducati &hellip;<\/p>\n","protected":false},"author":2,"featured_media":23878,"comment_status":"open","ping_status":"open","sticky":false,"template":"","format":"standard","meta":{"footnotes":""},"categories":[59],"tags":[],"class_list":["post-23877","post","type-post","status-publish","format-standard","has-post-thumbnail","hentry","category-motociclismo"],"_links":{"self":[{"href":"https:\/\/www.sportchaco.com.ar\/index.php?rest_route=\/wp\/v2\/posts\/23877","targetHints":{"allow":["GET"]}}],"collection":[{"href":"https:\/\/www.sportchaco.com.ar\/index.php?rest_route=\/wp\/v2\/posts"}],"about":[{"href":"https:\/\/www.sportchaco.com.ar\/index.php?rest_route=\/wp\/v2\/types\/post"}],"author":[{"embeddable":true,"href":"https:\/\/www.sportchaco.com.ar\/index.php?rest_route=\/wp\/v2\/users\/2"}],"replies":[{"embeddable":true,"href":"https:\/\/www.sportchaco.com.ar\/index.php?rest_route=%2Fwp%2Fv2%2Fcomments&post=23877"}],"version-history":[{"count":2,"href":"https:\/\/www.sportchaco.com.ar\/index.php?rest_route=\/wp\/v2\/posts\/23877\/revisions"}],"predecessor-version":[{"id":23880,"href":"https:\/\/www.sportchaco.com.ar\/index.php?rest_route=\/wp\/v2\/posts\/23877\/revisions\/23880"}],"wp:featuredmedia":[{"embeddable":true,"href":"https:\/\/www.sportchaco.com.ar\/index.php?rest_route=\/wp\/v2\/media\/23878"}],"wp:attachment":[{"href":"https:\/\/www.sportchaco.com.ar\/index.php?rest_route=%2Fwp%2Fv2%2Fmedia&parent=23877"}],"wp:term":[{"taxonomy":"category","embeddable":true,"href":"https:\/\/www.sportchaco.com.ar\/index.php?rest_route=%2Fwp%2Fv2%2Fcategories&post=23877"},{"taxonomy":"post_tag","embeddable":true,"href":"https:\/\/www.sportchaco.com.ar\/index.php?rest_route=%2Fwp%2Fv2%2Ftags&post=23877"}],"curies":[{"name":"wp","href":"https:\/\/api.w.org\/{rel}","templated":true}]}}