{"id":23889,"date":"2025-08-17T19:50:18","date_gmt":"2025-08-17T22:50:18","guid":{"rendered":"https:\/\/www.sportchaco.com.ar\/?p=23889"},"modified":"2025-08-18T18:52:04","modified_gmt":"2025-08-18T21:52:04","slug":"finalizo-una-nueva-fecha-del-ascenso-liguista","status":"publish","type":"post","link":"https:\/\/www.sportchaco.com.ar\/?p=23889","title":{"rendered":"Finaliz\u00f3 una nueva fecha del ascenso liguista"},"content":{"rendered":"<p><strong>17-08-2025<\/strong><\/p>\n<p><img loading=\"lazy\" decoding=\"async\" class=\"aligncenter wp-image-20490 size-full\" src=\"https:\/\/www.sportchaco.com.ar\/wp-content\/uploads\/2025\/06\/728x90-1.gif\" alt=\"\" width=\"1518\" height=\"189\" \/><\/p>\n<p>Este domingo se dio por finalizada la 19\u00aa fecha del campeonato Oficial de la Primera B de la Liga Chaque\u00f1a.<\/p>\n<p>Centro de Empleados de Comercio dej\u00f3 puntos en el camino y no se pudo acercar a Parque Patricios que lidera en soledad. El que volvi\u00f3 al triunfo luego de un par de partidos fue Los L\u00edricos que derrotaron a DEF.<\/p>\n<p><b><strong>TORNEO OFICIAL \u00abADRI\u00c1N DAR\u00cdO PARRA\u00bb<br \/>\n<\/strong><\/b><strong>TODA LA 19\u00aa FECHA<br \/>\nViernes 15-08<\/strong><br \/>\nParque Patricios 8 \u2013 V\u00e9lez 0, en Alvear<\/p>\n<p><strong>S\u00e1bado 16-08<\/strong><br \/>\nConfraternidad 1 \u2013 Camioneros 3, en Defensores<br \/>\nUPCP 1 \u2013 Banfield 2, en Regional<br \/>\nChaco Hebr\u00f3n 1 \u2013 Dep. Sameep 1<br \/>\nDep. Esperanza 2 \u2013 C. E. de Comercio 2, en V\u00e9lez<\/p>\n<p><strong>Domingo 17-08<\/strong><br \/>\nDep. G\u00fciraldes 4 \u2013 Centauro FC 1, en Regional<br \/>\nLos L\u00edricos 2 \u2013 DEF 1, en Indep. Tirol<br \/>\nUni\u00f3n del Sur 1 \u2013 Municipales 1<br \/>\nDogos 3 \u2013 Dep. Zona Sur 1, en Chaco Hebr\u00f3n<\/p>\n<p>Bariloche FC \u2013 San Fernando\u00a0<em>(suspendido)<br \/>\n*Bariloche FC se dio de baja de la Liga Chaque\u00f1a\u00a0<\/em><\/p>\n<p>FC Barber\u00e1n\u00a0\u2013 Dep. Barber\u00e1n\u00a0<em>(suspendido)<br \/>\n*Dep. Barber\u00e1n lo dieron de baja de la Liga Chaque\u00f1a\u00a0<\/em><\/p>\n<p><strong>Libre:<\/strong>\u00a0Canallas del Sur<\/p>\n<p><strong>POSICIONES<\/strong><br \/>\nParque Patricios 45<br \/>\nC. E. de Comercio 40<br \/>\nLos L\u00edricos 40<br \/>\nDep. G\u00fciraldes 36<br \/>\nUPCP 35<br \/>\nDep. Esperanza 34<br \/>\nSan Fernando 31<br \/>\nBanfield 30<br \/>\nCanallas del Sur 28<br \/>\nFC Barber\u00e1n 26<br \/>\nDogos 24<br \/>\nDep. Sameep 23<br \/>\nMunicipales 23<br \/>\nUni\u00f3n del Sur 23<br \/>\nCamioneros 21<br \/>\nDep. Zona Sur 21<br \/>\nV\u00e9lez 20<br \/>\nConfraternidad 19<br \/>\nChaco Hebr\u00f3n 15<br \/>\nDEF 14<br \/>\nDep. Barber\u00e1n 14<em>*<\/em><br \/>\nCentauro FC 10<br \/>\nBariloche FC 6<em>*<\/em><em><br \/>\n*Se dieron de baja del torneo<br \/>\n*Todos los equipos que enfrenten a Dep. Barber\u00e1n y Bariloche FC se adjudicar\u00e1n los tres puntos<\/em><\/p>\n<p><strong>Pr\u00f3xima fecha (20\u00aa)<\/strong><br \/>\nDep. Zona Sur &#8211; Camioneros<br \/>\nDogos &#8211; Parque Patricios<br \/>\nBanfield &#8211; Confraternidad<br \/>\nV\u00e9lez &#8211; Dep. G\u00fciraldes<br \/>\nCentauro FC &#8211; Uni\u00f3n del Sur<br \/>\nDep. Sameep &#8211; Canallas del Sur<br \/>\nMunicipales &#8211; Los L\u00edricos<br \/>\nSan Fernando &#8211; Chaco Hebr\u00f3n<br \/>\nDEF &#8211; Dep. Esperanza<\/p>\n<p>FC Barber\u00e1n &#8211; Bariloche FC <em>(suspendido)<br \/>\n*Bariloche FC se dio de baja de la Liga Chaque\u00f1a\u00a0<\/em><\/p>\n<p>C. E. de Comercio \u2013 Dep. Barber\u00e1n <em>(suspendido)<br \/>\n*Dep. Barber\u00e1n lo dieron de baja de la Liga Chaque\u00f1a\u00a0<\/em><\/p>\n<p><strong>Libre: <\/strong>UPCP<\/p>\n<p><em><strong>Foto: F\u00fatbol Criollo<\/strong><\/em><\/p>\n<p><em><img loading=\"lazy\" decoding=\"async\" class=\"aligncenter wp-image-20488 size-full\" src=\"https:\/\/www.sportchaco.com.ar\/wp-content\/uploads\/2025\/06\/BANNER-WEB-CHACO-JUEGA_300x250.gif\" alt=\"\" width=\"626\" height=\"522\" \/><\/em><\/p>\n","protected":false},"excerpt":{"rendered":"<p>17-08-2025 Este domingo se dio por finalizada la 19\u00aa fecha del campeonato Oficial de la Primera B de la Liga Chaque\u00f1a. Centro de Empleados de Comercio dej\u00f3 puntos en el camino y no se pudo acercar a Parque Patricios que lidera en soledad. El que volvi\u00f3 al triunfo luego de un par de partidos fue &hellip;<\/p>\n","protected":false},"author":3,"featured_media":23890,"comment_status":"open","ping_status":"open","sticky":false,"template":"","format":"standard","meta":{"footnotes":""},"categories":[5],"tags":[],"class_list":["post-23889","post","type-post","status-publish","format-standard","has-post-thumbnail","hentry","category-futbol"],"_links":{"self":[{"href":"https:\/\/www.sportchaco.com.ar\/index.php?rest_route=\/wp\/v2\/posts\/23889","targetHints":{"allow":["GET"]}}],"collection":[{"href":"https:\/\/www.sportchaco.com.ar\/index.php?rest_route=\/wp\/v2\/posts"}],"about":[{"href":"https:\/\/www.sportchaco.com.ar\/index.php?rest_route=\/wp\/v2\/types\/post"}],"author":[{"embeddable":true,"href":"https:\/\/www.sportchaco.com.ar\/index.php?rest_route=\/wp\/v2\/users\/3"}],"replies":[{"embeddable":true,"href":"https:\/\/www.sportchaco.com.ar\/index.php?rest_route=%2Fwp%2Fv2%2Fcomments&post=23889"}],"version-history":[{"count":5,"href":"https:\/\/www.sportchaco.com.ar\/index.php?rest_route=\/wp\/v2\/posts\/23889\/revisions"}],"predecessor-version":[{"id":23943,"href":"https:\/\/www.sportchaco.com.ar\/index.php?rest_route=\/wp\/v2\/posts\/23889\/revisions\/23943"}],"wp:featuredmedia":[{"embeddable":true,"href":"https:\/\/www.sportchaco.com.ar\/index.php?rest_route=\/wp\/v2\/media\/23890"}],"wp:attachment":[{"href":"https:\/\/www.sportchaco.com.ar\/index.php?rest_route=%2Fwp%2Fv2%2Fmedia&parent=23889"}],"wp:term":[{"taxonomy":"category","embeddable":true,"href":"https:\/\/www.sportchaco.com.ar\/index.php?rest_route=%2Fwp%2Fv2%2Fcategories&post=23889"},{"taxonomy":"post_tag","embeddable":true,"href":"https:\/\/www.sportchaco.com.ar\/index.php?rest_route=%2Fwp%2Fv2%2Ftags&post=23889"}],"curies":[{"name":"wp","href":"https:\/\/api.w.org\/{rel}","templated":true}]}}