{"id":23922,"date":"2025-08-18T11:08:42","date_gmt":"2025-08-18T14:08:42","guid":{"rendered":"https:\/\/www.sportchaco.com.ar\/?p=23922"},"modified":"2025-08-18T18:45:46","modified_gmt":"2025-08-18T21:45:46","slug":"victor-pocho-pertile-una-vida-dedicada-al-deporte-y-la-educacion-fisica","status":"publish","type":"post","link":"https:\/\/www.sportchaco.com.ar\/?p=23922","title":{"rendered":"V\u00edctor \u00abPocho\u00bb Pertile: Una vida dedicada al deporte y la educaci\u00f3n f\u00edsica"},"content":{"rendered":"<p>&nbsp;<\/p>\n<p>&nbsp;<\/p>\n<p>&nbsp;<\/p>\n<p>&nbsp;<\/p>\n<p><strong>El 29 de julio falleci\u00f3 a los 85 a\u00f1os el profesor V\u00edctor P\u00e9rtile, \u201cPocho\u201d para el ambiente de la educaci\u00f3n f\u00edsica y el deporte. Tuvo una carrera donde tuvo como horizonte el manteamiento adecuado del ser humano, para una vida mejor. Fue jugador de f\u00fatbol se form\u00f3 en la Universidad de San Fernando, fue entrenador y form\u00f3 a sus hijos en el deporte. \u00a0En laa actividad f\u00edsica con adultos, forj\u00f3 muchos amigos que laamaban por su formade trabajar.<\/strong><\/p>\n<p>Profesor y formador de generaciones, V\u00edctor \u00abPocho\u00bb Perfile, comparti\u00f3 su historia en el marco de la serie documental \u00ab5 fotos, una historia\u00bb con el periodista Luis Dar\u00edo Molodezky, dejando testimonio para futuras generaciones. En una entrevista reveladora, el educador repas\u00f3 su trayectoria desde sus inicios en Colonia Elisa hasta su formaci\u00f3n profesional en Buenos Aires.<\/p>\n<p>El \u00abPocho\u00bb Pertile naci\u00f3 el 6 de abril de 1940 en Colonia Elisa, aunque considera a General San Mart\u00edn como su \u00abciudad adoptiva\u00bb. Su primer acercamiento al deporte fue a trav\u00e9s del f\u00fatbol, jugando en el Club Independiente, ubicado frente a su casa. Sin embargo, su camino profesional cambi\u00f3 gracias a la orientaci\u00f3n de su profesor de educaci\u00f3n f\u00edsica, Faustino, quien lo anim\u00f3 a seguir una carrera en esa disciplina.<\/p>\n<p><img decoding=\"async\" src=\"https:\/\/scontent.fcnq2-2.fna.fbcdn.net\/v\/t39.30808-6\/533260953_3661047967538230_4593132232286371962_n.jpg?_nc_cat=111&amp;ccb=1-7&amp;_nc_sid=127cfc&amp;_nc_ohc=S2NdRWJ-k8wQ7kNvwEHouFo&amp;_nc_oc=AdkxTYIwEvFup6MTTphiod6uHaZrHNo3X-k4OWmzSGs3W47LsZLpGCQcnSCcjeaSrms&amp;_nc_zt=23&amp;_nc_ht=scontent.fcnq2-2.fna&amp;_nc_gid=353ZpUh7xEySfUhwbW0JBA&amp;oh=00_AfVPfyPtvJN8n_MF-ARv2IVt5F741I0_-H5MsxT-GtUxwg&amp;oe=68A90E96\" alt=\"Puede ser una imagen de 4 personas, personas jugando al f\u00fatbol, personas jugando al f\u00fatbol y texto\" \/><\/p>\n<p>Esta decisi\u00f3n lo llev\u00f3 a formarse en el Instituto General Manuel Belgrano en San Fernando, Buenos Aires, la \u00fanica instituci\u00f3n de su tipo en el pa\u00eds en esa \u00e9poca. P\u00e9rtile se gradu\u00f3 en 1962, compartiendo promoci\u00f3n con figuras destacadas como y el recordado Rub\u00e9n Far\u00edas.<\/p>\n<p>El profesor describi\u00f3 su experiencia en el instituto como un \u00abcrisol de culturas\u00bb, donde estudiantes de todas las provincias se reun\u00edan, enriqueciendo tanto el aprendizaje como el compa\u00f1erismo. La formaci\u00f3n era rigurosa y abarcaba una amplia gama de disciplinas, desde deportes de equipo como v\u00f3ley, b\u00e1squet y f\u00fatbol, hasta actividades individuales como esgrima, boxeo, lucha grecorromana, judo, nataci\u00f3n, gimnasia y acrobacias.<\/p>\n<p>&#8211;<\/p>\n<p>V\u00edctor \u00abPocho\u00bb Pertile profundiza en su regreso a Chaco y el impacto de su trabajo en la provincia. Tras graduarse en Buenos Aires, su \u00abbautismo de fuego\u00bb fue trabajando en una colonia de vacaciones para hijos de empleados de la compa\u00f1\u00eda de gas, una experiencia que lo introdujo en el \u00e1mbito de los clubes.<\/p>\n<p><img decoding=\"async\" src=\"https:\/\/scontent.fcnq2-2.fna.fbcdn.net\/v\/t39.30808-6\/533554508_3661048034204890_1516104375574239477_n.jpg?_nc_cat=103&amp;ccb=1-7&amp;_nc_sid=127cfc&amp;_nc_ohc=viUnHLurS7cQ7kNvwHx_9bY&amp;_nc_oc=Adn3mJ_kMCwYRRQZojbYo73L0DzZQL_lBPsWV3KvzcVsGTWre4Iparz6Z0IV3kBAVS8&amp;_nc_zt=23&amp;_nc_ht=scontent.fcnq2-2.fna&amp;_nc_gid=OD6ODUbJ5JOU5EuR2Rp6HQ&amp;oh=00_AfXgEzoSpGKrkXCLqylytzLDehlHCfTmvzlDeIcqkus15w&amp;oe=68A91210\" alt=\"Puede ser una imagen de 12 personas, personas jugando al f\u00fatbol, personas jugando al f\u00fatbol y texto\" \/><\/p>\n<p>A pesar de las oportunidades en la capital, la nostalgia lo impuls\u00f3 a volver a su tierra natal. Comenz\u00f3 con solo tres horas de clase en su antigua escuela, un punto de partida humilde que lo llev\u00f3 a consolidarse en el \u00e1mbito de la educaci\u00f3n f\u00edsica en el Chaco. P\u00e9rtile tambi\u00e9n record\u00f3 su etapa como jugador de f\u00fatbol en el equipo de Zapallar, al que describi\u00f3 como \u00abcampe\u00f3n multiprovincial\u00bb.<\/p>\n<p>Uno de los hitos m\u00e1s importantes en su carrera se dio alrededor de 1968, con la creaci\u00f3n de la Direcci\u00f3n Provincial de Educaci\u00f3n F\u00edsica. Pertile fue convocado para ser supervisor, un rol que acept\u00f3 a pesar de su juventud y su poca experiencia. En esa \u00e9poca, \u00e9l era el \u00fanico profesor con t\u00edtulo en la provincia, lo que subraya la importancia de su figura en la formaci\u00f3n del deporte chaque\u00f1o.<\/p>\n<p><img decoding=\"async\" src=\"https:\/\/scontent.fcnq2-2.fna.fbcdn.net\/v\/t39.30808-6\/532990779_3661047990871561_4616449306616185562_n.jpg?_nc_cat=104&amp;ccb=1-7&amp;_nc_sid=127cfc&amp;_nc_ohc=2zRKI9xkyoQQ7kNvwHH4V9s&amp;_nc_oc=AdmQUXqajC7izHri1blU9vBT32BtJGtGZMp60Mi8noMQGhvirjWtgQETQgQ3_w70rLI&amp;_nc_zt=23&amp;_nc_ht=scontent.fcnq2-2.fna&amp;_nc_gid=kk-p1xQLfe6bG4HvDU9Zmw&amp;oh=00_AfXfI7EVdaUJL0xH7M_Kkzq4TEVHLcL7zwpV19N8g54Q5g&amp;oe=68A8F803\" alt=\"Puede ser una imagen de 4 personas y texto que dice &quot;VICTOR &quot;POCHO&quot; P\u00c9RTILE thistora Sfotos fotos PROFESOR&quot;\" \/><\/p>\n<p>Junto a su equipo, el \u00abPocho\u00bb trabaj\u00f3 arduamente para establecer programas y centros de educaci\u00f3n f\u00edsica. Gracias a su esfuerzo, se crearon los primeros centros de educaci\u00f3n f\u00edsica y, m\u00e1s tarde, el Instituto de Formaci\u00f3n Docente. Con humildad, Pertile describe su carrera como \u00abplena\u00bb y \u00abhonesta\u00bb, destacando su creencia en la educaci\u00f3n f\u00edsica como una herramienta para ense\u00f1ar valores como la perseverancia, la lealtad y la fuerza de voluntad.<\/p>\n<p>&nbsp;<\/p>\n<p>En la entrevista, Pocho Pertile profundiz\u00f3 en su visi\u00f3n sobre el rol del deporte en la sociedad y su compromiso con la comunidad. Desde sus inicios como preparador f\u00edsico en el Club Sarmiento hasta su madurez dejando testimonio sobre la importancia de la educaci\u00f3n f\u00edsica m\u00e1s all\u00e1 de la competencia.<\/p>\n<p><img decoding=\"async\" src=\"https:\/\/scontent.fcnq2-2.fna.fbcdn.net\/v\/t39.30808-6\/534846980_3661048074204886_8724761246046256342_n.jpg?_nc_cat=111&amp;ccb=1-7&amp;_nc_sid=127cfc&amp;_nc_ohc=Ghti7A70mvQQ7kNvwFA90oD&amp;_nc_oc=AdnS0Kb56siOU8D0EbjFgZnkhYnm-QM2TPAaBy7gl7dSB4o1jRxu1HIZ7gJoOfiZa0I&amp;_nc_zt=23&amp;_nc_ht=scontent.fcnq2-2.fna&amp;_nc_gid=CloM2z2byu3_t1h86NZCaQ&amp;oh=00_AfWzEeyqIRB3zLMeuUjeO41GxyEdne81f414GQd7sv9hSg&amp;oe=68A91DC1\" alt=\"Puede ser una imagen de 8 personas\" \/><\/p>\n<p>P\u00e9rtile remarc\u00f3 la jerarqu\u00eda de las instituciones deportivas como centros de formaci\u00f3n para los j\u00f3venes, y afirm\u00f3 que los clubes son una excelente oportunidad para inculcar valores como el trabajo duro y la perseverancia. Su filosof\u00eda se centraba en el crecimiento personal y el desarrollo integral, m\u00e1s que en la simple victoria en campeonatos. Para \u00e9l, era crucial darles una oportunidad a todos los ni\u00f1os, sin importar sus habilidades deportivas.<\/p>\n<p>La charla tambi\u00e9n abord\u00f3 la figura de su hijo, Javier, quien se destac\u00f3 en el baby f\u00fatbol y desarroll\u00f3 una notable carrera profesional de nueve a\u00f1os en Italia.<\/p>\n<p>Adem\u00e1s de su trabajo con los j\u00f3venes, Pertile demostr\u00f3 su compromiso con la salud y el bienestar de los adultos. El profesor comparti\u00f3 su experiencia en la creaci\u00f3n de \u00abFIBA\u00bb (Acondicionamiento F\u00edsico B\u00e1sico), un grupo tuvo uan vigencia de m\u00e1s de 30 a\u00f1os promoviendo la actividad f\u00edsica y el bienestar social entre los mayores.<\/p>\n<p>Como colof\u00f3n, Pertile revel\u00f3 que trabajaba en sus \u00faltimos a\u00f1os en desarrollar \u00a0un programa de acondicionamiento f\u00edsico accesible en su barrio, utilizando \u00abelementos primitivos\u00bb como neum\u00e1ticos y cuerdas, para aquellos que no pueden permitirse un gimnasio.<\/p>\n<p><img decoding=\"async\" src=\"https:\/\/scontent.fcnq2-1.fna.fbcdn.net\/v\/t39.30808-6\/535432516_3661047900871570_2724673225422344976_n.jpg?_nc_cat=101&amp;ccb=1-7&amp;_nc_sid=127cfc&amp;_nc_ohc=eZyaOXLRD1kQ7kNvwEXvhC1&amp;_nc_oc=AdkgG1hwSpEy2RDolSEcxQRu-FMa-TgkbYgwZwR0b1nZLX21xN2q-JnA456p3wKlDc4&amp;_nc_zt=23&amp;_nc_ht=scontent.fcnq2-1.fna&amp;_nc_gid=HumIhmz7E_bUxi7zH63K_g&amp;oh=00_AfWGco4ZhA1yiv7GAB9mwRoSPE7e88rWeC02Rel9e9OStA&amp;oe=68A901A7\" alt=\"Puede ser una imagen de 7 personas\" \/><\/p>\n<p><strong>Un parte del grupo de adultos con los que trabaj\u00f3 m\u00e1s de 35 a\u00f1os en Regatas<\/strong><\/p>\n<p>El mensaje final de Pertile para las nuevas generaciones fue un llamado a la unidad y el trabajo arduo para superar las adversidades.<\/p>\n<p>El video es una entrevista con el Profesor V\u00edctor Miguel P\u00e9rtile, tambi\u00e9n conocido como \u00abPocho\u00bb P\u00e9rtile, como parte de la serie \u00ab5 fotos una historia\u00bb.<\/p>\n<p>&nbsp;<\/p>\n<p><strong><img decoding=\"async\" src=\"https:\/\/scontent.fcnq2-1.fna.fbcdn.net\/v\/t39.30808-6\/535273126_3661047897538237_3905227179731852042_n.jpg?_nc_cat=107&amp;ccb=1-7&amp;_nc_sid=127cfc&amp;_nc_ohc=NCFbIoCxi34Q7kNvwFFOyhg&amp;_nc_oc=Adn7rMnQMwfcWmON83YOQuc3FfATkWIhYf46yiJ-vUgtj_TtS8IDGTOJhGesX2uCxnE&amp;_nc_zt=23&amp;_nc_ht=scontent.fcnq2-1.fna&amp;_nc_gid=ESKJui09mYc2NPtxfqej6A&amp;oh=00_AfXwWWW7TaJyL1df-mTNlPH3DZM34_pvkdDZUEvjmQa5Hg&amp;oe=68A8F04A\" alt=\"Puede ser una imagen de 3 personas y texto\" \/>Puntos claves:<\/strong><\/p>\n<ul>\n<li><strong>Primeros a\u00f1os y el f\u00fatbol:<\/strong> P\u00e9rtile naci\u00f3 en Colonia Elisa, Chaco, en 1940, pero considera a Zapallar su ciudad adoptiva . Desde ni\u00f1o, fue un apasionado del f\u00fatbol y jugaba con el club Independiente, que estaba justo enfrente de su casa.<\/li>\n<li><strong>Su carrera en la educaci\u00f3n f\u00edsica:<\/strong> Su profesor de educaci\u00f3n f\u00edsica lo inspir\u00f3 a seguir esa carrera . Estudi\u00f3 en el Instituto General Manuel Belgrano en San Fernando, Buenos Aires, que era el \u00fanico de su tipo en Argentina en ese momento. Se gradu\u00f3 en 1962.<\/li>\n<li><strong>Experiencia como estudiante:<\/strong> Describi\u00f3 el instituto como un \u00abcrisol de culturas\u00bb, ya que atra\u00eda a estudiantes de todo el pa\u00eds. La formaci\u00f3n era muy completa e inclu\u00eda deportes como esgrima [], boxeo [], lucha grecorromana, judo, adem\u00e1s de deportes de equipo como v\u00f3ley, b\u00e1squet, f\u00fatbol, y actividades individuales como nataci\u00f3n y gimnasia .<\/li>\n<\/ul>\n<p><strong>LUIS DARIO MOLODEZKY<\/strong><\/p>\n<p><strong>Periodista Deportivo<\/strong><\/p>\n<p>&nbsp;<\/p>\n<p>&nbsp;<\/p>\n<p>&nbsp;<\/p>\n","protected":false},"excerpt":{"rendered":"<p>&nbsp; &nbsp; &nbsp; &nbsp; El 29 de julio falleci\u00f3 a los 85 a\u00f1os el profesor V\u00edctor P\u00e9rtile, \u201cPocho\u201d para el ambiente de la educaci\u00f3n f\u00edsica y el deporte. Tuvo una carrera donde tuvo como horizonte el manteamiento adecuado del ser humano, para una vida mejor. Fue jugador de f\u00fatbol se form\u00f3 en la Universidad de &hellip;<\/p>\n","protected":false},"author":2,"featured_media":23924,"comment_status":"open","ping_status":"open","sticky":false,"template":"","format":"standard","meta":{"footnotes":""},"categories":[8],"tags":[],"class_list":["post-23922","post","type-post","status-publish","format-standard","has-post-thumbnail","hentry","category-sport-nea"],"_links":{"self":[{"href":"https:\/\/www.sportchaco.com.ar\/index.php?rest_route=\/wp\/v2\/posts\/23922","targetHints":{"allow":["GET"]}}],"collection":[{"href":"https:\/\/www.sportchaco.com.ar\/index.php?rest_route=\/wp\/v2\/posts"}],"about":[{"href":"https:\/\/www.sportchaco.com.ar\/index.php?rest_route=\/wp\/v2\/types\/post"}],"author":[{"embeddable":true,"href":"https:\/\/www.sportchaco.com.ar\/index.php?rest_route=\/wp\/v2\/users\/2"}],"replies":[{"embeddable":true,"href":"https:\/\/www.sportchaco.com.ar\/index.php?rest_route=%2Fwp%2Fv2%2Fcomments&post=23922"}],"version-history":[{"count":2,"href":"https:\/\/www.sportchaco.com.ar\/index.php?rest_route=\/wp\/v2\/posts\/23922\/revisions"}],"predecessor-version":[{"id":23925,"href":"https:\/\/www.sportchaco.com.ar\/index.php?rest_route=\/wp\/v2\/posts\/23922\/revisions\/23925"}],"wp:featuredmedia":[{"embeddable":true,"href":"https:\/\/www.sportchaco.com.ar\/index.php?rest_route=\/wp\/v2\/media\/23924"}],"wp:attachment":[{"href":"https:\/\/www.sportchaco.com.ar\/index.php?rest_route=%2Fwp%2Fv2%2Fmedia&parent=23922"}],"wp:term":[{"taxonomy":"category","embeddable":true,"href":"https:\/\/www.sportchaco.com.ar\/index.php?rest_route=%2Fwp%2Fv2%2Fcategories&post=23922"},{"taxonomy":"post_tag","embeddable":true,"href":"https:\/\/www.sportchaco.com.ar\/index.php?rest_route=%2Fwp%2Fv2%2Ftags&post=23922"}],"curies":[{"name":"wp","href":"https:\/\/api.w.org\/{rel}","templated":true}]}}