{"id":23930,"date":"2025-08-18T12:15:10","date_gmt":"2025-08-18T15:15:10","guid":{"rendered":"https:\/\/www.sportchaco.com.ar\/?p=23930"},"modified":"2025-08-18T18:10:50","modified_gmt":"2025-08-18T21:10:50","slug":"charata-ganaron-salas-gajate-y-romaniuk","status":"publish","type":"post","link":"https:\/\/www.sportchaco.com.ar\/?p=23930","title":{"rendered":"Charata: Ganaron Salas, Gajate y Romaniuk"},"content":{"rendered":"<p><strong>18-07-2025<\/strong><\/p>\n<p><img loading=\"lazy\" decoding=\"async\" class=\"aligncenter size-full wp-image-20491\" src=\"https:\/\/www.sportchaco.com.ar\/wp-content\/uploads\/2025\/06\/PARQUE-SOLAR_720x90-01.gif\" alt=\"\" width=\"720\" height=\"90\" \/><\/p>\n<p>Con una emotiva ceremonia se reinaugur\u00f3 oficialmente el aut\u00f3dromo \u00abGringo Dionisi\u00bb de Charata, que marc\u00f3 un nuevo cap\u00edtulo para el Automovilismo Zonal. Daniel Salas en la Clase 1, Agust\u00edn Gajate en la Clase 2 y Nelson Romaniuk en el TC Chaque\u00f1o fueron los grandes ganadores de la tercera fecha en la \u0091Perla del Oeste\u0092. La actividad en pista comenz\u00f3 con las series de la Clase 1, en las que resultaron ganadores Rub\u00e9n Kloster y Daniel Salas, y que anticiparon as\u00ed una final ajustada.<\/p>\n<header>En la final, Daniel Salas logr\u00f3 quedarse con la victoria tras una s\u00f3lida actuaci\u00f3n y un tiempo de 18 min 23 s 734 para recorrer las diez vueltas al trazado. Completaron el podio Flavio Melgratti, en segundo lugar, y Rub\u00e9n Kloster, tercero.<\/p>\n<\/header>\n<section class=\"body\">\n<section class=\"content\">\n<div class=\"main-text\">\n<div class=\" large m_image\">\n<figure><picture><source srcset=\"https:\/\/www.diarionorte.com\/content\/bucket\/6\/424066w790h504c.jpg.webp\" type=\"image\/webp\" media=\"(min-width: 640px)\" \/><source srcset=\"https:\/\/www.diarionorte.com\/content\/bucket\/6\/424066w440h281c.jpg.webp\" type=\"image\/webp\" media=\"(min-width: 300px)\" \/><source srcset=\"https:\/\/www.diarionorte.com\/content\/bucket\/6\/424066w790h504c.jpg\" media=\"(min-width: 300px)\" \/><img loading=\"lazy\" decoding=\"async\" class=\"pic\" src=\"https:\/\/www.diarionorte.com\/content\/bucket\/6\/424066w790h504c.jpg.webp\" alt=\"\" width=\"790\" height=\"504\" \/><\/picture><figcaption>Daniel Salas en lo m\u00e1s alto del podio de la Clase 2 junto a Flavio Melgratti en segundo lugar, y Rub\u00e9n Kloster, tercero.<\/figcaption><\/figure>\n<\/div>\n<p>En tanto que en la Clase 2, el piloto Agust\u00edn Gajate fue imparable, llev\u00e1ndose la final con contundencia y un tiempo de 21 min 45 s 603. Lo acompa\u00f1aron en el podio Pablo Zacar\u00edas y \u00abRoly\u00bb L\u00f3pez que complet\u00f3 una competencia de gran nivel, y dej\u00f3 al p\u00fablico al borde de sus asientos en gran parte de la final disputada a doce vueltas.<\/p>\n<p><img decoding=\"async\" src=\"https:\/\/www.diarionorte.com\/content\/bucket\/7\/424067h720.jpg.webp\" alt=\"nor180825-019f02.jpg\" \/><\/p>\n<p>El cierre de la jornada lo protagoniz\u00f3 el TC Chaque\u00f1o, una categor\u00eda que siempre garantiza espect\u00e1culo. La victoria fue para Nelson Romaniuk, que con un tiempo de 20 min 54 s 193 para recorrer las doce vueltas de la final logr\u00f3 la tercera victoria en forma consecutiva, seguido por Nicol\u00e1s Parij y Augusto Carinelli, en una carrera vibrante que coron\u00f3 un d\u00eda perfecto para el automovilismo.<\/p>\n<p>Con esta fecha inaugural, Charata no solo recupera un circuito emblem\u00e1tico, sino que tambi\u00e9n se consolida como una de las plazas m\u00e1s importantes del automovilismo chaque\u00f1o. La reinauguraci\u00f3n del aut\u00f3dromo Gringo Dionisi marca el inicio de una nueva etapa, llena de desaf\u00edos, pasi\u00f3n y velocidad.<\/p>\n<p>Cabe destacar que el acto inaugural cont\u00f3 con la presencia del gobernador Leandro Zdero, el intendente Rub\u00e9n Rach, dirigentes del Charata Auto Club, junto con autoridades provinciales, locales, pilotos y p\u00fablico en general. Durante el acto, se entregaron reconocimientos especiales en el marco de esta importante reinauguraci\u00f3n, que destac\u00f3 el esfuerzo de quienes hicieron posible la recuperaci\u00f3n del circuito. Fue un momento cargado de emoci\u00f3n y orgullo para toda la comunidad tuerca del Sudoeste chaque\u00f1o.<\/p>\n<h2>CLASIFICACI\u00d3N<\/h2>\n<p>CLASE 1 (diez VUELTAS)<\/p>\n<p>1\u00b0 1 &#8211; Daniel Salas 18 min 23 s 734<\/p>\n<p>2\u00b0 69\u00a0 Flavio Melgratti 18 min 30 s 288 + 6 s 554<\/p>\n<p>3\u00b0 36\u00a0 Rub\u00e9n Kloster 18 min 30 s 102 + 12 s 814<\/p>\n<h2>CLASE 2 (doce VUELTAS)<\/h2>\n<p>1\u00b0 11 &#8211; Agust\u00edn Gajate 21 min 45 s 603<\/p>\n<p>2\u00b0 17 &#8211; Pablo Zacar\u00edas 21 min 51 s 789+6 s 186<\/p>\n<p>3\u00b0 61\u00a0 Roly L\u00f3pez 21 min 56 s 320 +4 s 531<\/p>\n<h2>TC CHAQUE\u00d1O (doce VUELTAS)<\/h2>\n<p>1\u00b0 4 &#8211; Nelson Romaniuk 20 min 54 s 193<\/p>\n<p>2\u00b0 45\u00a0 Nicol\u00e1s Parij 20 min 55 s 232 +1 s 039<\/p>\n<p>3\u00b0 77\u00a0 Augusto Carinelli 20 min 56 s 082 +1 s 850<\/p>\n<div class=\"temas floatFix\">\n<h3><img loading=\"lazy\" decoding=\"async\" class=\"aligncenter size-large wp-image-20515\" src=\"https:\/\/www.sportchaco.com.ar\/wp-content\/uploads\/2025\/06\/Banners-creditos-otorgados-al-campo_1080x1350-819x1024.gif\" alt=\"\" width=\"819\" height=\"1024\" srcset=\"https:\/\/www.sportchaco.com.ar\/wp-content\/uploads\/2025\/06\/Banners-creditos-otorgados-al-campo_1080x1350-819x1024.gif 819w, https:\/\/www.sportchaco.com.ar\/wp-content\/uploads\/2025\/06\/Banners-creditos-otorgados-al-campo_1080x1350-240x300.gif 240w, https:\/\/www.sportchaco.com.ar\/wp-content\/uploads\/2025\/06\/Banners-creditos-otorgados-al-campo_1080x1350-768x960.gif 768w, https:\/\/www.sportchaco.com.ar\/wp-content\/uploads\/2025\/06\/Banners-creditos-otorgados-al-campo_1080x1350-1229x1536.gif 1229w, https:\/\/www.sportchaco.com.ar\/wp-content\/uploads\/2025\/06\/Banners-creditos-otorgados-al-campo_1080x1350-1639x2048.gif 1639w\" sizes=\"auto, (max-width: 819px) 100vw, 819px\" \/><\/h3>\n<\/div>\n<\/div>\n<\/section>\n<\/section>\n<p>&nbsp;<\/p>\n","protected":false},"excerpt":{"rendered":"<p>18-07-2025 Con una emotiva ceremonia se reinaugur\u00f3 oficialmente el aut\u00f3dromo \u00abGringo Dionisi\u00bb de Charata, que marc\u00f3 un nuevo cap\u00edtulo para el Automovilismo Zonal. Daniel Salas en la Clase 1, Agust\u00edn Gajate en la Clase 2 y Nelson Romaniuk en el TC Chaque\u00f1o fueron los grandes ganadores de la tercera fecha en la \u0091Perla del Oeste\u0092. &hellip;<\/p>\n","protected":false},"author":2,"featured_media":23928,"comment_status":"open","ping_status":"open","sticky":false,"template":"","format":"standard","meta":{"footnotes":""},"categories":[2],"tags":[],"class_list":["post-23930","post","type-post","status-publish","format-standard","has-post-thumbnail","hentry","category-automovilismo"],"_links":{"self":[{"href":"https:\/\/www.sportchaco.com.ar\/index.php?rest_route=\/wp\/v2\/posts\/23930","targetHints":{"allow":["GET"]}}],"collection":[{"href":"https:\/\/www.sportchaco.com.ar\/index.php?rest_route=\/wp\/v2\/posts"}],"about":[{"href":"https:\/\/www.sportchaco.com.ar\/index.php?rest_route=\/wp\/v2\/types\/post"}],"author":[{"embeddable":true,"href":"https:\/\/www.sportchaco.com.ar\/index.php?rest_route=\/wp\/v2\/users\/2"}],"replies":[{"embeddable":true,"href":"https:\/\/www.sportchaco.com.ar\/index.php?rest_route=%2Fwp%2Fv2%2Fcomments&post=23930"}],"version-history":[{"count":3,"href":"https:\/\/www.sportchaco.com.ar\/index.php?rest_route=\/wp\/v2\/posts\/23930\/revisions"}],"predecessor-version":[{"id":23937,"href":"https:\/\/www.sportchaco.com.ar\/index.php?rest_route=\/wp\/v2\/posts\/23930\/revisions\/23937"}],"wp:featuredmedia":[{"embeddable":true,"href":"https:\/\/www.sportchaco.com.ar\/index.php?rest_route=\/wp\/v2\/media\/23928"}],"wp:attachment":[{"href":"https:\/\/www.sportchaco.com.ar\/index.php?rest_route=%2Fwp%2Fv2%2Fmedia&parent=23930"}],"wp:term":[{"taxonomy":"category","embeddable":true,"href":"https:\/\/www.sportchaco.com.ar\/index.php?rest_route=%2Fwp%2Fv2%2Fcategories&post=23930"},{"taxonomy":"post_tag","embeddable":true,"href":"https:\/\/www.sportchaco.com.ar\/index.php?rest_route=%2Fwp%2Fv2%2Ftags&post=23930"}],"curies":[{"name":"wp","href":"https:\/\/api.w.org\/{rel}","templated":true}]}}