{"id":23938,"date":"2025-08-18T18:28:34","date_gmt":"2025-08-18T21:28:34","guid":{"rendered":"https:\/\/www.sportchaco.com.ar\/?p=23938"},"modified":"2025-08-18T18:28:34","modified_gmt":"2025-08-18T21:28:34","slug":"equipo-completo-para-regatas-vuelve-maxi-barrios","status":"publish","type":"post","link":"https:\/\/www.sportchaco.com.ar\/?p=23938","title":{"rendered":"Equipo completo para Regatas; vuelve Maxi Barrios"},"content":{"rendered":"<p><strong>18-08-2025<\/strong><\/p>\n<p><img loading=\"lazy\" decoding=\"async\" class=\"aligncenter size-large wp-image-20490\" src=\"https:\/\/www.sportchaco.com.ar\/wp-content\/uploads\/2025\/06\/728x90-1-1024x127.gif\" alt=\"\" width=\"1024\" height=\"127\" srcset=\"https:\/\/www.sportchaco.com.ar\/wp-content\/uploads\/2025\/06\/728x90-1-1024x127.gif 1024w, https:\/\/www.sportchaco.com.ar\/wp-content\/uploads\/2025\/06\/728x90-1-300x37.gif 300w, https:\/\/www.sportchaco.com.ar\/wp-content\/uploads\/2025\/06\/728x90-1-768x96.gif 768w\" sizes=\"auto, (max-width: 1024px) 100vw, 1024px\" \/><\/p>\n<p>El Pre \u2013 Federal de Primera 2025 contin\u00faa sumando fichajes importantes y en este punto Regatas Resistencia contin\u00faa estando muy activo, sum\u00e1ndose en las \u00faltimas horas el base Maximiliano Barrios, quien estuvo en la instituci\u00f3n hasta el 2024 y disputando competencias locales, provinciales y nacionales.<\/p>\n<p>Vale remarcar, que en este Pre \u2013 Federal 2025, Regatas Resistencia debut\u00f3 el \u00faltimo viernes 15 con una clara victoria como local, ante Social de Las Bre\u00f1as.<\/p>\n<p>Entre las \u00faltimas incorporaciones a la instituci\u00f3n \u201cremera\u201d, para destacar la llegada de Braian Maglier y los regresos de Bruno Galassi y Federico Hoferek, y ahora con \u00abMaxi\u00bb Barrios sin dudas que hacen un equipo completo y con grandes aspiraciones, teniendo en cuenta que Regatas ya tiene en su equipo hombres de jerarqu\u00eda y que supieron ser campeones y jugando muy bien, tales como Carlos Banegas, Alexis Garc\u00eda, Fernando Margosa, Fabricio Djurdjevic y Gonzalo Garc\u00eda; elenco largo y con un gran poder\u00edo.<\/p>\n<p>\u201cVuelvo al club con muchas expectativas, un grupo humano que ya conozco y compart\u00ed dentro y fuera de la cancha, adem\u00e1s de que conozco y jugu\u00e9 con los chicos que se sumaron; vamos a tratar de dejar a Regatas lo m\u00e1s arriba posible, d\u00f3nde el a\u00f1o pasado jugamos la final y este 2025 intentaremos ir por el mismo camino durante esta competencia\u201d, manifest\u00f3 el base de 29 a\u00f1os y que mide 1,78 metros, Maximiliano Barrios.<\/p>\n<p><img loading=\"lazy\" decoding=\"async\" class=\"aligncenter size-full wp-image-16658\" src=\"https:\/\/www.sportchaco.com.ar\/wp-content\/uploads\/2025\/02\/gob-bombeo.jpg\" alt=\"\" width=\"480\" height=\"600\" srcset=\"https:\/\/www.sportchaco.com.ar\/wp-content\/uploads\/2025\/02\/gob-bombeo.jpg 480w, https:\/\/www.sportchaco.com.ar\/wp-content\/uploads\/2025\/02\/gob-bombeo-240x300.jpg 240w\" sizes=\"auto, (max-width: 480px) 100vw, 480px\" \/><\/p>\n","protected":false},"excerpt":{"rendered":"<p>18-08-2025 El Pre \u2013 Federal de Primera 2025 contin\u00faa sumando fichajes importantes y en este punto Regatas Resistencia contin\u00faa estando muy activo, sum\u00e1ndose en las \u00faltimas horas el base Maximiliano Barrios, quien estuvo en la instituci\u00f3n hasta el 2024 y disputando competencias locales, provinciales y nacionales. Vale remarcar, que en este Pre \u2013 Federal 2025, &hellip;<\/p>\n","protected":false},"author":3,"featured_media":23939,"comment_status":"open","ping_status":"open","sticky":false,"template":"","format":"standard","meta":{"footnotes":""},"categories":[3],"tags":[],"class_list":["post-23938","post","type-post","status-publish","format-standard","has-post-thumbnail","hentry","category-basquetbol"],"_links":{"self":[{"href":"https:\/\/www.sportchaco.com.ar\/index.php?rest_route=\/wp\/v2\/posts\/23938","targetHints":{"allow":["GET"]}}],"collection":[{"href":"https:\/\/www.sportchaco.com.ar\/index.php?rest_route=\/wp\/v2\/posts"}],"about":[{"href":"https:\/\/www.sportchaco.com.ar\/index.php?rest_route=\/wp\/v2\/types\/post"}],"author":[{"embeddable":true,"href":"https:\/\/www.sportchaco.com.ar\/index.php?rest_route=\/wp\/v2\/users\/3"}],"replies":[{"embeddable":true,"href":"https:\/\/www.sportchaco.com.ar\/index.php?rest_route=%2Fwp%2Fv2%2Fcomments&post=23938"}],"version-history":[{"count":1,"href":"https:\/\/www.sportchaco.com.ar\/index.php?rest_route=\/wp\/v2\/posts\/23938\/revisions"}],"predecessor-version":[{"id":23940,"href":"https:\/\/www.sportchaco.com.ar\/index.php?rest_route=\/wp\/v2\/posts\/23938\/revisions\/23940"}],"wp:featuredmedia":[{"embeddable":true,"href":"https:\/\/www.sportchaco.com.ar\/index.php?rest_route=\/wp\/v2\/media\/23939"}],"wp:attachment":[{"href":"https:\/\/www.sportchaco.com.ar\/index.php?rest_route=%2Fwp%2Fv2%2Fmedia&parent=23938"}],"wp:term":[{"taxonomy":"category","embeddable":true,"href":"https:\/\/www.sportchaco.com.ar\/index.php?rest_route=%2Fwp%2Fv2%2Fcategories&post=23938"},{"taxonomy":"post_tag","embeddable":true,"href":"https:\/\/www.sportchaco.com.ar\/index.php?rest_route=%2Fwp%2Fv2%2Ftags&post=23938"}],"curies":[{"name":"wp","href":"https:\/\/api.w.org\/{rel}","templated":true}]}}