{"id":23942,"date":"2025-08-18T18:58:17","date_gmt":"2025-08-18T21:58:17","guid":{"rendered":"https:\/\/www.sportchaco.com.ar\/?p=23942"},"modified":"2025-08-18T19:00:04","modified_gmt":"2025-08-18T22:00:04","slug":"memoria-fierrera-tras-mas-de-40-anos-el-negro-gomez-luna-subio-a-su-auto","status":"publish","type":"post","link":"https:\/\/www.sportchaco.com.ar\/?p=23942","title":{"rendered":"Memoria fierrera: Tras m\u00e1s de 40 a\u00f1os el \u00abNegro\u00bb G\u00f3mez Luna subi\u00f3 a su auto"},"content":{"rendered":"<p>&nbsp;<\/p>\n<p><strong>La vuelta del automovilismo zonal al Aut\u00f3dromo de Charata dej\u00f3 un momento que quedar\u00e1 en la memoria de todos los presentes. Carlos el \u201cNegro\u201d G\u00f3mez Luna, hist\u00f3rico de la F\u00f3rmula Chaque\u00f1a, se subi\u00f3 nuevamente al mismo auto con el que compiti\u00f3 hace m\u00e1s de 40 a\u00f1os junto al Gringo Dionisi. Su decisi\u00f3n tom\u00f3 por sorpresa a muchos, ya que al finalizar las pruebas de este s\u00e1bado, se dispuso a dar una vuelta hist\u00f3rica en el trazado local. (Fuente Face)<\/strong><\/p>\n<p><img decoding=\"async\" class=\"aligncenter\" src=\"https:\/\/scontent.fcnq2-1.fna.fbcdn.net\/v\/t39.30808-6\/534621392_3661361907506836_4413623238025729961_n.jpg?_nc_cat=106&amp;ccb=1-7&amp;_nc_sid=127cfc&amp;_nc_ohc=zw3gj5iAe8UQ7kNvwHJWgoj&amp;_nc_oc=Adl9r0GwQtMrUMnic3MO0c4gVdQYDcFPOG0ur0NdtNe_X-0NtOpbNlA5s2jGH7n4mZo&amp;_nc_zt=23&amp;_nc_ht=scontent.fcnq2-1.fna&amp;_nc_gid=mdb52NTZMW2cDZIJ8o9rUQ&amp;oh=00_AfUW5Hf_M0AFKIAqwWuXaqTrPg6uZn0DAc08x2XMXrkzaA&amp;oe=68A964D5\" alt=\"Puede ser una imagen de 3 personas y barco\" \/><\/p>\n<p>El instante fue doblemente emotivo: su hijo, Andr\u00e9s G\u00f3mez Luna, actual corredor, pudo verlo por primera vez arriba de un auto de carrera, ya que no hab\u00eda nacido cuando su padre era piloto. Entre aplausos, nostalgia y emoci\u00f3n, padre e hijo compartieron una postal que reafirma la pasi\u00f3n familiar por el automovilismo chaque\u00f1o.<\/p>\n<p><img decoding=\"async\" class=\"aligncenter\" src=\"https:\/\/scontent.fcnq2-1.fna.fbcdn.net\/v\/t39.30808-6\/534572999_3661361910840169_713244405659270717_n.jpg?_nc_cat=101&amp;ccb=1-7&amp;_nc_sid=127cfc&amp;_nc_ohc=6BtjNkW61d8Q7kNvwH4-yY8&amp;_nc_oc=AdkRfgBSX49eNTQ9AsdCDuQt53zoQCwWulUdQjE8Cb4jru5V11yq-1IfINe8QZkUu3M&amp;_nc_zt=23&amp;_nc_ht=scontent.fcnq2-1.fna&amp;_nc_gid=r1yrxq4lCYDlGds1tQhqDQ&amp;oh=00_AfVrj6mkb9FgI-Zg8UZxB-UELoI59Ln9AWnxsNLO2kaqRw&amp;oe=68A95BAC\" alt=\"Puede ser una imagen de 3 personas y texto que dice &quot;infoplus 40 a\u00f1os despu\u00e9s: el &quot;Negro&quot; G\u00f3mez Luna y un reencuentro con su historia&quot;\" \/><\/p>\n<p>El momento se vivi\u00f3 en la primera jornada del automovilismo en el Aut\u00f3dromo de Charata que este domingo tendr\u00e1 el broche de oro con competencias y una jornada que promete ser inolvidable.<\/p>\n<p>Fuente Info Plus<\/p>\n<p><img decoding=\"async\" class=\"aligncenter\" src=\"https:\/\/scontent.fcnq2-2.fna.fbcdn.net\/v\/t39.30808-6\/518366829_3661361940840166_901091843740197903_n.jpg?_nc_cat=103&amp;ccb=1-7&amp;_nc_sid=127cfc&amp;_nc_ohc=6Wt6NbROQDUQ7kNvwGi487D&amp;_nc_oc=AdnosAODlt2Z3KWE8gE0ZAWN4Jn0rcL6Z7KbuuRSEvlu7ih13U4Yvi-ZbCKKw71owNI&amp;_nc_zt=23&amp;_nc_ht=scontent.fcnq2-2.fna&amp;_nc_gid=QLESZm2lbjEH4c9dj6h7pA&amp;oh=00_AfWwLT0C-0Zh7vGb4l9QCLikvBygY1ROxx8RDuoq-phkqA&amp;oe=68A960B1\" alt=\"Puede ser una imagen de 1 persona y texto que dice &quot;plus 40 a\u00f1os despu\u00e9s: el &quot;Negro&quot; G\u00f3mez Luna y un reencuentro con su historia&quot;\" \/><\/p>\n<p><img decoding=\"async\" class=\"aligncenter\" src=\"https:\/\/scontent.fcnq2-1.fna.fbcdn.net\/v\/t39.30808-6\/534199121_3661361987506828_229022477226153889_n.jpg?_nc_cat=102&amp;ccb=1-7&amp;_nc_sid=127cfc&amp;_nc_ohc=gpDBGUNKWNYQ7kNvwGuJCQc&amp;_nc_oc=AdmDNy1WsPyS1MtXTm0nYWlH1Hus6lwfc3cbB8pWykEcFE-I4DL4DWldTmJlXw5OKjE&amp;_nc_zt=23&amp;_nc_ht=scontent.fcnq2-1.fna&amp;_nc_gid=jK4j5NavaX1nZgzKLXiQiA&amp;oh=00_AfVgcFw44jhZtlnRnyeHKoQ-PUqNiWg3AhE4mzM6-NM7VA&amp;oe=68A98F24\" alt=\"Puede ser una imagen de 1 persona y texto que dice &quot;into intoplus plus&quot;\" \/><\/p>\n<p>Andr\u00e9s G\u00f3mez Luna, su hijo, no puede contener la emoci\u00f3n de verlo a su padre disfrutar arriba del auto.<\/p>\n","protected":false},"excerpt":{"rendered":"<p>&nbsp; La vuelta del automovilismo zonal al Aut\u00f3dromo de Charata dej\u00f3 un momento que quedar\u00e1 en la memoria de todos los presentes. Carlos el \u201cNegro\u201d G\u00f3mez Luna, hist\u00f3rico de la F\u00f3rmula Chaque\u00f1a, se subi\u00f3 nuevamente al mismo auto con el que compiti\u00f3 hace m\u00e1s de 40 a\u00f1os junto al Gringo Dionisi. Su decisi\u00f3n tom\u00f3 por &hellip;<\/p>\n","protected":false},"author":2,"featured_media":23944,"comment_status":"open","ping_status":"open","sticky":false,"template":"","format":"standard","meta":{"footnotes":""},"categories":[2],"tags":[],"class_list":["post-23942","post","type-post","status-publish","format-standard","has-post-thumbnail","hentry","category-automovilismo"],"_links":{"self":[{"href":"https:\/\/www.sportchaco.com.ar\/index.php?rest_route=\/wp\/v2\/posts\/23942","targetHints":{"allow":["GET"]}}],"collection":[{"href":"https:\/\/www.sportchaco.com.ar\/index.php?rest_route=\/wp\/v2\/posts"}],"about":[{"href":"https:\/\/www.sportchaco.com.ar\/index.php?rest_route=\/wp\/v2\/types\/post"}],"author":[{"embeddable":true,"href":"https:\/\/www.sportchaco.com.ar\/index.php?rest_route=\/wp\/v2\/users\/2"}],"replies":[{"embeddable":true,"href":"https:\/\/www.sportchaco.com.ar\/index.php?rest_route=%2Fwp%2Fv2%2Fcomments&post=23942"}],"version-history":[{"count":3,"href":"https:\/\/www.sportchaco.com.ar\/index.php?rest_route=\/wp\/v2\/posts\/23942\/revisions"}],"predecessor-version":[{"id":23946,"href":"https:\/\/www.sportchaco.com.ar\/index.php?rest_route=\/wp\/v2\/posts\/23942\/revisions\/23946"}],"wp:featuredmedia":[{"embeddable":true,"href":"https:\/\/www.sportchaco.com.ar\/index.php?rest_route=\/wp\/v2\/media\/23944"}],"wp:attachment":[{"href":"https:\/\/www.sportchaco.com.ar\/index.php?rest_route=%2Fwp%2Fv2%2Fmedia&parent=23942"}],"wp:term":[{"taxonomy":"category","embeddable":true,"href":"https:\/\/www.sportchaco.com.ar\/index.php?rest_route=%2Fwp%2Fv2%2Fcategories&post=23942"},{"taxonomy":"post_tag","embeddable":true,"href":"https:\/\/www.sportchaco.com.ar\/index.php?rest_route=%2Fwp%2Fv2%2Ftags&post=23942"}],"curies":[{"name":"wp","href":"https:\/\/api.w.org\/{rel}","templated":true}]}}