{"id":23948,"date":"2025-08-19T00:06:50","date_gmt":"2025-08-19T03:06:50","guid":{"rendered":"https:\/\/www.sportchaco.com.ar\/?p=23948"},"modified":"2025-08-19T00:06:09","modified_gmt":"2025-08-19T03:06:09","slug":"efemerides-del-19-de-agosto-2","status":"publish","type":"post","link":"https:\/\/www.sportchaco.com.ar\/?p=23948","title":{"rendered":"Efem\u00e9rides del 19 de agosto"},"content":{"rendered":"<div class=\"container fullwidth-entry-title-wrapper\">\n<div class=\"container-wrapper fullwidth-entry-title\">\n<header class=\"entry-header-outer\">\n<div class=\"entry-header\">\n<h1 class=\"post-title entry-title\">Efem\u00e9rides del 19 de agosto<\/h1>\n<div class=\"single-post-meta post-meta clearfix\"><\/div>\n<\/div>\n<\/header>\n<\/div>\n<\/div>\n<div id=\"content\" class=\"site-content container\">\n<div id=\"main-content-row\" class=\"tie-row main-content-row\">\n<div class=\"main-content tie-col-md-8 tie-col-xs-12\" role=\"main\">\n<article id=\"the-post\" class=\"container-wrapper post-content tie-standard\">\n<div class=\"featured-area\">\n<div class=\"featured-area-inner\"><\/div>\n<\/div>\n<div id=\"share-buttons-top\" class=\"share-buttons share-buttons-top\"><\/div>\n<div class=\"entry-content entry clearfix\">\n<p><strong>Esta es la Efem\u00e9rides del Deporte en el Chaco de un 19 de agosto periodista Luis Dar\u00edo Molodezky.<\/strong><\/p>\n<p style=\"text-align: center;\"><img loading=\"lazy\" decoding=\"async\" class=\"alignnone size-medium wp-image-23762\" src=\"https:\/\/www.sportchaco.com.ar\/wp-content\/uploads\/2025\/08\/Luis-Dario-11-08-2025-10-226x300.jpeg\" alt=\"\" width=\"226\" height=\"300\" srcset=\"https:\/\/www.sportchaco.com.ar\/wp-content\/uploads\/2025\/08\/Luis-Dario-11-08-2025-10-226x300.jpeg 226w, https:\/\/www.sportchaco.com.ar\/wp-content\/uploads\/2025\/08\/Luis-Dario-11-08-2025-10-771x1024.jpeg 771w, https:\/\/www.sportchaco.com.ar\/wp-content\/uploads\/2025\/08\/Luis-Dario-11-08-2025-10-768x1021.jpeg 768w, https:\/\/www.sportchaco.com.ar\/wp-content\/uploads\/2025\/08\/Luis-Dario-11-08-2025-10-1156x1536.jpeg 1156w, https:\/\/www.sportchaco.com.ar\/wp-content\/uploads\/2025\/08\/Luis-Dario-11-08-2025-10.jpeg 1204w\" sizes=\"auto, (max-width: 226px) 100vw, 226px\" \/><\/p>\n<p><strong>1945 \/<\/strong>\u00a0Nace en Resistencia H\u00e9ctor Itonaga (foto portada), un referente de las pesas en el Chaco, siendo campe\u00f3n argentino y sudamericano, en peso pluma en la d\u00e9cada del \u201960. Hab\u00eda comenzado en el deporte de las pesas en aquel templo de formaciones deportivas que es el Parque 2 de febrero, junto a otros cultores de la disciplina a fines de los 50 y principios de los 60 como: Carlos Lagranja, Osvaldo Monfardini, Jorge Rom\u00e1n, V\u00edctor Garc\u00eda, Atilio Molina, N. Moncada y otros. Practic\u00f3 este deporte en los clubes Humait\u00e1, Regatas e Hind\u00fa. Falleci\u00f3 el 4 de julio del 2023.<\/p>\n<p><strong>1972 \/<\/strong>\u00a0El club Bancario retorna a la m\u00e1xima categor\u00eda de la Liga Chaque\u00f1a, al coronarse campe\u00f3n de Primera B, donde permaneci\u00f3 cinco temporadas.<\/p>\n<p>En ese partido el millonario form\u00f3 con Carlos Dom\u00ednguez; Juan N\u00fa\u00f1ez, Leonardo Gonz\u00e1lez, Adolfo Barrientos y Blas Garc\u00eda; Pedro Cantero, Germ\u00e1n Pradell y Oscar Bag\u00e1toli; Domingo Carballo, Pedro Luis Bettinger y Eduardo Godoy. DT: Roberto Gronda<\/p>\n<p><strong>2007\u00a0<\/strong>\/ Facundo Meza Campos logra su primera victoria en el orden nacional, al imponerse en la Categor\u00eda 2 del Turismo Pista, en el aut\u00f3dromo Roberto Mouras de La Plata.<\/p>\n<p><strong>2014 \/<\/strong>\u00a0A los 54 a\u00f1os falleci\u00f3 en forma sorpresiva el Maestro Internacional de Ajedrez Mauricio Dor\u00edn. Represent\u00f3 al Chaco en m\u00faltiples competencias nacionales e internacionales. Fue vicepresidente\u00a0 de la Sociedad Rural de Mercedes, Corrientes.<\/p>\n<p><img decoding=\"async\" src=\"https:\/\/www.sportchaco.com.ar\/wp-content\/uploads\/2025\/08\/Dorin-Bittel-y-Tosutti-300x201.jpg\" \/><\/p>\n<p><strong>Mauricio Dor\u00edn al centro junto a Bittel y Tosutti<\/strong><\/p>\n<\/div>\n<\/article>\n<\/div>\n<\/div>\n<\/div>\n","protected":false},"excerpt":{"rendered":"<p>Efem\u00e9rides del 19 de agosto Esta es la Efem\u00e9rides del Deporte en el Chaco de un 19 de agosto periodista Luis Dar\u00edo Molodezky. 1945 \/\u00a0Nace en Resistencia H\u00e9ctor Itonaga (foto portada), un referente de las pesas en el Chaco, siendo campe\u00f3n argentino y sudamericano, en peso pluma en la d\u00e9cada del \u201960. Hab\u00eda comenzado en &hellip;<\/p>\n","protected":false},"author":2,"featured_media":23950,"comment_status":"open","ping_status":"open","sticky":false,"template":"","format":"standard","meta":{"footnotes":""},"categories":[38,45],"tags":[],"class_list":["post-23948","post","type-post","status-publish","format-standard","has-post-thumbnail","hentry","category-agosto","category-efemerides-dia-por-dia"],"_links":{"self":[{"href":"https:\/\/www.sportchaco.com.ar\/index.php?rest_route=\/wp\/v2\/posts\/23948","targetHints":{"allow":["GET"]}}],"collection":[{"href":"https:\/\/www.sportchaco.com.ar\/index.php?rest_route=\/wp\/v2\/posts"}],"about":[{"href":"https:\/\/www.sportchaco.com.ar\/index.php?rest_route=\/wp\/v2\/types\/post"}],"author":[{"embeddable":true,"href":"https:\/\/www.sportchaco.com.ar\/index.php?rest_route=\/wp\/v2\/users\/2"}],"replies":[{"embeddable":true,"href":"https:\/\/www.sportchaco.com.ar\/index.php?rest_route=%2Fwp%2Fv2%2Fcomments&post=23948"}],"version-history":[{"count":3,"href":"https:\/\/www.sportchaco.com.ar\/index.php?rest_route=\/wp\/v2\/posts\/23948\/revisions"}],"predecessor-version":[{"id":23954,"href":"https:\/\/www.sportchaco.com.ar\/index.php?rest_route=\/wp\/v2\/posts\/23948\/revisions\/23954"}],"wp:featuredmedia":[{"embeddable":true,"href":"https:\/\/www.sportchaco.com.ar\/index.php?rest_route=\/wp\/v2\/media\/23950"}],"wp:attachment":[{"href":"https:\/\/www.sportchaco.com.ar\/index.php?rest_route=%2Fwp%2Fv2%2Fmedia&parent=23948"}],"wp:term":[{"taxonomy":"category","embeddable":true,"href":"https:\/\/www.sportchaco.com.ar\/index.php?rest_route=%2Fwp%2Fv2%2Fcategories&post=23948"},{"taxonomy":"post_tag","embeddable":true,"href":"https:\/\/www.sportchaco.com.ar\/index.php?rest_route=%2Fwp%2Fv2%2Ftags&post=23948"}],"curies":[{"name":"wp","href":"https:\/\/api.w.org\/{rel}","templated":true}]}}