{"id":23957,"date":"2025-08-18T19:41:08","date_gmt":"2025-08-18T22:41:08","guid":{"rendered":"https:\/\/www.sportchaco.com.ar\/?p=23957"},"modified":"2025-08-18T19:41:08","modified_gmt":"2025-08-18T22:41:08","slug":"jannik-sinner-abandono-en-la-final-del-masters-1000-de-cincinnati","status":"publish","type":"post","link":"https:\/\/www.sportchaco.com.ar\/?p=23957","title":{"rendered":"Jannik Sinner abandon\u00f3 en la final del Masters 1000 de Cincinnati"},"content":{"rendered":"<div class=\"content-article-title\">\n<div class=\"wrapper-layout center-content center_story max-width\">\n<div class=\"col-content\">\n<h1 class=\"article__title font__display\"><\/h1>\n<h1 class=\"article__title font__display\"><span style=\"font-size: 16px; font-weight: 400;\">18 de agosto 2025<\/span><\/h1>\n<h1 class=\"article__title font__display\"><span style=\"font-size: 24px;\">E<\/span><span style=\"font-size: 24px;\">l tenista italiano no complet\u00f3 el primer set y el espa\u00f1ol se qued\u00f3 con el t\u00edtulo tras disputarse apenas 23 minutos de partido.<\/span><\/h1>\n<\/div>\n<\/div>\n<\/div>\n<div class=\"common-layout wrapper-layout center-content center_story max-width story article\">\n<div class=\"col-content\"><main class=\"col-content\"><\/p>\n<div class=\"article__header article__story article__article\">\n<div class=\"article__head\">\n<div class=\"article__headline-byline-container\">\n<div class=\"article__byline\" data-testid=\"byline\">\n<div class=\"author-date\"><time class=\"time__container\" datetime=\"2025-08-18T20:02:12.989Z\" data-testid=\"published-date\"><span class=\"time__value classNameFontTimeValue\">, 17:02hs<\/span><\/time><\/div>\n<\/div>\n<\/div>\n<div class=\"article__lead-art article__lead-art-photo\" data-testid=\"LeadArtPhoto\">\n<figure class=\"\" data-testid=\"figure-testid\">\n<div class=\"aspect_ratio__container\"><picture class=\"responsive-image\"><source srcset=\"https:\/\/tn.com.ar\/resizer\/v2\/carlos-alcaraz-le-gano-a-jannik-sinner-por-retiro-foto-xcincytennis-DBS3HCK54ZBTZAVLB6EWJTOI74.jpg?auth=719db59d1b199080aa886cfff85b78e9c7fed940fd8bab71c4fd8c06c87650df&amp;width=767\" type=\"image\/jpg\" media=\"(max-width: 728px)\" \/><source srcset=\"https:\/\/tn.com.ar\/resizer\/v2\/carlos-alcaraz-le-gano-a-jannik-sinner-por-retiro-foto-xcincytennis-DBS3HCK54ZBTZAVLB6EWJTOI74.jpg?auth=719db59d1b199080aa886cfff85b78e9c7fed940fd8bab71c4fd8c06c87650df&amp;width=1023\" type=\"image\/jpg\" media=\"(max-width: 1023px)\" \/><source srcset=\"https:\/\/tn.com.ar\/resizer\/v2\/carlos-alcaraz-le-gano-a-jannik-sinner-por-retiro-foto-xcincytennis-DBS3HCK54ZBTZAVLB6EWJTOI74.jpg?auth=719db59d1b199080aa886cfff85b78e9c7fed940fd8bab71c4fd8c06c87650df&amp;width=1440\" type=\"image\/jpg\" \/><img decoding=\"async\" class=\"width_full height_full article__lead-art-photo image_placeholder\" src=\"https:\/\/tn.com.ar\/resizer\/v2\/carlos-alcaraz-le-gano-a-jannik-sinner-por-retiro-foto-xcincytennis-DBS3HCK54ZBTZAVLB6EWJTOI74.jpg?auth=719db59d1b199080aa886cfff85b78e9c7fed940fd8bab71c4fd8c06c87650df&amp;width=767\" alt=\"Carlos Alcaraz le gan\u00f3 a Jannik Sinner por retiro (Foto: X\/@CincyTennis)\" \/><\/picture><\/div><figcaption class=\"caption_image\" data-testid=\"figcaption-testid\">\n<div class=\"image_caption font__body\">Carlos Alcaraz le gan\u00f3 a Jannik Sinner por retiro (Foto: X\/@CincyTennis)<\/div>\n<\/figcaption><\/figure>\n<\/div>\n<div class=\"article__audionote-share\">\n<div class=\"trinity__audio-wrapper\"><\/div>\n<div class=\"horizontal-share is-collapsable\" data-testid=\"share-toolbar\"><\/div>\n<\/div>\n<div class=\"trinity-tts-placeholder-icon-player\"><\/div>\n<\/div>\n<\/div>\n<div class=\"default-article-color article__body article__article\">\n<h4 class=\"paragraph font__body-regular\"><span style=\"color: #000000;\"><a style=\"color: #000000;\" title=\"https:\/\/tn.com.ar\/deportes\/tenis\/2025\/08\/18\/jannik-sinner-y-carlos-alcaraz-se-miden-en-la-final-del-masters-1000-de-cincinnati-y-prometen-otro-duelo-epico\/\" href=\"https:\/\/tn.com.ar\/deportes\/tenis\/2025\/08\/18\/jannik-sinner-y-carlos-alcaraz-se-miden-en-la-final-del-masters-1000-de-cincinnati-y-prometen-otro-duelo-epico\/\" target=\"_blank\" rel=\"noopener noreferrer\">Jannik Sinner\u00a0abandon\u00f3 en la final del\u00a0Masters 1000 de Cincinnati<\/a>\u00a0y\u00a0Carlos Alcaraz\u00a0consigui\u00f3 su t\u00edtulo ATP n\u00b022 luego de apenas 23 minutos de partido en el P&amp;G Center Court.<\/span><\/h4>\n<p class=\"paragraph font__body-regular\">\n<div class=\"genoa_video raw relative\">\n<div class=\"video_placeholder\">\n<div class=\"aspect_ratio__container\"><picture class=\"responsive-image\"><source srcset=\"https:\/\/tn.com.ar\/resizer\/v2\/https%3A%2F%2Fthumbs.vodgc.net%2F1-14-chaWRz1755546773390-1755546833.jpg?auth=2d568e12c22c4d9146cc59595b20519574ce781a0cd2427c5b41350bbb3fc702&amp;width=767\" type=\"image\/jpg\" media=\"(max-width: 728px)\" \/><source srcset=\"https:\/\/tn.com.ar\/resizer\/v2\/https%3A%2F%2Fthumbs.vodgc.net%2F1-14-chaWRz1755546773390-1755546833.jpg?auth=2d568e12c22c4d9146cc59595b20519574ce781a0cd2427c5b41350bbb3fc702&amp;width=1023\" type=\"image\/jpg\" media=\"(max-width: 1023px)\" \/><source srcset=\"https:\/\/tn.com.ar\/resizer\/v2\/https%3A%2F%2Fthumbs.vodgc.net%2F1-14-chaWRz1755546773390-1755546833.jpg?auth=2d568e12c22c4d9146cc59595b20519574ce781a0cd2427c5b41350bbb3fc702&amp;width=1440\" type=\"image\/jpg\" \/><img decoding=\"async\" class=\"image image_placeholder\" draggable=\"true\" src=\"https:\/\/tn.com.ar\/resizer\/v2\/https%3A%2F%2Fthumbs.vodgc.net%2F1-14-chaWRz1755546773390-1755546833.jpg?auth=2d568e12c22c4d9146cc59595b20519574ce781a0cd2427c5b41350bbb3fc702&amp;width=767\" alt=\"Video Placeholder\" \/><\/picture><\/div>\n<p><button type=\"button\" data-testid=\"video-placeholder-button\"><\/button><\/div>\n<\/div>\n<h2 class=\"font--primary font__display\"><\/h2>\n<p class=\"paragraph font__body-regular\">El tenista italiano perd\u00eda 5-0 frente a Carlos Alcaraz durante el primer set cuando se dirigi\u00f3 hacia su silla y no se pudo levantar. Aparentemente, Sinner dej\u00f3 el encuentro por las consecuencias f\u00edsicas que le trajo el calor en Cincinnati.<b>\u00a0\u00ab<\/b><b>Me siento muy mal, no puedo moverme\u201d<\/b>, dijo antes de confirmar su decisi\u00f3n.<\/p>\n<p class=\"paragraph font__body-regular\">Inmediatamente, el campe\u00f3n de la \u00faltima edici\u00f3n de Wimbledon recibi\u00f3 asistencia y fue puesto a bajo la sombra, con una bolsa de hielo en la parte superior de la cabeza para intentar bajar la temperatura corporal.<\/p>\n<p style=\"text-align: center;\"><img loading=\"lazy\" decoding=\"async\" class=\"alignnone size-medium wp-image-23959\" src=\"https:\/\/www.sportchaco.com.ar\/wp-content\/uploads\/2025\/08\/ALCARAZ1-300x169.webp\" alt=\"\" width=\"300\" height=\"169\" srcset=\"https:\/\/www.sportchaco.com.ar\/wp-content\/uploads\/2025\/08\/ALCARAZ1-300x169.webp 300w, https:\/\/www.sportchaco.com.ar\/wp-content\/uploads\/2025\/08\/ALCARAZ1-390x220.webp 390w, https:\/\/www.sportchaco.com.ar\/wp-content\/uploads\/2025\/08\/ALCARAZ1.webp 624w\" sizes=\"auto, (max-width: 300px) 100vw, 300px\" \/><\/p>\n<p class=\"paragraph font__body-regular\">\u201cLamento mucho haberlos decepcionado (al p\u00fablico). Ayer no me sent\u00eda muy bien.\u00a0<b>Pens\u00e9 que mejorar\u00eda durante la noche, pero todo empeor\u00f3<\/b>. Intent\u00e9 salir a jugar hoy, pero no pude m\u00e1s\u201d, dijo Sinner ante los micr\u00f3fonos.<\/p>\n<p class=\"paragraph font__body-regular\">Alcaraz hab\u00eda sacado una importante ventaja en el marcador y los movimientos de Sinner no eran normales. La lentitud y la falta de respuesta para golpear la pelota fueron evidentes, hasta que el italiano decidi\u00f3 parar.<\/p>\n<picture class=\"responsive-image\"><img decoding=\"async\" class=\"image image_placeholder\" draggable=\"true\" src=\"https:\/\/tn.com.ar\/resizer\/v2\/https%3A%2F%2Fthumbs.vodgc.net%2F1-14-chaWRz1755546773390-1755546833.jpg?auth=2d568e12c22c4d9146cc59595b20519574ce781a0cd2427c5b41350bbb3fc702&amp;width=767\" alt=\"Video Placeholder\" \/><\/picture>\n<\/div>\n<p><\/main><\/div>\n<\/div>\n","protected":false},"excerpt":{"rendered":"<p>18 de agosto 2025 El tenista italiano no complet\u00f3 el primer set y el espa\u00f1ol se qued\u00f3 con el t\u00edtulo tras disputarse apenas 23 minutos de partido. , 17:02hs Carlos Alcaraz le gan\u00f3 a Jannik Sinner por retiro (Foto: X\/@CincyTennis) Jannik Sinner\u00a0abandon\u00f3 en la final del\u00a0Masters 1000 de Cincinnati\u00a0y\u00a0Carlos Alcaraz\u00a0consigui\u00f3 su t\u00edtulo ATP n\u00b022 luego &hellip;<\/p>\n","protected":false},"author":2,"featured_media":23958,"comment_status":"open","ping_status":"open","sticky":false,"template":"","format":"standard","meta":{"footnotes":""},"categories":[46],"tags":[],"class_list":["post-23957","post","type-post","status-publish","format-standard","has-post-thumbnail","hentry","category-tenis"],"_links":{"self":[{"href":"https:\/\/www.sportchaco.com.ar\/index.php?rest_route=\/wp\/v2\/posts\/23957","targetHints":{"allow":["GET"]}}],"collection":[{"href":"https:\/\/www.sportchaco.com.ar\/index.php?rest_route=\/wp\/v2\/posts"}],"about":[{"href":"https:\/\/www.sportchaco.com.ar\/index.php?rest_route=\/wp\/v2\/types\/post"}],"author":[{"embeddable":true,"href":"https:\/\/www.sportchaco.com.ar\/index.php?rest_route=\/wp\/v2\/users\/2"}],"replies":[{"embeddable":true,"href":"https:\/\/www.sportchaco.com.ar\/index.php?rest_route=%2Fwp%2Fv2%2Fcomments&post=23957"}],"version-history":[{"count":1,"href":"https:\/\/www.sportchaco.com.ar\/index.php?rest_route=\/wp\/v2\/posts\/23957\/revisions"}],"predecessor-version":[{"id":23960,"href":"https:\/\/www.sportchaco.com.ar\/index.php?rest_route=\/wp\/v2\/posts\/23957\/revisions\/23960"}],"wp:featuredmedia":[{"embeddable":true,"href":"https:\/\/www.sportchaco.com.ar\/index.php?rest_route=\/wp\/v2\/media\/23958"}],"wp:attachment":[{"href":"https:\/\/www.sportchaco.com.ar\/index.php?rest_route=%2Fwp%2Fv2%2Fmedia&parent=23957"}],"wp:term":[{"taxonomy":"category","embeddable":true,"href":"https:\/\/www.sportchaco.com.ar\/index.php?rest_route=%2Fwp%2Fv2%2Fcategories&post=23957"},{"taxonomy":"post_tag","embeddable":true,"href":"https:\/\/www.sportchaco.com.ar\/index.php?rest_route=%2Fwp%2Fv2%2Ftags&post=23957"}],"curies":[{"name":"wp","href":"https:\/\/api.w.org\/{rel}","templated":true}]}}