{"id":23982,"date":"2025-08-19T00:05:05","date_gmt":"2025-08-19T03:05:05","guid":{"rendered":"https:\/\/www.sportchaco.com.ar\/?p=23982"},"modified":"2025-08-19T00:05:05","modified_gmt":"2025-08-19T03:05:05","slug":"basquet-argentina-cayo-en-su-estreno-en-la-copa-latina","status":"publish","type":"post","link":"https:\/\/www.sportchaco.com.ar\/?p=23982","title":{"rendered":"Basquet: Argentina cay\u00f3 en su estreno en la Copa Latina"},"content":{"rendered":"<div class=\"kl-slideshow static-content__slideshow static-simpletext nobg\">\n<div class=\"kl-slideshow-inner static-content__wrapper sc--has-fade-mask\">\n<div class=\"static-content__inner container\">\n<div class=\"kl-slideshow-safepadding sc__container mt-45 mb-45\">\n<div class=\"static-content static-content--simple scs--theme-light\">\n<div class=\"row\">\n<div class=\"col-sm-12\">\n<h2 class=\"fs-xxxl\"><\/h2>\n<div class=\"sc__simpleaction\"><\/div>\n<\/div>\n<\/div>\n<\/div>\n<\/div>\n<\/div>\n<\/div>\n<\/div>\n<section class=\"hg_section pt-50 pb-100\">\n<div class=\"container\">\n<div class=\"row\">\n<div class=\"col-sm-12 col-md-12 col-lg-9\">\n<div id=\"th-content-post\">\n<div>\n<div class=\"itemView eBlog\">\n<div class=\"itemHeader\">\n<div class=\"post_details\"><span class=\"itemDateCreated\">18 de Agosto de 2025\u00a0<\/span><\/div>\n<div><\/div>\n<\/div>\n<div><\/div>\n<div class=\"itemBody\">\n<p><strong>Fue derrota frente a Brasil por 89 a 65, en su primer partido en Panam\u00e1. El martes 19 ser\u00e1 el cierre del Cuadrangular ante el perdedor de Panam\u00e1-Uruguay, con transmisi\u00f3n de B\u00e1squet Pass.<\/strong><\/p>\n<p>En su estreno en la Copa Latina, la Selecci\u00f3n Mayor Masculina sufri\u00f3 una derrota frente a Brasil por 89 a 65. El cierre del Cuadrangular ser\u00e1 el martes 19 a las 20:30hs ante el perdedor de Panam\u00e1-Uruguay, con transmisi\u00f3n de B\u00e1squet Pass. Para esta serie de encuentros, Pablo Prigioni cuenta con los 14 jugadores disponibles antes de confirmar la lista definitiva.<\/p>\n<p>Esta presentaci\u00f3n constituy\u00f3 el s\u00e9ptimo amistoso internacional del equipo en su preparaci\u00f3n para la AmeriCup de Nicaragua. Los seis anteriores se realizaron durante la gira europea por Madrid (Espa\u00f1a) y Bologna (Italia), con un balance de cuatro triunfos y dos ca\u00eddas.<\/p>\n<p>El m\u00e1ximo certamen continental se jugar\u00e1 en Managua del 22 al 31 de agosto, con Argentina siendo parte del Grupo C junto a Colombia, Rep\u00fablica Dominicana y la propia Nicaragua. Su debut se dar\u00e1 el viernes ante los locales (18.40hs), continuar\u00e1 con su agenda el domingo 24 ante Dominicana (16:10hs), para concluir la zona el lunes 25 frente a Colombia (18:40hs).<\/p>\n<p>La AmeriCup 2025 se transmitir\u00e1 por TyC Sports, DSports y CourtSide 1891.<\/p><\/div>\n<div class=\"itemBody\"><img decoding=\"async\" src=\"https:\/\/www.argentina.basketball\/themes\/ee\/site\/default\/asset\/img\/noticias\/32206\/dsc03571-539.jpg\" \/><\/p>\n<p><strong>JUGADORES CONVOCADOS<\/strong><br \/>\n\u2022Aaliya, Lee \u2013 UCAM Murcia, Espa\u00f1a<br \/>\n\u2022Bocca, Juan \u2013 Fibwi Palma, Espa\u00f1a<br \/>\n\u2022Bordon, Dylan &#8211; Gran Canaria, Espa\u00f1a<br \/>\n\u2022Bressan, Gonzalo &#8211; Ol\u00edmpico, Argentina<br \/>\n\u2022Brussino, Nicol\u00e1s &#8211; Gran Canaria, Espa\u00f1a<br \/>\n\u2022Caffaro, Francisco \u2013 Boca Juniors, Argentina<br \/>\n\u2022Corbalan, Gonzalo &#8211; San Pablo Burgos, Espa\u00f1a<br \/>\n\u2022Fern\u00e1ndez, Juan &#8211; B\u00e1squet Girona, Espa\u00f1a<br \/>\n\u2022Lugarini, Bautista \u2013 Cantabria, Espa\u00f1a<br \/>\n\u2022Marcos, Juan Ignacio &#8211; Barcelona, Espa\u00f1a<br \/>\n\u2022Negrete, Alex \u2013 Flamengo, Brasil<br \/>\n\u2022Trouet, Santiago &#8211; Arizona State, Estados Unidos<br \/>\n\u2022Vaulet, Juan Pablo &#8211; Estudiantes, Espa\u00f1a<br \/>\n\u2022Vildoza, Jos\u00e9 \u2013 B\u00e1squet Girona, Espa\u00f1a<\/div>\n<div class=\"gridPhotoGallery-container\">\n<div class=\"gridPhotoGallery mfp-gallery misc gridPhotoGallery--ratio-square gridPhotoGallery--cols-4\" data-cols=\"4\">\n<div class=\"gridPhotoGallery__item gridPhotoGallery__item--sizer\"><\/div>\n<div class=\"gridPhotoGallery__item gridPhotoGalleryItem--w2\">\n<div class=\"gridPhotoGallery__img\"><\/div>\n<\/div>\n<div class=\"gridPhotoGallery__item gridPhotoGalleryItem--w1\">\n<div class=\"gridPhotoGallery__img\"><\/div>\n<\/div>\n<div class=\"gridPhotoGallery__item gridPhotoGalleryItem--w1\">\n<div class=\"gridPhotoGallery__img\"><\/div>\n<\/div>\n<div class=\"gridPhotoGallery__item gridPhotoGalleryItem--w2\">\n<div class=\"gridPhotoGallery__img\"><\/div>\n<\/div>\n<div class=\"gridPhotoGallery__item gridPhotoGalleryItem--w1\">\n<div class=\"gridPhotoGallery__img\"><\/div>\n<\/div>\n<div class=\"gridPhotoGallery__item gridPhotoGalleryItem--w2\">\n<div class=\"gridPhotoGallery__img\"><\/div>\n<\/div>\n<div class=\"gridPhotoGallery__item gridPhotoGalleryItem--w1\">\n<div class=\"gridPhotoGallery__img\"><\/div>\n<\/div>\n<div class=\"gridPhotoGallery__item gridPhotoGalleryItem--w2\">\n<div class=\"gridPhotoGallery__img\"><\/div>\n<\/div>\n<\/div>\n<\/div>\n<div class=\"clear mb-40\"><\/div>\n<div class=\"itemTagsBlock\">Etiquetas:\u00a0<a href=\"https:\/\/www.argentina.basketball\/ver\/noticias\/de\/seleccion-mayor-masc\" rel=\"tag\"><strong>Selecci\u00f3n Mayor Masculina<\/strong><\/a>,\u00a0<a href=\"https:\/\/www.argentina.basketball\/ver\/noticias\/de\/seleccion-mayor\" rel=\"tag\"><strong>Selecci\u00f3n Mayor<\/strong><\/a><\/p>\n<div class=\"clear\"><\/div>\n<\/div>\n<\/div>\n<\/div>\n<div class=\"mt-0\"><\/div>\n<div id=\"disqus_thread\"><\/div>\n<\/div>\n<\/div>\n<div class=\"col-sm-12 col-md-12 col-lg-3\">\n<div id=\"sidebar-widget\" class=\"sidebar mt-0\">\n<div class=\"widget widget_recent_entries\">\n<div class=\"latest_posts style3\">\n<h3 class=\"widgettitle title\">\u00daltimas Publicadas<\/h3>\n<\/div>\n<\/div>\n<\/div>\n<\/div>\n<\/div>\n<\/div>\n<\/section>\n","protected":false},"excerpt":{"rendered":"<p>18 de Agosto de 2025\u00a0 Fue derrota frente a Brasil por 89 a 65, en su primer partido en Panam\u00e1. El martes 19 ser\u00e1 el cierre del Cuadrangular ante el perdedor de Panam\u00e1-Uruguay, con transmisi\u00f3n de B\u00e1squet Pass. En su estreno en la Copa Latina, la Selecci\u00f3n Mayor Masculina sufri\u00f3 una derrota frente a Brasil &hellip;<\/p>\n","protected":false},"author":2,"featured_media":23983,"comment_status":"open","ping_status":"open","sticky":false,"template":"","format":"standard","meta":{"footnotes":""},"categories":[3],"tags":[],"class_list":["post-23982","post","type-post","status-publish","format-standard","has-post-thumbnail","hentry","category-basquetbol"],"_links":{"self":[{"href":"https:\/\/www.sportchaco.com.ar\/index.php?rest_route=\/wp\/v2\/posts\/23982","targetHints":{"allow":["GET"]}}],"collection":[{"href":"https:\/\/www.sportchaco.com.ar\/index.php?rest_route=\/wp\/v2\/posts"}],"about":[{"href":"https:\/\/www.sportchaco.com.ar\/index.php?rest_route=\/wp\/v2\/types\/post"}],"author":[{"embeddable":true,"href":"https:\/\/www.sportchaco.com.ar\/index.php?rest_route=\/wp\/v2\/users\/2"}],"replies":[{"embeddable":true,"href":"https:\/\/www.sportchaco.com.ar\/index.php?rest_route=%2Fwp%2Fv2%2Fcomments&post=23982"}],"version-history":[{"count":1,"href":"https:\/\/www.sportchaco.com.ar\/index.php?rest_route=\/wp\/v2\/posts\/23982\/revisions"}],"predecessor-version":[{"id":23984,"href":"https:\/\/www.sportchaco.com.ar\/index.php?rest_route=\/wp\/v2\/posts\/23982\/revisions\/23984"}],"wp:featuredmedia":[{"embeddable":true,"href":"https:\/\/www.sportchaco.com.ar\/index.php?rest_route=\/wp\/v2\/media\/23983"}],"wp:attachment":[{"href":"https:\/\/www.sportchaco.com.ar\/index.php?rest_route=%2Fwp%2Fv2%2Fmedia&parent=23982"}],"wp:term":[{"taxonomy":"category","embeddable":true,"href":"https:\/\/www.sportchaco.com.ar\/index.php?rest_route=%2Fwp%2Fv2%2Fcategories&post=23982"},{"taxonomy":"post_tag","embeddable":true,"href":"https:\/\/www.sportchaco.com.ar\/index.php?rest_route=%2Fwp%2Fv2%2Ftags&post=23982"}],"curies":[{"name":"wp","href":"https:\/\/api.w.org\/{rel}","templated":true}]}}