{"id":23986,"date":"2025-08-19T10:31:15","date_gmt":"2025-08-19T13:31:15","guid":{"rendered":"https:\/\/www.sportchaco.com.ar\/?p=23986"},"modified":"2025-08-19T10:31:15","modified_gmt":"2025-08-19T13:31:15","slug":"el-diablito-echeverri-deja-manchester-city-y-jugara-cedido-en-bayer-leverkusen","status":"publish","type":"post","link":"https:\/\/www.sportchaco.com.ar\/?p=23986","title":{"rendered":"El Diablito Echeverri deja Manchester City y jugar\u00e1 cedido en Bayer Leverkusen"},"content":{"rendered":"<header class=\"entry-header\">\n<div class=\"entry-categories\">19-08-2025<\/div>\n<p>&nbsp;<\/p>\n<\/header>\n<div class=\"entry-content\">\n<p data-start=\"203\" data-end=\"323\"><strong data-start=\"203\" data-end=\"323\">El joven talento argentino continuar\u00e1 su desarrollo en la Bundesliga, donde compartir\u00e1 equipo con Exequiel Palacios.<\/strong><\/p>\n<p data-start=\"352\" data-end=\"699\">Claudio \u201cEl Diablito\u201d Echeverri, una de las grandes promesas del f\u00fatbol argentino, dejar\u00e1 el Manchester City para continuar su carrera a pr\u00e9stamo en el Bayer Leverkusen. El chaque\u00f1o de 19 a\u00f1os, surgido de las inferiores de River Plate, se incorporar\u00e1 al \u00faltimo subcampe\u00f3n de la Bundesliga, donde ser\u00e1 compa\u00f1ero de otro ex-River: Exequiel Palacios.<\/p>\n<p data-start=\"701\" data-end=\"1091\">El mediocampista ofensivo, recientemente incluido por Lionel Scaloni en la prelista de la Selecci\u00f3n Argentina para la doble fecha de Eliminatorias de septiembre, firmar\u00e1 con el conjunto alem\u00e1n hasta el final de la presente temporada. La operaci\u00f3n no incluye opci\u00f3n de compra, y el Bayer se har\u00e1 cargo del 100% de su salario, condiciones que terminaron de convencer a la dirigencia del City.<\/p>\n<p data-start=\"1093\" data-end=\"1417\">Aunque se barajaron otros destinos para Echeverri \u2014como Girona (tambi\u00e9n parte del City Group) o la Roma\u2014, fue Leverkusen quien se movi\u00f3 con mayor rapidez y determinaci\u00f3n. Este mismo martes por la noche se espera que el jugador viaje a Alemania para realizar la revisi\u00f3n m\u00e9dica, firmar contrato y ser presentado oficialmente.<\/p>\n<p data-start=\"1419\" data-end=\"1910\">Echeverri lleg\u00f3 al Manchester City a principios de a\u00f1o, luego de destacarse en el Sudamericano Sub-20. Su adaptaci\u00f3n al f\u00fatbol ingl\u00e9s fue progresiva: debut\u00f3 nada menos que en la final de la FA Cup, donde los \u201cCiudadanos\u201d cayeron 1-0 ante el Crystal Palace, y luego sum\u00f3 minutos en la Premier League ante Fulham. Su momento m\u00e1s destacado fue en el Mundial de Clubes, donde anot\u00f3 un golazo de tiro libre frente al Al-Ain, aunque tuvo que salir en el entretiempo por una molestia en el tobillo.<\/p>\n<p data-start=\"1912\" data-end=\"2455\">Bayer Leverkusen, en tanto, transita una nueva etapa bajo la conducci\u00f3n del neerland\u00e9s Erik ten Hag, tras la salida de Xabi Alonso al Real Madrid y la venta de figuras clave como Florian Wirtz, Jeremie Frimpong y Jonathan Tah. El conjunto alem\u00e1n arranc\u00f3 la temporada con una goleada 4-0 sobre Sonnenhof Gro\u00dfaspach por la Copa de Alemania y debutar\u00e1 este s\u00e1bado en la Bundesliga frente al Hoffenheim. Si bien es poco probable que Echeverri integre esa primera convocatoria, se espera que tenga un rol m\u00e1s protag\u00f3nico del que tuvo en Inglaterra.<\/p>\n<p data-start=\"2457\" data-end=\"2675\">El Diablito buscar\u00e1 consolidarse en el f\u00fatbol europeo y continuar su crecimiento con minutos de calidad en una liga competitiva, de la mano de un equipo que ha demostrado apostar por los j\u00f3venes talentos sudamericanos.<\/p>\n<\/div>\n","protected":false},"excerpt":{"rendered":"<p>19-08-2025 &nbsp; El joven talento argentino continuar\u00e1 su desarrollo en la Bundesliga, donde compartir\u00e1 equipo con Exequiel Palacios. Claudio \u201cEl Diablito\u201d Echeverri, una de las grandes promesas del f\u00fatbol argentino, dejar\u00e1 el Manchester City para continuar su carrera a pr\u00e9stamo en el Bayer Leverkusen. El chaque\u00f1o de 19 a\u00f1os, surgido de las inferiores de River &hellip;<\/p>\n","protected":false},"author":2,"featured_media":23987,"comment_status":"open","ping_status":"open","sticky":false,"template":"","format":"standard","meta":{"footnotes":""},"categories":[6],"tags":[],"class_list":["post-23986","post","type-post","status-publish","format-standard","has-post-thumbnail","hentry","category-internacionales"],"_links":{"self":[{"href":"https:\/\/www.sportchaco.com.ar\/index.php?rest_route=\/wp\/v2\/posts\/23986","targetHints":{"allow":["GET"]}}],"collection":[{"href":"https:\/\/www.sportchaco.com.ar\/index.php?rest_route=\/wp\/v2\/posts"}],"about":[{"href":"https:\/\/www.sportchaco.com.ar\/index.php?rest_route=\/wp\/v2\/types\/post"}],"author":[{"embeddable":true,"href":"https:\/\/www.sportchaco.com.ar\/index.php?rest_route=\/wp\/v2\/users\/2"}],"replies":[{"embeddable":true,"href":"https:\/\/www.sportchaco.com.ar\/index.php?rest_route=%2Fwp%2Fv2%2Fcomments&post=23986"}],"version-history":[{"count":1,"href":"https:\/\/www.sportchaco.com.ar\/index.php?rest_route=\/wp\/v2\/posts\/23986\/revisions"}],"predecessor-version":[{"id":23988,"href":"https:\/\/www.sportchaco.com.ar\/index.php?rest_route=\/wp\/v2\/posts\/23986\/revisions\/23988"}],"wp:featuredmedia":[{"embeddable":true,"href":"https:\/\/www.sportchaco.com.ar\/index.php?rest_route=\/wp\/v2\/media\/23987"}],"wp:attachment":[{"href":"https:\/\/www.sportchaco.com.ar\/index.php?rest_route=%2Fwp%2Fv2%2Fmedia&parent=23986"}],"wp:term":[{"taxonomy":"category","embeddable":true,"href":"https:\/\/www.sportchaco.com.ar\/index.php?rest_route=%2Fwp%2Fv2%2Fcategories&post=23986"},{"taxonomy":"post_tag","embeddable":true,"href":"https:\/\/www.sportchaco.com.ar\/index.php?rest_route=%2Fwp%2Fv2%2Ftags&post=23986"}],"curies":[{"name":"wp","href":"https:\/\/api.w.org\/{rel}","templated":true}]}}