{"id":23994,"date":"2025-08-19T23:59:26","date_gmt":"2025-08-20T02:59:26","guid":{"rendered":"https:\/\/www.sportchaco.com.ar\/?p=23994"},"modified":"2025-08-19T23:59:25","modified_gmt":"2025-08-20T02:59:25","slug":"efemerides-del-20-de-agosto-2","status":"publish","type":"post","link":"https:\/\/www.sportchaco.com.ar\/?p=23994","title":{"rendered":"Efem\u00e9rides del 20 de agosto"},"content":{"rendered":"<div class=\"container fullwidth-entry-title-wrapper\">\n<div class=\"container-wrapper fullwidth-entry-title\">\n<header class=\"entry-header-outer\">\n<div class=\"entry-header\">\n<h1 class=\"post-title entry-title\">59Efem\u00e9rides del 20 de agosto<\/h1>\n<div class=\"single-post-meta post-meta clearfix\"><\/div>\n<\/div>\n<\/header>\n<\/div>\n<\/div>\n<div id=\"content\" class=\"site-content container\">\n<div id=\"main-content-row\" class=\"tie-row main-content-row\">\n<div class=\"main-content tie-col-md-8 tie-col-xs-12\" role=\"main\">\n<article id=\"the-post\" class=\"container-wrapper post-content tie-standard\">\n<div class=\"featured-area\">\n<div class=\"featured-area-inner\">\n<h5 class=\"single-featured-image\"><\/h5>\n<\/div>\n<\/div>\n<div class=\"entry-content entry clearfix\">\n<h5><strong>Esta es la Efem\u00e9rides del Deporte en el Chaco de un 20 de agosto periodista Luis Dar\u00edo Molodezky.<\/strong><\/h5>\n<p style=\"text-align: center;\"><img loading=\"lazy\" decoding=\"async\" class=\"alignnone size-medium wp-image-23762\" src=\"https:\/\/www.sportchaco.com.ar\/wp-content\/uploads\/2025\/08\/Luis-Dario-11-08-2025-10-226x300.jpeg\" alt=\"\" width=\"226\" height=\"300\" srcset=\"https:\/\/www.sportchaco.com.ar\/wp-content\/uploads\/2025\/08\/Luis-Dario-11-08-2025-10-226x300.jpeg 226w, https:\/\/www.sportchaco.com.ar\/wp-content\/uploads\/2025\/08\/Luis-Dario-11-08-2025-10-771x1024.jpeg 771w, https:\/\/www.sportchaco.com.ar\/wp-content\/uploads\/2025\/08\/Luis-Dario-11-08-2025-10-768x1021.jpeg 768w, https:\/\/www.sportchaco.com.ar\/wp-content\/uploads\/2025\/08\/Luis-Dario-11-08-2025-10-1156x1536.jpeg 1156w, https:\/\/www.sportchaco.com.ar\/wp-content\/uploads\/2025\/08\/Luis-Dario-11-08-2025-10.jpeg 1204w\" sizes=\"auto, (max-width: 226px) 100vw, 226px\" \/><\/p>\n<p><strong>1915 \/<\/strong>\u00a0Nace Arturo Lestani. Hizo la primaria en la Escuela 26 y la secundaria en Corrientes. Estudio medicina en Rosario, gradu\u00e1ndose en Traumatolog\u00eda y ortopedia en marzo de 1943. Fue doctor en la Marey el ni\u00f1o y el Hospital Perrando. Integra la junta promotora para la fundaci\u00f3n de la UNNE y la Asociaci\u00f3n m\u00e9dica de la que fue fundador, lo tuvo varias veces presidente. Fundador de Sanatorio Chaco en 1951. Deportivamente, estuvo ligado al Tiro Federal de Resistencia, entidad en la que pudo demostrar sus habilidades de tirador. Comparti\u00f3 su pasi\u00f3n con su hermano Rodolfo, en el Club Atl\u00e9tico Sarmiento, donde se lleg\u00f3 a desempe\u00f1ar como presidente. Tambi\u00e9n particip\u00f3 activamente en Club Atl\u00e9tico Villa San Martin. La Escuela Deportivo del Club Sarmiento lleva su nombre. Falleci\u00f3 en Resistencia el 3 de agosto de 1978, a la edad de 62 a\u00f1os.<\/p>\n<p><strong>\u00a0<\/strong><\/p>\n<p><strong>1942\u00a0<\/strong>\/ Se funda la Federaci\u00f3n Chaque\u00f1a de Bochas, su primer presidente fue Francisco Altabe.<\/p>\n<p>&nbsp;<\/p>\n<p><strong>1950\u00a0<\/strong>\/ Por el Campeonato Argentino de F\u00fatbol, Villa \u00c1ngela derrot\u00f3 a Resistencia por 5 a 2 en la final territorial (provincial).<\/p>\n<p>&nbsp;<\/p>\n<p><strong>1954\u00a0<\/strong>\/ Se realiza en el Anfiteatro Todaro la \u00faltima jornada de un Campeonato Interprovincial de Box que se adjudica la representaci\u00f3n de Santa Fe.<\/p>\n<p>&nbsp;<\/p>\n<p><strong>1967\u00a0<\/strong>\/ Chaco For Ever (foto portada) clasifica al primer Nacional del F\u00fatbol, al igualar como local con Racing de C\u00f3rdoba 0 a 0, luego de ganar una semana antes de visitante por 2 a 1, con goles de Santiago Fern\u00e1ndez y Julio C\u00e9sar Cubilla. Previamente For Ever elimin\u00f3 a Guaran\u00ed Antonio Franco, ganando 1-0 en Posadas (Porfirio C\u00e1ceres de penal) y 3 a 1 en Resistencia (Santiago Fern\u00e1ndez, C\u00e1ceres y A. Gonz\u00e1lez). For Ever form\u00f3 con Villanueva; Cassiet, Silgueiro, Pyszczek, y Lemme; Obreg\u00f3n y Villagra; Rotger, Olivera, Gonz\u00e1lez y D\u00edaz.<\/p>\n<p>&nbsp;<\/p>\n<p><strong>1968 \/<\/strong>\u00a0El presidente Pedro Jos\u00e9 Ben\u00edtez y el secretario Abraham Rabonovich de For Ever, firman contrato con Casa Aides, representante en el Chaco de ILUM, para la provisi\u00f3n de la moderna iluminaci\u00f3n del estadio de la avenida 9 de julio 2222. Se colocar\u00e1n 6 columnas de 22 metros, 15 proyectores de 1500 kwts, habilitado para la TV.<\/p>\n<p>&nbsp;<\/p>\n<p><strong>1979\u00a0<\/strong>\/ Alfredo Ayala se consagra campe\u00f3n argentino medio mediano de la categor\u00eda Novicios, tras el torneo realizado en Formosa. Ayala de 16 a\u00f1os y radicado en S\u00e1enz Pe\u00f1a, naci\u00f3 en General Pinedo.<\/p>\n<p>&nbsp;<\/p>\n<\/div>\n<\/article>\n<\/div>\n<\/div>\n<\/div>\n","protected":false},"excerpt":{"rendered":"<p>59Efem\u00e9rides del 20 de agosto Esta es la Efem\u00e9rides del Deporte en el Chaco de un 20 de agosto periodista Luis Dar\u00edo Molodezky. 1915 \/\u00a0Nace Arturo Lestani. Hizo la primaria en la Escuela 26 y la secundaria en Corrientes. Estudio medicina en Rosario, gradu\u00e1ndose en Traumatolog\u00eda y ortopedia en marzo de 1943. Fue doctor en &hellip;<\/p>\n","protected":false},"author":2,"featured_media":23995,"comment_status":"open","ping_status":"open","sticky":false,"template":"","format":"standard","meta":{"footnotes":""},"categories":[38,45],"tags":[],"class_list":["post-23994","post","type-post","status-publish","format-standard","has-post-thumbnail","hentry","category-agosto","category-efemerides-dia-por-dia"],"_links":{"self":[{"href":"https:\/\/www.sportchaco.com.ar\/index.php?rest_route=\/wp\/v2\/posts\/23994","targetHints":{"allow":["GET"]}}],"collection":[{"href":"https:\/\/www.sportchaco.com.ar\/index.php?rest_route=\/wp\/v2\/posts"}],"about":[{"href":"https:\/\/www.sportchaco.com.ar\/index.php?rest_route=\/wp\/v2\/types\/post"}],"author":[{"embeddable":true,"href":"https:\/\/www.sportchaco.com.ar\/index.php?rest_route=\/wp\/v2\/users\/2"}],"replies":[{"embeddable":true,"href":"https:\/\/www.sportchaco.com.ar\/index.php?rest_route=%2Fwp%2Fv2%2Fcomments&post=23994"}],"version-history":[{"count":2,"href":"https:\/\/www.sportchaco.com.ar\/index.php?rest_route=\/wp\/v2\/posts\/23994\/revisions"}],"predecessor-version":[{"id":24039,"href":"https:\/\/www.sportchaco.com.ar\/index.php?rest_route=\/wp\/v2\/posts\/23994\/revisions\/24039"}],"wp:featuredmedia":[{"embeddable":true,"href":"https:\/\/www.sportchaco.com.ar\/index.php?rest_route=\/wp\/v2\/media\/23995"}],"wp:attachment":[{"href":"https:\/\/www.sportchaco.com.ar\/index.php?rest_route=%2Fwp%2Fv2%2Fmedia&parent=23994"}],"wp:term":[{"taxonomy":"category","embeddable":true,"href":"https:\/\/www.sportchaco.com.ar\/index.php?rest_route=%2Fwp%2Fv2%2Fcategories&post=23994"},{"taxonomy":"post_tag","embeddable":true,"href":"https:\/\/www.sportchaco.com.ar\/index.php?rest_route=%2Fwp%2Fv2%2Ftags&post=23994"}],"curies":[{"name":"wp","href":"https:\/\/api.w.org\/{rel}","templated":true}]}}