{"id":24002,"date":"2025-08-19T18:15:19","date_gmt":"2025-08-19T21:15:19","guid":{"rendered":"https:\/\/www.sportchaco.com.ar\/?p=24002"},"modified":"2025-08-19T18:15:19","modified_gmt":"2025-08-19T21:15:19","slug":"agostina-hein-hizo-historia-en-natacion-campeona-mundial-juvenil-y-record","status":"publish","type":"post","link":"https:\/\/www.sportchaco.com.ar\/?p=24002","title":{"rendered":"Agostina Hein hizo historia en nataci\u00f3n: campeona mundial juvenil y r\u00e9cord"},"content":{"rendered":"<hr \/>\n<header class=\"news-headline\">\n<h1 class=\"news-headline__title\">19-08-2025<\/h1>\n<div class=\"news-headline__author-and-share-wrapper\"><\/div>\n<h5 class=\"ignore-parser\"><\/h5>\n<\/header>\n<h2 class=\"suggested-news__title\"><\/h2>\n<div class=\"detail-highlighted-multimedia content-protected-false\">\n<figure class=\"detail-highlighted-multimedia__figure\"><img loading=\"lazy\" decoding=\"async\" class=\"detail-highlighted-multimedia__figure-img img-fluid\" src=\"https:\/\/media.ambito.com\/p\/c5bebb31de4cfa283212ca726794a625\/adjuntos\/239\/imagenes\/042\/684\/0042684632\/agostina-hein.png\" alt=\"Agostina Hein hizo historia en nataci\u00f3n: campeona mundial juvenil y r\u00e9cord\" width=\"655\" height=\"368\" crossorigin=\"anonymous\" \/><figcaption class=\"detail-highlighted-multimedia__figcaption\">\n<div class=\"detail-highlighted-multimedia__caption\">\n<p>Agostina Hein hizo historia en nataci\u00f3n: campeona mundial juvenil y r\u00e9cord<\/p>\n<\/div>\n<\/figcaption><\/figure>\n<\/div>\n<article class=\"article-body article-body--first-paragraph content-protected-false\" data-td-script-src=\"https:\/\/www.ambito.com\/td\/modulos\/encuestas\/js\/function-embeds-min-version-1755576550.js\"><a href=\"https:\/\/www.ambito.com\/deportes\/historica-medalla-una-argentina-fue-bronce-el-mundial-junior-natacion-n5813865\" target=\"_blank\" rel=\"follow noopener\">Agostina Hein<\/a>, de 17 a\u00f1os, hizo historia en la nataci\u00f3n argentina en las \u00faltimas horas al consagrarse campeona del mundo junior.<\/p>\n<\/article>\n<article class=\"article-body article-body--second-paragraph content-protected-false\">Lider\u00f3 la prueba de los\u00a0400 medley\u00a0desarrollados en\u00a0Otopeni, Rumania, rompiendo inclusive el\u00a0r\u00e9cord sudamericano\u00a0vigente hace m\u00e1s de 20 a\u00f1os, que pertence\u00eda a\u00a0Georgina Bardach\u00a0desde\u00a0Atenas 2004.<\/p>\n<\/article>\n<section class=\"related-news\">\n<div class=\"row row--eq-height\">\n<div class=\"col-12 col-md-6\">\n<article class=\"news-article news-article--landscape-news news-article--landscape-news\">\n<div class=\"news-article__info-wrapper\">\n<h2 class=\"news-article__title\"><\/h2>\n<\/div>\n<\/article>\n<\/div>\n<\/div>\n<\/section>\n<article class=\"article-body article-body--third-paragraph content-protected-false\">\n<div id=\"embed20_wrap\" class=\"embed_cont type_freetext\" contenteditable=\"false\">\n<div id=\"embed20_content\" class=\"embed_content\">\n<div id=\"embed20_embed\">\n<div class=\"twitter-tweet twitter-tweet-rendered\"><iframe id=\"twitter-widget-0\" class=\"\" title=\"X Post\" src=\"https:\/\/platform.twitter.com\/embed\/Tweet.html?creatorScreenName=Ambitocom&amp;dnt=false&amp;embedId=twitter-widget-0&amp;features=eyJ0ZndfdGltZWxpbmVfbGlzdCI6eyJidWNrZXQiOltdLCJ2ZXJzaW9uIjpudWxsfSwidGZ3X2ZvbGxvd2VyX2NvdW50X3N1bnNldCI6eyJidWNrZXQiOnRydWUsInZlcnNpb24iOm51bGx9LCJ0ZndfdHdlZXRfZWRpdF9iYWNrZW5kIjp7ImJ1Y2tldCI6Im9uIiwidmVyc2lvbiI6bnVsbH0sInRmd19yZWZzcmNfc2Vzc2lvbiI6eyJidWNrZXQiOiJvbiIsInZlcnNpb24iOm51bGx9LCJ0ZndfZm9zbnJfc29mdF9pbnRlcnZlbnRpb25zX2VuYWJsZWQiOnsiYnVja2V0Ijoib24iLCJ2ZXJzaW9uIjpudWxsfSwidGZ3X21peGVkX21lZGlhXzE1ODk3Ijp7ImJ1Y2tldCI6InRyZWF0bWVudCIsInZlcnNpb24iOm51bGx9LCJ0ZndfZXhwZXJpbWVudHNfY29va2llX2V4cGlyYXRpb24iOnsiYnVja2V0IjoxMjA5NjAwLCJ2ZXJzaW9uIjpudWxsfSwidGZ3X3Nob3dfYmlyZHdhdGNoX3Bpdm90c19lbmFibGVkIjp7ImJ1Y2tldCI6Im9uIiwidmVyc2lvbiI6bnVsbH0sInRmd19kdXBsaWNhdGVfc2NyaWJlc190b19zZXR0aW5ncyI6eyJidWNrZXQiOiJvbiIsInZlcnNpb24iOm51bGx9LCJ0ZndfdXNlX3Byb2ZpbGVfaW1hZ2Vfc2hhcGVfZW5hYmxlZCI6eyJidWNrZXQiOiJvbiIsInZlcnNpb24iOm51bGx9LCJ0ZndfdmlkZW9faGxzX2R5bmFtaWNfbWFuaWZlc3RzXzE1MDgyIjp7ImJ1Y2tldCI6InRydWVfYml0cmF0ZSIsInZlcnNpb24iOm51bGx9LCJ0ZndfbGVnYWN5X3RpbWVsaW5lX3N1bnNldCI6eyJidWNrZXQiOnRydWUsInZlcnNpb24iOm51bGx9LCJ0ZndfdHdlZXRfZWRpdF9mcm9udGVuZCI6eyJidWNrZXQiOiJvbiIsInZlcnNpb24iOm51bGx9fQ%3D%3D&amp;frame=false&amp;hideCard=false&amp;hideThread=false&amp;id=1957834504959115571&amp;lang=es&amp;maxWidth=560px&amp;origin=https%3A%2F%2Fwww.ambito.com%2Fdeportes%2Fagostina-hein-hizo-historia-natacion-campeona-mundial-juvenil-y-record-n6180244&amp;sessionId=b81fd406e82d2569dc193fb9baca78cb2fda5431&amp;siteScreenName=Ambitocom&amp;theme=light&amp;widgetsVersion=2615f7e52b7e0%3A1702314776716&amp;width=550px\" frameborder=\"0\" scrolling=\"no\" allowfullscreen=\"allowfullscreen\" data-tweet-id=\"1957834504959115571\" data-mce-fragment=\"1\"><\/iframe><\/div>\n<\/div>\n<\/div>\n<\/div>\n<p>La atleta oriunda de\u00a0Z\u00e1rate\u00a0hizo un tiempo de\u00a04m34s34, dejando atr\u00e1s a la brit\u00e1nica\u00a0Amalie Smith\u00a0(4m35s49) y la japonesa\u00a0Shuna Sasaki\u00a0(4m38s94). Adem\u00e1s, la marca de\u00a0Bardach\u00a0la baj\u00f3 en m\u00e1s de tres segundos. Un barbaridad.<\/p>\n<\/article>\n<article class=\"article-body article-body--fourth-paragraph content-protected-false\">No s\u00f3lo eso, sino que\u00a0<strong>Hein<\/strong>\u00a0ven\u00eda de ganar\u00a0<strong>ocho medallas<\/strong>\u00a0en los\u00a0<strong>Juegos Panamericanos Junior<\/strong>\u00a0de\u00a0<strong>Asunci\u00f3n,<\/strong>\u00a0con tres oros, cuatro platas y un bronce, lo que evidenci\u00f3 un potencial incalculable.<\/p>\n<\/article>\n<article class=\"article-body article-body--fifth-paragraph content-protected-false\">En su primera prueba en el\u00a0<strong>Mundial Juvenil<\/strong>,\u00a0<strong>Hein<\/strong>\u00a0no dej\u00f3 dudas y se convirti\u00f3 en la segunda nadadora argentina en ser campeona mundial juvenil, siguiendo los pasos de\u00a0<strong>Delfina Pignatiello<\/strong>, que lo hab\u00eda logrado en\u00a0<strong>Indian\u00e1polis 2017<\/strong>.<\/p>\n<\/article>\n","protected":false},"excerpt":{"rendered":"<p>19-08-2025 Agostina Hein hizo historia en nataci\u00f3n: campeona mundial juvenil y r\u00e9cord Agostina Hein, de 17 a\u00f1os, hizo historia en la nataci\u00f3n argentina en las \u00faltimas horas al consagrarse campeona del mundo junior. Lider\u00f3 la prueba de los\u00a0400 medley\u00a0desarrollados en\u00a0Otopeni, Rumania, rompiendo inclusive el\u00a0r\u00e9cord sudamericano\u00a0vigente hace m\u00e1s de 20 a\u00f1os, que pertence\u00eda a\u00a0Georgina Bardach\u00a0desde\u00a0Atenas 2004. &hellip;<\/p>\n","protected":false},"author":2,"featured_media":24003,"comment_status":"open","ping_status":"open","sticky":false,"template":"","format":"standard","meta":{"footnotes":""},"categories":[65],"tags":[],"class_list":["post-24002","post","type-post","status-publish","format-standard","has-post-thumbnail","hentry","category-natacion"],"_links":{"self":[{"href":"https:\/\/www.sportchaco.com.ar\/index.php?rest_route=\/wp\/v2\/posts\/24002","targetHints":{"allow":["GET"]}}],"collection":[{"href":"https:\/\/www.sportchaco.com.ar\/index.php?rest_route=\/wp\/v2\/posts"}],"about":[{"href":"https:\/\/www.sportchaco.com.ar\/index.php?rest_route=\/wp\/v2\/types\/post"}],"author":[{"embeddable":true,"href":"https:\/\/www.sportchaco.com.ar\/index.php?rest_route=\/wp\/v2\/users\/2"}],"replies":[{"embeddable":true,"href":"https:\/\/www.sportchaco.com.ar\/index.php?rest_route=%2Fwp%2Fv2%2Fcomments&post=24002"}],"version-history":[{"count":1,"href":"https:\/\/www.sportchaco.com.ar\/index.php?rest_route=\/wp\/v2\/posts\/24002\/revisions"}],"predecessor-version":[{"id":24004,"href":"https:\/\/www.sportchaco.com.ar\/index.php?rest_route=\/wp\/v2\/posts\/24002\/revisions\/24004"}],"wp:featuredmedia":[{"embeddable":true,"href":"https:\/\/www.sportchaco.com.ar\/index.php?rest_route=\/wp\/v2\/media\/24003"}],"wp:attachment":[{"href":"https:\/\/www.sportchaco.com.ar\/index.php?rest_route=%2Fwp%2Fv2%2Fmedia&parent=24002"}],"wp:term":[{"taxonomy":"category","embeddable":true,"href":"https:\/\/www.sportchaco.com.ar\/index.php?rest_route=%2Fwp%2Fv2%2Fcategories&post=24002"},{"taxonomy":"post_tag","embeddable":true,"href":"https:\/\/www.sportchaco.com.ar\/index.php?rest_route=%2Fwp%2Fv2%2Ftags&post=24002"}],"curies":[{"name":"wp","href":"https:\/\/api.w.org\/{rel}","templated":true}]}}