{"id":24007,"date":"2025-08-19T18:53:11","date_gmt":"2025-08-19T21:53:11","guid":{"rendered":"https:\/\/www.sportchaco.com.ar\/?p=24007"},"modified":"2025-08-19T18:53:11","modified_gmt":"2025-08-19T21:53:11","slug":"mastantuono-debuto-en-la-victoria-del-real-madrid","status":"publish","type":"post","link":"https:\/\/www.sportchaco.com.ar\/?p=24007","title":{"rendered":"Mastantuono debut\u00f3 en la victoria del Real Madrid"},"content":{"rendered":"<header class=\"article-header-wrapper\">\n<div class=\"article-header\">\n<h4 id=\"asi-fue-el-historico-debut-de-mastantuono-en-el-real-madrid:-ovacion-del-bernabeu-quites-y-la-pared-que-le-tapo-el-arquero\" class=\"display-block article-headline text_align_left\"><span style=\"font-size: 16px; font-weight: 400;\">19 Ago 2025<\/span><\/h4>\n<h4 class=\"display-block article-headline text_align_left\">El hist\u00f3rico debut de Franco Mastantuono en el Real Madrid: ovaci\u00f3n del Bernab\u00e9u, quites y la pared que le tap\u00f3 el arquero. El ex futbolista de River Plate tuvo su d\u00eda so\u00f1ado en el Merengue, que venci\u00f3 al Osasuna en el inicio de La Liga espa\u00f1ola<\/h4>\n<p class=\"com-paragraph   --s\">El Real Madrid venci\u00f3 este martes por 1-0 a CA Osasuna en la primera jornada de LaLiga EA Sports 2025-26, gracias a un solitario gol de penalti del delantero Kylian Mbapp\u00e9, el mejor del encuentro, en un partido plano de los blancos ante un compacto equipo &#8216;rojillo&#8217;, que dej\u00f3 tambi\u00e9n el debut del argentino Franco Mastantuono y el regreso al c\u00e9sped del Santiago Bernab\u00e9u de Dani Carvajal m\u00e1s de 10 meses despu\u00e9s de su lesi\u00f3n.<\/p>\n<p class=\"com-paragraph   --s\">Mbapp\u00e9 fue la \u00fanica luz del Real Madrid en un estreno liguero plano y con dudas. Osasuna plante\u00f3 un partido rocoso, con las l\u00edneas muy juntas y sin apenas dejar espacios al conjunto merengue. Y a los de Xabi Alonso, que volv\u00eda al Bernab\u00e9u 11 a\u00f1os despu\u00e9s de su \u00faltimo partido como jugador del club blanco, les cost\u00f3 y mucho superar ese muro. De hecho, no fue hasta la segunda mitad y de penalti cuando Mbapp\u00e9 pudo batir a Sergio Herrera, aunque tampoco goz\u00f3 el Real Madrid de muchas m\u00e1s ocasiones claras. Ni Vin\u00edcius J\u00fanior ni Brahim D\u00edaz tuvieron su mejor d\u00eda, en un ataque madridista con poca claridad.<\/p>\n<p class=\"com-paragraph   --s\"><img decoding=\"async\" class=\"aligncenter\" src=\"https:\/\/www.lanacion.com.ar\/resizer\/v2\/cronica-del-real-madrid-ca-osasuna-1-PWZPJODU4FB65GCWCHWPPEA7A4.JPG?auth=4f934c6433cce7395ff6a75362f03cccbf9e011224db83f3c0be1ef97a2d8338&amp;width=420&amp;height=280&amp;quality=70&amp;smart=true\" alt=\"Cr\u00f3nica del Real Madrid - CA Osasuna: 1-0\" \/><\/p>\n<p class=\"com-paragraph   --s\">Pero la segunda parte empez\u00f3 mejor para el Real Madrid. En el minuto 49, en la primera jugada del partido en la que el equipo de Xabi Alonso pudo correr, Mbapp\u00e9 encar\u00f3 dentro del \u00e1rea a Juan Cruz y tras un recorte, el defensa &#8216;rojillo&#8217; barri\u00f3 al franc\u00e9s, que no fall\u00f3 desde los once metros para celebrar su primer gol del curso.<\/p>\n<p class=\"com-paragraph   --s\">El gol aviv\u00f3 el encuentro. Osasuna dio un paso adelante y comenz\u00f3 a arriesgar m\u00e1s, lo que permiti\u00f3 al Real Madrid encontrar m\u00e1s espacios, una alegr\u00eda para &#8216;Vini&#8217; y Mbapp\u00e9, que estuvieron a punto de conectar con un gran pase del brasile\u00f1o con el exterior. G\u00fcler tambi\u00e9n se atrevi\u00f3 desde la frontal, pero se march\u00f3 arriba.<\/p>\n<p class=\"com-paragraph   --s\">Aunque las ocasiones claras no terminaban de llegar, Xabi Alonso movi\u00f3 el banquillo para meter a Franco Mastantuono, aclamado por la grada, y Dani Carvajal, que tambi\u00e9n recibi\u00f3 una gran ovaci\u00f3n de la grada que no le ve\u00eda sobre el c\u00e9sped desde el 5 de octubre del a\u00f1o pasado.<\/p>\n<p><img decoding=\"async\" src=\"https:\/\/www.infobae.com\/resizer\/v2\/BCIFONF3QFHCPOYJGQEFGJAVPQ.jpg?auth=75a9fd86f4bfd0a12f062186e300081eae152e776c0ad69782de02346dc296a5&amp;smart=true&amp;width=350&amp;height=233&amp;quality=85\" alt=\"Franco Mastantuono mostr\u00f3 destellos de\" \/><\/p>\n<p class=\"com-paragraph   --s\">SINTESIS DEL PARTIDO<\/p>\n<p class=\"com-paragraph   --s\">\u2013ALINEACIONES.<\/p>\n<p class=\"com-paragraph   --s\">REAL MADRID: Courtois; Alexander-Arnold (Carvajal, min.68), Militao, Huijsen, Carreras; Valverde, Tchouam\u00e9ni, G\u00fcler (Ceballos, min.90); Brahim (Mastantuono, min.68), Mbapp\u00e9 y Vin\u00edcius (Gonzalo Garc\u00eda, min.78).<\/p>\n<p class=\"com-paragraph   --s\">CA OSASUNA: Sergio Herrera; Rosier, Catena, Boyomo, Juan Cruz (Ra\u00fal Garc\u00eda de Haro, min.85), Bretones; Torr\u00f3, Moncayola; Rub\u00e9n Garc\u00eda (V\u00edctor Mu\u00f1oz, min.66), Aimar Oroz (Moi G\u00f3mez, min.78); y Budimir.<\/p>\n<p class=\"com-paragraph   --s\">\u2013GOLES: 0-1, min.51: Kylian Mbapp\u00e9.<\/p>\n<p class=\"com-paragraph   --s\">\u2013\u00c1RBITRO: Cordero Vega. Amonest\u00f3 a Mbapp\u00e9 (min.90) en el Real Madrid; y expuls\u00f3 con tarjeta roja directa a Bretones (min.90+5).<\/p>\n<p class=\"com-paragraph   --s\">\u2013ESTADIO: Santiago Bernab\u00e9u.<\/p>\n<\/div>\n<\/header>\n<article class=\"article\">\n<div class=\"sharebar-container display_flex\">\n<div class=\"sharebar-buttons-container display_flex\">\n<div class=\"sharebar-buttons button-save\" tabindex=\"0\" role=\"button\" aria-label=\"Guardar\"><\/div>\n<div class=\"sharebar-buttons-separator\"><strong>EL DEBUT DE FRANCO<\/strong><\/div>\n<p><button class=\"sharemenu-buttons display_flex\" aria-label=\"Compartir en Telegram\"><\/button><button class=\"sharemenu-buttons display_flex\" aria-label=\"Compartir en Linkedin\"><\/button><button class=\"sharemenu-buttons display_flex\" aria-label=\"Compartir en Twitter\"><\/button><button class=\"sharemenu-buttons display_flex\" aria-label=\"Compartir en Whatsapp\"><\/button><button class=\"sharemenu-buttons display_flex\" aria-label=\"Compartir en Facebook\"><\/button><\/div>\n<\/div>\n<div class=\"body-article \">\n<div class=\"rawHTML raw_html \">\n<div class=\"container-video\"><iframe class=\"responsive-iframe-video\" title=\"video-espn\" src=\"https:\/\/www.espn.com.ar\/core\/video\/iframe?id=15566009&amp;endcard=false&amp;omniReportSuite=wdgespge\" allowfullscreen=\"allowfullscreen\" data-mce-fragment=\"1\"><\/iframe><\/div>\n<\/div>\n<p class=\"paragraph\"><span style=\"color: #000000;\">El estadio\u00a0<b>Santiago Bernab\u00e9u<\/b>\u00a0vivi\u00f3 una jornada especial durante el debut oficial de\u00a0<b>Franco Mastantuono<\/b>\u00a0con la camiseta del\u00a0<a style=\"color: #000000;\" title=\"https:\/\/www.infobae.com\/deportes\/2025\/08\/19\/con-la-expectativa-sobre-el-debut-de-franco-mastantuono-real-madrid-inicia-la-liga-contra-osasuna-hora-tv-y-formaciones\/\" href=\"https:\/\/www.infobae.com\/deportes\/2025\/08\/19\/con-la-expectativa-sobre-el-debut-de-franco-mastantuono-real-madrid-inicia-la-liga-contra-osasuna-hora-tv-y-formaciones\/\" target=\"_blank\" rel=\"noopener noreferrer\"><b>Real Madrid<\/b>\u00a0frente al\u00a0<b>Osasuna<\/b>\u00a0en la primera fecha de la\u00a0<b>Liga Espa\u00f1ola<\/b><\/a>. El juvenil argentino de 18 a\u00f1os ingres\u00f3 en la segunda mitad y recibi\u00f3 una notable ovaci\u00f3n del p\u00fablico local.<\/span><\/p>\n<div class=\"jwplayer-ctn\">\n<div>\n<div id=\"MOMYNIWO4FH67PC5BL6UBHVOFY-custom_embed2\" class=\"jwplayer jw-reset jw-state-idle jw-stretch-uniform jw-flag-aspect-mode jw-floating-dismissible jw-keep-thumbnail jw-breakpoint-5 jw-flag-user-inactive\" tabindex=\"0\" role=\"application\" aria-label=\"Video Player - La reacci\u00f3n del Santiago Bernab\u00e9u cuando nombran a Franco Mastantuono\" aria-describedby=\"jw-MOMYNIWO4FH67PC5BL6UBHVOFY-custom_embed2-shortcuts-tooltip-explanation\">\n<div class=\"afs_ads ad-placement\"><\/div>\n<\/div>\n<\/div>\n<p>La reacci\u00f3n del Santiago Bernab\u00e9u cuando nombran a Franco Mastantuono<\/p><\/div>\n<p class=\"paragraph\">El encuentro se resolvi\u00f3 por la m\u00ednima diferencia tras el penal convertido por\u00a0<b>Kylian Mbapp\u00e9<\/b>\u00a0a los 50 minutos. El equipo dirigido por\u00a0<b>Xabi Alonso<\/b>\u00a0control\u00f3 el tr\u00e1mite durante la segunda etapa, pese a la presi\u00f3n de\u00a0<b>Osasuna<\/b>, que sufri\u00f3 la expulsi\u00f3n de\u00a0<b>Abel Bretones<\/b>\u00a0en tiempo de descuento por una falta sobre\u00a0<b>Gonzalo Garc\u00eda<\/b>.<\/p>\n<p class=\"paragraph\">A partir del calentamiento previo, los altoparlantes del estadio destacaron la presencia de\u00a0<b>Mastantuono<\/b>, generando una respuesta inmediata de los aficionados. El ambiente aument\u00f3 de intensidad a los 63 minutos, momento en el que el entrenador\u00a0<b>Xabi Alonso<\/b>\u00a0lo llam\u00f3 para ingresar al campo. \u201c<b>Franco Franco<\/b>\u201d, corearon los asistentes, y al ingresar en el minuto 67 en reemplazo de\u00a0<b>Brahim D\u00edaz<\/b>, el estadio respondi\u00f3 con aplausos de pie.<\/p>\n<div class=\"jwplayer-ctn\">\n<div>\n<div id=\"TEQZ4VJANRCVZBAF4NRHD4STYI-custom_embed5\" class=\"jwplayer jw-reset jw-state-idle jw-stretch-uniform jw-flag-aspect-mode jw-floating-dismissible jw-keep-thumbnail jw-breakpoint-5 jw-flag-user-inactive\" tabindex=\"0\" role=\"application\" aria-label=\"Video Player - Franco Mastantuono realiza la entrada en calor\" aria-describedby=\"jw-TEQZ4VJANRCVZBAF4NRHD4STYI-custom_embed5-shortcuts-tooltip-explanation\">\n<div class=\"jw-wrapper jw-reset\">\n<div class=\"jw-preview jw-reset\"><\/div>\n<div class=\"jw-controls-backdrop jw-reset\"><\/div>\n<div class=\"jw-title jw-reset-text\" dir=\"auto\">\n<div class=\"jw-title-primary jw-reset-text\">Franco Mastantuono realiza la entrada en calor<\/div>\n<div class=\"jw-title-secondary jw-reset-text\">El juvenil del Real Madrid lleva a cabo el precalentamiento en un costado de la cancha<\/div>\n<\/div>\n<div class=\"jw-overlays jw-reset\">\n<div id=\"TEQZ4VJANRCVZBAF4NRHD4STYI-custom_embed5_jwpsrv\" class=\"jw-plugin jw-reset\"><\/div>\n<div id=\"TEQZ4VJANRCVZBAF4NRHD4STYI-custom_embed5_related\" class=\"jw-plugin jw-reset\"><\/div>\n<\/div>\n<div class=\"jw-hidden-accessibility\"><\/div>\n<div class=\"jw-controls jw-reset\">\n<div class=\"jw-nextup-container jw-reset\">\n<div class=\"jw-nextup jw-background-color jw-reset jw-nextup-thumbnail-visible\">\n<div class=\"jw-nextup-tooltip jw-reset\">\n<div class=\"jw-nextup-body jw-reset\">\n<div class=\"jw-nextup-title jw-reset-text\" dir=\"auto\"><\/div>\n<\/div>\n<\/div>\n<p><button class=\"jw-icon jw-nextup-close jw-reset\" type=\"button\" aria-label=\"Cerrar\"><\/button><\/div>\n<\/div>\n<\/div>\n<\/div>\n<div class=\"afs_ads ad-placement\"><\/div>\n<\/div>\n<\/div>\n<p>El juvenil del Real Madrid lleva a cabo el precalentamiento en un costado de la cancha<\/p><\/div>\n<p class=\"paragraph\">En sus primeros minutos, Mastantuono se posicion\u00f3 sobre el sector derecho, donde intent\u00f3 asociarse y generar peligro con su habitual zurda. Su primera acci\u00f3n destacada ocurri\u00f3 en un intercambio con\u00a0<b>Federico Valverde<\/b>, mostrando iniciativa al pedir el bal\u00f3n y buscar protagonismo en ataque. Tuvo participaci\u00f3n activa y busc\u00f3 constantemente la pelota, aunque enfrent\u00f3 la presi\u00f3n de la defensa rival al perder una posesi\u00f3n ante dos marcadores.<\/p>\n<div class=\"jwplayer-ctn\">\n<div>\n<div id=\"HOZHY3VRLRDINHOC5GI5XOTIVQ-custom_embed7\" class=\"jwplayer jw-reset jw-state-idle jw-stretch-uniform jw-flag-aspect-mode jw-floating-dismissible jw-keep-thumbnail jw-breakpoint-5 jw-flag-user-inactive\" tabindex=\"0\" role=\"application\" aria-label=\"Video Player - Franco Mastantuono ingres\u00f3 en el partido de Real Madrid vs. Osasuna\" aria-describedby=\"jw-HOZHY3VRLRDINHOC5GI5XOTIVQ-custom_embed7-shortcuts-tooltip-explanation\">\n<div class=\"jw-aspect jw-reset\"><\/div>\n<div class=\"jw-wrapper jw-reset\">\n<div>\n<div>\n<div><\/div>\n<\/div>\n<div class=\"jw-contract-trigger\"><\/div>\n<\/div>\n<div class=\"jw-top jw-reset\"><\/div>\n<div class=\"jw-aspect jw-reset\"><\/div>\n<div class=\"jw-media jw-reset\"><\/div>\n<div class=\"jw-preview jw-reset\"><\/div>\n<div class=\"jw-controls-backdrop jw-reset\"><\/div>\n<div class=\"jw-title jw-reset-text\" dir=\"auto\">\n<div class=\"jw-title-primary jw-reset-text\">Franco Mastantuono ingres\u00f3 en el partido de Real Madrid vs. Osasuna<\/div>\n<div class=\"jw-title-secondary jw-reset-text\">El ex hombre de River hace su debut con la Casa Blanca<\/div>\n<\/div>\n<div class=\"jw-overlays jw-reset\">\n<div id=\"HOZHY3VRLRDINHOC5GI5XOTIVQ-custom_embed7_jwpsrv\" class=\"jw-plugin jw-reset\"><\/div>\n<div id=\"HOZHY3VRLRDINHOC5GI5XOTIVQ-custom_embed7_related\" class=\"jw-plugin jw-reset\"><\/div>\n<\/div>\n<div class=\"jw-hidden-accessibility\"><span class=\"jw-time-update\" aria-live=\"assertive\">0 seconds of 1 minute, 0<\/span><span class=\"jw-volume-update\" aria-live=\"assertive\">Volume 90%<\/span><\/div>\n<div class=\"jw-controls jw-reset\">\n<div class=\"jw-display jw-reset\">\n<div class=\"jw-display-container jw-reset\">\n<div class=\"jw-display-controls jw-reset\">\n<div class=\"jw-display-icon-container jw-display-icon-display jw-reset\">\n<div class=\"jw-icon jw-icon-display jw-button-color jw-reset\" tabindex=\"0\" role=\"button\" aria-label=\"Reproducir\">\n<div class=\"jw-reset-text jw-tooltip jw-tooltip-display\" dir=\"auto\">\n<div class=\"jw-text\"><\/div>\n<\/div>\n<\/div>\n<\/div>\n<\/div>\n<\/div>\n<\/div>\n<div class=\"jw-nextup-container jw-reset\">\n<div class=\"jw-nextup jw-background-color jw-reset jw-nextup-thumbnail-visible\">\n<div class=\"jw-nextup-tooltip jw-reset\">\n<div class=\"jw-nextup-thumbnail jw-reset\"><\/div>\n<div class=\"jw-nextup-body jw-reset\">\n<div class=\"jw-nextup-header jw-reset\"><\/div>\n<div class=\"jw-nextup-title jw-reset-text\" dir=\"auto\"><\/div>\n<div class=\"jw-nextup-duration jw-reset\"><\/div>\n<\/div>\n<\/div>\n<p><button class=\"jw-icon jw-nextup-close jw-reset\" type=\"button\" aria-label=\"Cerrar\"><\/button><\/div>\n<\/div>\n<\/div>\n<\/div>\n<div class=\"afs_ads ad-placement\"><\/div>\n<\/div>\n<\/div>\n<p>El ex hombre de River hace su debut con la Casa Blanca<\/p><\/div>\n<p class=\"paragraph\">A los 72 minutos,\u00a0<b>Vinicius Junior<\/b>\u00a0desbord\u00f3 por izquierda y envi\u00f3 un centro que Mastantuono busc\u00f3 conectar de cabeza, pero fue anticipado por la defensa de\u00a0<b>Osasuna<\/b>. Un minuto despu\u00e9s, ejecut\u00f3 un tiro de esquina con gran precisi\u00f3n hacia\u00a0<b>Aur\u00e9lien Tchouam\u00e9ni<\/b>, generando una ocasi\u00f3n clara que se perdi\u00f3 apenas afuera del arco. Durante la fase final del partido, el exjugador de\u00a0<b>River Plate<\/b>\u00a0solicit\u00f3 la pelota insistentemente y mantuvo di\u00e1logo con figuras como\u00a0<b>Kylian Mbapp\u00e9<\/b>\u00a0para ajustar aspectos t\u00e1cticos.<\/p>\n<div class=\"jwplayer-ctn\">\n<div>\n<div id=\"NRNRJV7JQBFTJIL3ZS5VIVIMIU-custom_embed9\" class=\"jwplayer jw-reset jw-state-idle jw-stretch-uniform jw-flag-aspect-mode jw-floating-dismissible jw-keep-thumbnail jw-breakpoint-5 jw-flag-user-inactive\" tabindex=\"0\" role=\"application\" aria-label=\"Video Player - El centro de Mastantuono que casi termina en gol de Real Madrid\" aria-describedby=\"jw-NRNRJV7JQBFTJIL3ZS5VIVIMIU-custom_embed9-shortcuts-tooltip-explanation\">\n<div class=\"jw-aspect jw-reset\"><\/div>\n<div class=\"jw-wrapper jw-reset\">\n<div>\n<div>\n<div><\/div>\n<\/div>\n<div class=\"jw-contract-trigger\"><\/div>\n<\/div>\n<div class=\"jw-top jw-reset\"><\/div>\n<div class=\"jw-aspect jw-reset\"><\/div>\n<div class=\"jw-media jw-reset\"><\/div>\n<div class=\"jw-preview jw-reset\"><\/div>\n<div class=\"jw-controls-backdrop jw-reset\"><\/div>\n<div class=\"jw-title jw-reset-text\" dir=\"auto\">\n<div class=\"jw-title-primary jw-reset-text\">El centro de Mastantuono que casi termina en gol de Real Madrid<\/div>\n<div class=\"jw-title-secondary jw-reset-text\">Tchouam\u00e9ni resolvi\u00f3 el avance con un cabezazo desviado<\/div>\n<\/div>\n<div class=\"jw-overlays jw-reset\">\n<div id=\"NRNRJV7JQBFTJIL3ZS5VIVIMIU-custom_embed9_jwpsrv\" class=\"jw-plugin jw-reset\"><\/div>\n<div id=\"NRNRJV7JQBFTJIL3ZS5VIVIMIU-custom_embed9_related\" class=\"jw-plugin jw-reset\"><\/div>\n<\/div>\n<div class=\"jw-hidden-accessibility\"><span class=\"jw-time-update\" aria-live=\"assertive\">0 seconds of 13 seconds<\/span><span class=\"jw-volume-update\" aria-live=\"assertive\">Volume 90%<\/span><\/div>\n<div class=\"jw-controls jw-reset\">\n<div class=\"jw-display jw-reset\">\n<div class=\"jw-display-container jw-reset\">\n<div class=\"jw-display-controls jw-reset\">\n<div class=\"jw-display-icon-container jw-display-icon-display jw-reset\">\n<div class=\"jw-icon jw-icon-display jw-button-color jw-reset\" tabindex=\"0\" role=\"button\" aria-label=\"Reproducir\">\n<div class=\"jw-reset-text jw-tooltip jw-tooltip-display\" dir=\"auto\">\n<div class=\"jw-text\"><\/div>\n<\/div>\n<\/div>\n<\/div>\n<\/div>\n<\/div>\n<\/div>\n<div class=\"jw-nextup-container jw-reset\">\n<div class=\"jw-nextup jw-background-color jw-reset jw-nextup-thumbnail-visible\">\n<div class=\"jw-nextup-tooltip jw-reset\">\n<div class=\"jw-nextup-thumbnail jw-reset\"><\/div>\n<div class=\"jw-nextup-body jw-reset\">\n<div class=\"jw-nextup-header jw-reset\"><\/div>\n<div class=\"jw-nextup-title jw-reset-text\" dir=\"auto\"><\/div>\n<div class=\"jw-nextup-duration jw-reset\"><\/div>\n<\/div>\n<\/div>\n<p><button class=\"jw-icon jw-nextup-close jw-reset\" type=\"button\" aria-label=\"Cerrar\"><\/button><\/div>\n<\/div>\n<\/div>\n<\/div>\n<div class=\"afs_ads ad-placement\"><\/div>\n<\/div>\n<\/div>\n<p>Tchouam\u00e9ni resolvi\u00f3 el avance con un cabezazo desviado<\/p><\/div>\n<p class=\"paragraph\">En los \u00faltimos minutos, Mastantuono dispuso de una de las oportunidades m\u00e1s claras del encuentro. Tras un desborde y centro de\u00a0<b>Gonzalo Garc\u00eda<\/b>, el argentino remat\u00f3 de zurda aprovechando un rebote defensivo, pero el arquero\u00a0<b>Sergio Herrera<\/b>\u00a0desvi\u00f3 el bal\u00f3n sobre la l\u00ednea.<\/p>\n<div class=\"jwplayer-ctn\">\n<div>\n<div id=\"2RKYJVUS6VDTXNQMFSHJMW3AGE-custom_embed11\" class=\"jwplayer jw-reset jw-state-idle jw-stretch-uniform jw-flag-aspect-mode jw-floating-dismissible jw-keep-thumbnail jw-flag-user-inactive jw-breakpoint-5\" tabindex=\"0\" role=\"application\" aria-label=\"Video Player - El remate de Franco Mastantuono\" aria-describedby=\"jw-2RKYJVUS6VDTXNQMFSHJMW3AGE-custom_embed11-shortcuts-tooltip-explanation\">\n<div class=\"jw-aspect jw-reset\"><\/div>\n<div class=\"jw-wrapper jw-reset\">\n<div>\n<div>\n<div><\/div>\n<\/div>\n<div class=\"jw-contract-trigger\"><\/div>\n<\/div>\n<div class=\"jw-top jw-reset\"><\/div>\n<div class=\"jw-aspect jw-reset\"><\/div>\n<div class=\"jw-media jw-reset\"><\/div>\n<div class=\"jw-preview jw-reset\"><\/div>\n<div class=\"jw-controls-backdrop jw-reset\"><\/div>\n<div class=\"jw-title jw-reset-text\" dir=\"auto\">\n<div class=\"jw-title-primary jw-reset-text\">El remate de Franco Mastantuono<\/div>\n<div class=\"jw-title-secondary jw-reset-text\">El hombre del Real Madrid oblig\u00f3 a una tapada de Sergio Herrera<\/div>\n<\/div>\n<div class=\"jw-overlays jw-reset\">\n<div id=\"2RKYJVUS6VDTXNQMFSHJMW3AGE-custom_embed11_jwpsrv\" class=\"jw-plugin jw-reset\"><\/div>\n<div id=\"2RKYJVUS6VDTXNQMFSHJMW3AGE-custom_embed11_related\" class=\"jw-plugin jw-reset\"><\/div>\n<\/div>\n<div class=\"jw-hidden-accessibility\"><span class=\"jw-time-update\" aria-live=\"assertive\">0 seconds of 12 seconds<\/span><span class=\"jw-volume-update\" aria-live=\"assertive\">Volume 90%<\/span><\/div>\n<div class=\"jw-controls jw-reset\">\n<div class=\"jw-display jw-reset\">\n<div class=\"jw-display-container jw-reset\">\n<div class=\"jw-display-controls jw-reset\">\n<div class=\"jw-display-icon-container jw-display-icon-display jw-reset\">\n<div class=\"jw-icon jw-icon-display jw-button-color jw-reset\" tabindex=\"0\" role=\"button\" aria-label=\"Reproducir\">\n<div class=\"jw-reset-text jw-tooltip jw-tooltip-display\" dir=\"auto\">\n<div class=\"jw-text\"><\/div>\n<\/div>\n<\/div>\n<\/div>\n<\/div>\n<\/div>\n<\/div>\n<div class=\"jw-nextup-container jw-reset\">\n<div class=\"jw-nextup jw-background-color jw-reset jw-nextup-thumbnail-visible\">\n<div class=\"jw-nextup-tooltip jw-reset\">\n<div class=\"jw-nextup-thumbnail jw-reset\"><\/div>\n<div class=\"jw-nextup-body jw-reset\">\n<div class=\"jw-nextup-header jw-reset\"><\/div>\n<div class=\"jw-nextup-title jw-reset-text\" dir=\"auto\"><\/div>\n<div class=\"jw-nextup-duration jw-reset\"><\/div>\n<\/div>\n<\/div>\n<p><button class=\"jw-icon jw-nextup-close jw-reset\" type=\"button\" aria-label=\"Cerrar\"><\/button><\/div>\n<\/div>\n<\/div>\n<\/div>\n<div class=\"afs_ads ad-placement\"><\/div>\n<\/div>\n<\/div>\n<p>El hombre del Real Madrid oblig\u00f3 a una tapada de Sergio Herrera<\/p><\/div>\n<p class=\"paragraph\">El cierre de su actuaci\u00f3n dej\u00f3 varias recuperaciones defensivas y la participaci\u00f3n en una contra que no pudo finalizar en gol. Al concluir el encuentro, Mastantuono recibi\u00f3 el saludo de sus compa\u00f1eros y el reconocimiento expl\u00edcito del entrenador\u00a0<b>Xabi Alonso<\/b>, quien le otorg\u00f3 una muestra de confianza clave en su primer partido en la m\u00e1xima categor\u00eda del f\u00fatbol espa\u00f1ol.<\/p>\n<p class=\"paragraph\">El desarrollo y desempe\u00f1o de\u00a0<b>Franco Mastantuono<\/b>\u00a0posicion\u00f3 al juvenil argentino dentro de las principales figuras emergentes del inicio de temporada, con la mirada puesta en nuevas oportunidades dentro del plantel del\u00a0<b>Real Madrid<\/b>. Luego de esta presentaci\u00f3n, no se descarta que en la pr\u00f3xima jornada el ex delantero del Millonario pueda salir de entrada.<\/p>\n<div class=\"rawHTML raw_html \">\n<div class=\"container-video\"><iframe class=\"responsive-iframe-video\" title=\"video-espn\" src=\"https:\/\/www.espn.com.ar\/core\/video\/iframe?id=15565858&amp;endcard=false&amp;omniReportSuite=wdgespge\" allowfullscreen=\"allowfullscreen\" data-mce-fragment=\"1\"><\/iframe><\/div>\n<\/div>\n<p class=\"paragraph\">El conjunto de\u00a0<b>Xabi Alonso<\/b>\u00a0afrontar\u00e1 la segunda fecha del torneo dom\u00e9stico este domingo desde las 16:30 (hora argentina) ante\u00a0<b>Real Oviedo<\/b>\u00a0como visitante. Por otro lado,\u00a0<b>Osasuna\u00a0<\/b>buscar\u00e1 la recuperaci\u00f3n el mismo d\u00eda a partir de las 12 contra\u00a0<b>Valencia\u00a0<\/b>en condici\u00f3n de local.<\/p>\n<div class=\"second-saved-buttons\">\n<div class=\"body-share-note\">\n<div class=\"share-note-txt\">Compartir nota:<\/div>\n<div class=\"sharebar-container display_flex\">\n<div class=\"share-bar-article-date-container \"><\/div>\n<div class=\"sharebar-buttons-container display_flex\"><\/div>\n<\/div>\n<\/div>\n<\/div>\n<div class=\"article-tags-container\">\n<div class=\"display_flex align_items_center article-tags-headline\">\n<div class=\"display-inline-block related-themes-icon\"><\/div>\n<\/div>\n<\/div>\n<\/div>\n<\/article>\n","protected":false},"excerpt":{"rendered":"<p>19 Ago 2025 El hist\u00f3rico debut de Franco Mastantuono en el Real Madrid: ovaci\u00f3n del Bernab\u00e9u, quites y la pared que le tap\u00f3 el arquero. El ex futbolista de River Plate tuvo su d\u00eda so\u00f1ado en el Merengue, que venci\u00f3 al Osasuna en el inicio de La Liga espa\u00f1ola El Real Madrid venci\u00f3 este martes &hellip;<\/p>\n","protected":false},"author":2,"featured_media":24008,"comment_status":"open","ping_status":"open","sticky":false,"template":"","format":"standard","meta":{"footnotes":""},"categories":[6],"tags":[],"class_list":["post-24007","post","type-post","status-publish","format-standard","has-post-thumbnail","hentry","category-internacionales"],"_links":{"self":[{"href":"https:\/\/www.sportchaco.com.ar\/index.php?rest_route=\/wp\/v2\/posts\/24007","targetHints":{"allow":["GET"]}}],"collection":[{"href":"https:\/\/www.sportchaco.com.ar\/index.php?rest_route=\/wp\/v2\/posts"}],"about":[{"href":"https:\/\/www.sportchaco.com.ar\/index.php?rest_route=\/wp\/v2\/types\/post"}],"author":[{"embeddable":true,"href":"https:\/\/www.sportchaco.com.ar\/index.php?rest_route=\/wp\/v2\/users\/2"}],"replies":[{"embeddable":true,"href":"https:\/\/www.sportchaco.com.ar\/index.php?rest_route=%2Fwp%2Fv2%2Fcomments&post=24007"}],"version-history":[{"count":1,"href":"https:\/\/www.sportchaco.com.ar\/index.php?rest_route=\/wp\/v2\/posts\/24007\/revisions"}],"predecessor-version":[{"id":24009,"href":"https:\/\/www.sportchaco.com.ar\/index.php?rest_route=\/wp\/v2\/posts\/24007\/revisions\/24009"}],"wp:featuredmedia":[{"embeddable":true,"href":"https:\/\/www.sportchaco.com.ar\/index.php?rest_route=\/wp\/v2\/media\/24008"}],"wp:attachment":[{"href":"https:\/\/www.sportchaco.com.ar\/index.php?rest_route=%2Fwp%2Fv2%2Fmedia&parent=24007"}],"wp:term":[{"taxonomy":"category","embeddable":true,"href":"https:\/\/www.sportchaco.com.ar\/index.php?rest_route=%2Fwp%2Fv2%2Fcategories&post=24007"},{"taxonomy":"post_tag","embeddable":true,"href":"https:\/\/www.sportchaco.com.ar\/index.php?rest_route=%2Fwp%2Fv2%2Ftags&post=24007"}],"curies":[{"name":"wp","href":"https:\/\/api.w.org\/{rel}","templated":true}]}}