{"id":24010,"date":"2025-08-19T19:33:49","date_gmt":"2025-08-19T22:33:49","guid":{"rendered":"https:\/\/www.sportchaco.com.ar\/?p=24010"},"modified":"2025-08-19T19:59:31","modified_gmt":"2025-08-19T22:59:31","slug":"audio-picante-entre-un-periodista-y-dirigentes-de-for-ever-en-otro-silgo","status":"publish","type":"post","link":"https:\/\/www.sportchaco.com.ar\/?p=24010","title":{"rendered":"Audio picante entre un periodista y dirigentes de For Ever en otro siglo"},"content":{"rendered":"<p>Hoy es historia, pero queremos recordar un picante di\u00e1logo en el programa <strong>Impactos Deportivos<\/strong> en la vieja Radio Chaco de la calle C\u00f3rdoba, entre <strong>Luis Dar\u00edo Molodezky<\/strong>, el presidente de For Ever <strong>Juan Alberto Garc\u00eda, los irigentes Sucatzky y Maffei<\/strong>. Fue en 1988, otra \u00e9poca, otro siglo.<\/p>\n<p><img loading=\"lazy\" decoding=\"async\" class=\"aligncenter wp-image-24016 size-full\" src=\"https:\/\/www.sportchaco.com.ar\/wp-content\/uploads\/2025\/08\/Inaug-FE-1986.jpg\" alt=\"\" width=\"600\" height=\"375\" srcset=\"https:\/\/www.sportchaco.com.ar\/wp-content\/uploads\/2025\/08\/Inaug-FE-1986.jpg 600w, https:\/\/www.sportchaco.com.ar\/wp-content\/uploads\/2025\/08\/Inaug-FE-1986-300x188.jpg 300w\" sizes=\"auto, (max-width: 600px) 100vw, 600px\" \/><\/p>\n<div style=\"width: 640px;\" class=\"wp-video\"><video class=\"wp-video-shortcode\" id=\"video-24010-1\" width=\"640\" height=\"360\" preload=\"metadata\" controls=\"controls\"><source type=\"video\/mp4\" src=\"https:\/\/www.sportchaco.com.ar\/wp-content\/uploads\/2025\/08\/Audios-Radio-Chaco-1988-Controversia-JAG.mp4?_=1\" \/><a href=\"https:\/\/www.sportchaco.com.ar\/wp-content\/uploads\/2025\/08\/Audios-Radio-Chaco-1988-Controversia-JAG.mp4\">https:\/\/www.sportchaco.com.ar\/wp-content\/uploads\/2025\/08\/Audios-Radio-Chaco-1988-Controversia-JAG.mp4<\/a><\/video><\/div>\n<p><img loading=\"lazy\" decoding=\"async\" class=\"aligncenter wp-image-24014\" src=\"https:\/\/www.sportchaco.com.ar\/wp-content\/uploads\/2025\/08\/Maffei-FE-y-cantante-300x225.jpg\" alt=\"\" width=\"232\" height=\"174\" srcset=\"https:\/\/www.sportchaco.com.ar\/wp-content\/uploads\/2025\/08\/Maffei-FE-y-cantante-300x225.jpg 300w, https:\/\/www.sportchaco.com.ar\/wp-content\/uploads\/2025\/08\/Maffei-FE-y-cantante-1024x768.jpg 1024w, https:\/\/www.sportchaco.com.ar\/wp-content\/uploads\/2025\/08\/Maffei-FE-y-cantante-768x576.jpg 768w, https:\/\/www.sportchaco.com.ar\/wp-content\/uploads\/2025\/08\/Maffei-FE-y-cantante-1536x1152.jpg 1536w, https:\/\/www.sportchaco.com.ar\/wp-content\/uploads\/2025\/08\/Maffei-FE-y-cantante-2048x1536.jpg 2048w\" sizes=\"auto, (max-width: 232px) 100vw, 232px\" \/><\/p>\n<figure id=\"attachment_24015\" aria-describedby=\"caption-attachment-24015\" style=\"width: 828px\" class=\"wp-caption aligncenter\"><img loading=\"lazy\" decoding=\"async\" class=\"wp-image-24015 size-large\" src=\"https:\/\/www.sportchaco.com.ar\/wp-content\/uploads\/2025\/08\/Luis-dario-828x1024.jpg\" alt=\"\" width=\"828\" height=\"1024\" srcset=\"https:\/\/www.sportchaco.com.ar\/wp-content\/uploads\/2025\/08\/Luis-dario-828x1024.jpg 828w, https:\/\/www.sportchaco.com.ar\/wp-content\/uploads\/2025\/08\/Luis-dario-243x300.jpg 243w, https:\/\/www.sportchaco.com.ar\/wp-content\/uploads\/2025\/08\/Luis-dario-768x949.jpg 768w, https:\/\/www.sportchaco.com.ar\/wp-content\/uploads\/2025\/08\/Luis-dario.jpg 948w\" sizes=\"auto, (max-width: 828px) 100vw, 828px\" \/><figcaption id=\"caption-attachment-24015\" class=\"wp-caption-text\">LUIS MOLODESKI JEFE DE DEPORTE DIARIO NORTE. ARCHIVO 30\/3\/2001.<\/figcaption><\/figure>\n","protected":false},"excerpt":{"rendered":"<p>Hoy es historia, pero queremos recordar un picante di\u00e1logo en el programa Impactos Deportivos en la vieja Radio Chaco de la calle C\u00f3rdoba, entre Luis Dar\u00edo Molodezky, el presidente de For Ever Juan Alberto Garc\u00eda, los irigentes Sucatzky y Maffei. Fue en 1988, otra \u00e9poca, otro siglo.<\/p>\n","protected":false},"author":2,"featured_media":24013,"comment_status":"open","ping_status":"open","sticky":false,"template":"","format":"standard","meta":{"footnotes":""},"categories":[71],"tags":[],"class_list":["post-24010","post","type-post","status-publish","format-standard","has-post-thumbnail","hentry","category-puro-futbol"],"_links":{"self":[{"href":"https:\/\/www.sportchaco.com.ar\/index.php?rest_route=\/wp\/v2\/posts\/24010","targetHints":{"allow":["GET"]}}],"collection":[{"href":"https:\/\/www.sportchaco.com.ar\/index.php?rest_route=\/wp\/v2\/posts"}],"about":[{"href":"https:\/\/www.sportchaco.com.ar\/index.php?rest_route=\/wp\/v2\/types\/post"}],"author":[{"embeddable":true,"href":"https:\/\/www.sportchaco.com.ar\/index.php?rest_route=\/wp\/v2\/users\/2"}],"replies":[{"embeddable":true,"href":"https:\/\/www.sportchaco.com.ar\/index.php?rest_route=%2Fwp%2Fv2%2Fcomments&post=24010"}],"version-history":[{"count":2,"href":"https:\/\/www.sportchaco.com.ar\/index.php?rest_route=\/wp\/v2\/posts\/24010\/revisions"}],"predecessor-version":[{"id":24024,"href":"https:\/\/www.sportchaco.com.ar\/index.php?rest_route=\/wp\/v2\/posts\/24010\/revisions\/24024"}],"wp:featuredmedia":[{"embeddable":true,"href":"https:\/\/www.sportchaco.com.ar\/index.php?rest_route=\/wp\/v2\/media\/24013"}],"wp:attachment":[{"href":"https:\/\/www.sportchaco.com.ar\/index.php?rest_route=%2Fwp%2Fv2%2Fmedia&parent=24010"}],"wp:term":[{"taxonomy":"category","embeddable":true,"href":"https:\/\/www.sportchaco.com.ar\/index.php?rest_route=%2Fwp%2Fv2%2Fcategories&post=24010"},{"taxonomy":"post_tag","embeddable":true,"href":"https:\/\/www.sportchaco.com.ar\/index.php?rest_route=%2Fwp%2Fv2%2Ftags&post=24010"}],"curies":[{"name":"wp","href":"https:\/\/api.w.org\/{rel}","templated":true}]}}