{"id":24029,"date":"2025-08-19T22:30:53","date_gmt":"2025-08-20T01:30:53","guid":{"rendered":"https:\/\/www.sportchaco.com.ar\/?p=24029"},"modified":"2025-08-19T23:58:53","modified_gmt":"2025-08-20T02:58:53","slug":"velez-vencio-a-fortaleza-y-avanzo-a-los-cuartos-de-la-copa-libertadores","status":"publish","type":"post","link":"https:\/\/www.sportchaco.com.ar\/?p=24029","title":{"rendered":"V\u00e9lez venci\u00f3 a Fortaleza y avanz\u00f3 a los cuartos de la Copa Libertadores"},"content":{"rendered":"<h5><\/h5>\n<h6>\u00a019 agosto 2025<\/h6>\n<h5 class=\"base-heading article-body__headline\">V\u00e9lez se hizo fuerte en el Amalfitani, venci\u00f3 a Fortaleza y avanz\u00f3 a los cuartos de la Copa Libertadores Se impuso 2 a 0 con goles de Maher Carrizo y Galv\u00e1n, luego de haber empatado 0 a 0 en Brasil. El equipo de Guillermo Barros Schelotto espera por el ganador de Pe\u00f1arol y Racing.<\/h5>\n<div class=\"article-body__byline\">\n<div class=\"article-body__byline__date\"><\/div>\n<\/div>\n<figure class=\"base-media-item article-body__main-image\"><figcaption class=\"base-media-item__fig-caption\"><\/figcaption><\/figure>\n<div class=\"article-body__raw-html\"><\/div>\n<p class=\"article-body__paragraph\"><span style=\"color: #000000;\"><a style=\"color: #000000;\" title=\"https:\/\/www.canal26.com\/tag\/velez-sarsfield\/\" href=\"https:\/\/www.canal26.com\/tag\/velez-sarsfield\/\" target=\"_blank\" rel=\"noopener\">V\u00e9lez<\/a>\u00a0se clasific\u00f3 a los\u00a0cuartos de final\u00a0de la\u00a0Copa Libertadores\u00a0despu\u00e9s de ganarle por\u00a02 a 0\u00a0a\u00a0Fortaleza\u00a0en Liniers, luego del<a style=\"color: #000000;\" title=\"https:\/\/www.canal26.com\/deportes\/2025\/08\/13\/velez-rescato-un-buen-empate-ante-fortaleza-en-brasil-en-la-ida-de-octavos-de-final-de-la-copa-libertadores\/\" href=\"https:\/\/www.canal26.com\/deportes\/2025\/08\/13\/velez-rescato-un-buen-empate-ante-fortaleza-en-brasil-en-la-ida-de-octavos-de-final-de-la-copa-libertadores\/\" target=\"_blank\" rel=\"noopener\">\u00a0empate 0 a 0 en Brasil.<\/a><\/span><\/p>\n<p class=\"article-body__paragraph\"><span style=\"color: #000000;\">Con los goles de\u00a0Maher Carrizo\u00a0a los 7 minutos y\u00a0Tom\u00e1s Galv\u00e1n\u00a0a los 28, el Fort\u00edn pas\u00f3 a los cuartos de final y se medir\u00e1 ante\u00a0el ganador del duelo entre Racing y Pe\u00f1arol.<\/span><\/p>\n<figure class=\"base-media-item article-body__image\"><picture class=\"global-picture\"><img decoding=\"async\" class=\"global-image twoxl-3-2 xl-3-2 lg-3-2 md-3-2 sm-3-2 xsm-3-2\" src=\"https:\/\/www.canal26.com\/resizer\/v2\/ZH7DT2YUBZBONCPKY6T3QL5BGM.jpg?auth=2186699ec21d150f049f7efc9438eda64059c860eb4813dd05af006f01419f7d&amp;smart=true&amp;width=950&amp;height=633&amp;quality=70\" sizes=\"(min-width: 900px) 950px, (min-width: 700px) 800px, (min-width: 600px) 780px, (min-width: 450px) 600px, (min-width: 320px) 450px, (min-width: 150px) 320px, 150px\" srcset=\"https:\/\/www.canal26.com\/resizer\/v2\/ZH7DT2YUBZBONCPKY6T3QL5BGM.jpg?auth=2186699ec21d150f049f7efc9438eda64059c860eb4813dd05af006f01419f7d&amp;smart=true&amp;width=150&amp;height=100&amp;quality=70 150w, https:\/\/www.canal26.com\/resizer\/v2\/ZH7DT2YUBZBONCPKY6T3QL5BGM.jpg?auth=2186699ec21d150f049f7efc9438eda64059c860eb4813dd05af006f01419f7d&amp;smart=true&amp;width=320&amp;height=213&amp;quality=70 320w, https:\/\/www.canal26.com\/resizer\/v2\/ZH7DT2YUBZBONCPKY6T3QL5BGM.jpg?auth=2186699ec21d150f049f7efc9438eda64059c860eb4813dd05af006f01419f7d&amp;smart=true&amp;width=450&amp;height=300&amp;quality=70 450w, https:\/\/www.canal26.com\/resizer\/v2\/ZH7DT2YUBZBONCPKY6T3QL5BGM.jpg?auth=2186699ec21d150f049f7efc9438eda64059c860eb4813dd05af006f01419f7d&amp;smart=true&amp;width=600&amp;height=400&amp;quality=70 600w, https:\/\/www.canal26.com\/resizer\/v2\/ZH7DT2YUBZBONCPKY6T3QL5BGM.jpg?auth=2186699ec21d150f049f7efc9438eda64059c860eb4813dd05af006f01419f7d&amp;smart=true&amp;width=780&amp;height=520&amp;quality=70 780w, https:\/\/www.canal26.com\/resizer\/v2\/ZH7DT2YUBZBONCPKY6T3QL5BGM.jpg?auth=2186699ec21d150f049f7efc9438eda64059c860eb4813dd05af006f01419f7d&amp;smart=true&amp;width=800&amp;height=533&amp;quality=70 800w, https:\/\/www.canal26.com\/resizer\/v2\/ZH7DT2YUBZBONCPKY6T3QL5BGM.jpg?auth=2186699ec21d150f049f7efc9438eda64059c860eb4813dd05af006f01419f7d&amp;smart=true&amp;width=950&amp;height=633&amp;quality=70 950w\" alt=\"Copa Libertadores, V\u00e9lez vs. Fortaleza\" \/><\/picture><figcaption class=\"base-media-item__fig-caption\"><span class=\"base-media-item__caption\">Copa Libertadores, V\u00e9lez vs. Fortaleza<\/span><\/figcaption><\/figure>\n<h2 class=\"article-body__heading-h2\"><b>Los goles, en detalles<\/b><\/h2>\n<p class=\"article-body__paragraph\">A los siete minutos,\u00a0<b>Maher Carrizo conect\u00f3 de cabeza un gran centro desde la izquierda de El\u00edas G\u00f3mez<\/b>\u00a0para abrir el marcador, aprovechando una floja respuesta defensiva del rival.<\/p>\n<figure class=\"base-media-item article-body__image\"><picture class=\"global-picture\"><img decoding=\"async\" class=\"global-image twoxl-3-2 xl-3-2 lg-3-2 md-3-2 sm-3-2 xsm-3-2\" src=\"https:\/\/www.canal26.com\/resizer\/v2\/SZQLO4N7DJGWJFQVCULZMM4MHY.jpg?auth=f8c5e5c5acb9561224c4549bbc2dca4ad6cb0d0e18de48a0022959049268d928&amp;smart=true&amp;width=950&amp;height=633&amp;quality=70\" sizes=\"(min-width: 900px) 950px, (min-width: 700px) 800px, (min-width: 600px) 780px, (min-width: 450px) 600px, (min-width: 320px) 450px, (min-width: 150px) 320px, 150px\" srcset=\"https:\/\/www.canal26.com\/resizer\/v2\/SZQLO4N7DJGWJFQVCULZMM4MHY.jpg?auth=f8c5e5c5acb9561224c4549bbc2dca4ad6cb0d0e18de48a0022959049268d928&amp;smart=true&amp;width=150&amp;height=100&amp;quality=70 150w, https:\/\/www.canal26.com\/resizer\/v2\/SZQLO4N7DJGWJFQVCULZMM4MHY.jpg?auth=f8c5e5c5acb9561224c4549bbc2dca4ad6cb0d0e18de48a0022959049268d928&amp;smart=true&amp;width=320&amp;height=213&amp;quality=70 320w, https:\/\/www.canal26.com\/resizer\/v2\/SZQLO4N7DJGWJFQVCULZMM4MHY.jpg?auth=f8c5e5c5acb9561224c4549bbc2dca4ad6cb0d0e18de48a0022959049268d928&amp;smart=true&amp;width=450&amp;height=300&amp;quality=70 450w, https:\/\/www.canal26.com\/resizer\/v2\/SZQLO4N7DJGWJFQVCULZMM4MHY.jpg?auth=f8c5e5c5acb9561224c4549bbc2dca4ad6cb0d0e18de48a0022959049268d928&amp;smart=true&amp;width=600&amp;height=400&amp;quality=70 600w, https:\/\/www.canal26.com\/resizer\/v2\/SZQLO4N7DJGWJFQVCULZMM4MHY.jpg?auth=f8c5e5c5acb9561224c4549bbc2dca4ad6cb0d0e18de48a0022959049268d928&amp;smart=true&amp;width=780&amp;height=520&amp;quality=70 780w, https:\/\/www.canal26.com\/resizer\/v2\/SZQLO4N7DJGWJFQVCULZMM4MHY.jpg?auth=f8c5e5c5acb9561224c4549bbc2dca4ad6cb0d0e18de48a0022959049268d928&amp;smart=true&amp;width=800&amp;height=533&amp;quality=70 800w, https:\/\/www.canal26.com\/resizer\/v2\/SZQLO4N7DJGWJFQVCULZMM4MHY.jpg?auth=f8c5e5c5acb9561224c4549bbc2dca4ad6cb0d0e18de48a0022959049268d928&amp;smart=true&amp;width=950&amp;height=633&amp;quality=70 950w\" alt=\"Copa Libertadores, V\u00e9lez vs. Fortaleza\" \/><\/picture><figcaption class=\"base-media-item__fig-caption\"><span class=\"base-media-item__caption\">Copa Libertadores, V\u00e9lez vs. Fortaleza<\/span><\/figcaption><\/figure>\n<p class=\"article-body__paragraph\">Y a los 28 minutos,\u00a0<b>Tom\u00e1s Galv\u00e1n ampli\u00f3 la ventaja tras una mala salida de Deyverson<\/b>; la pelota fue interceptada por Jano Gord\u00f3n por la derecha, quien asisti\u00f3 al mediocampista que defini\u00f3 con sutileza para el 2-0.<\/p>\n","protected":false},"excerpt":{"rendered":"<p>\u00a019 agosto 2025 V\u00e9lez se hizo fuerte en el Amalfitani, venci\u00f3 a Fortaleza y avanz\u00f3 a los cuartos de la Copa Libertadores Se impuso 2 a 0 con goles de Maher Carrizo y Galv\u00e1n, luego de haber empatado 0 a 0 en Brasil. El equipo de Guillermo Barros Schelotto espera por el ganador de Pe\u00f1arol &hellip;<\/p>\n","protected":false},"author":2,"featured_media":24031,"comment_status":"open","ping_status":"open","sticky":false,"template":"","format":"standard","meta":{"footnotes":""},"categories":[6],"tags":[],"class_list":["post-24029","post","type-post","status-publish","format-standard","has-post-thumbnail","hentry","category-internacionales"],"_links":{"self":[{"href":"https:\/\/www.sportchaco.com.ar\/index.php?rest_route=\/wp\/v2\/posts\/24029","targetHints":{"allow":["GET"]}}],"collection":[{"href":"https:\/\/www.sportchaco.com.ar\/index.php?rest_route=\/wp\/v2\/posts"}],"about":[{"href":"https:\/\/www.sportchaco.com.ar\/index.php?rest_route=\/wp\/v2\/types\/post"}],"author":[{"embeddable":true,"href":"https:\/\/www.sportchaco.com.ar\/index.php?rest_route=\/wp\/v2\/users\/2"}],"replies":[{"embeddable":true,"href":"https:\/\/www.sportchaco.com.ar\/index.php?rest_route=%2Fwp%2Fv2%2Fcomments&post=24029"}],"version-history":[{"count":3,"href":"https:\/\/www.sportchaco.com.ar\/index.php?rest_route=\/wp\/v2\/posts\/24029\/revisions"}],"predecessor-version":[{"id":24038,"href":"https:\/\/www.sportchaco.com.ar\/index.php?rest_route=\/wp\/v2\/posts\/24029\/revisions\/24038"}],"wp:featuredmedia":[{"embeddable":true,"href":"https:\/\/www.sportchaco.com.ar\/index.php?rest_route=\/wp\/v2\/media\/24031"}],"wp:attachment":[{"href":"https:\/\/www.sportchaco.com.ar\/index.php?rest_route=%2Fwp%2Fv2%2Fmedia&parent=24029"}],"wp:term":[{"taxonomy":"category","embeddable":true,"href":"https:\/\/www.sportchaco.com.ar\/index.php?rest_route=%2Fwp%2Fv2%2Fcategories&post=24029"},{"taxonomy":"post_tag","embeddable":true,"href":"https:\/\/www.sportchaco.com.ar\/index.php?rest_route=%2Fwp%2Fv2%2Ftags&post=24029"}],"curies":[{"name":"wp","href":"https:\/\/api.w.org\/{rel}","templated":true}]}}