{"id":24045,"date":"2025-08-20T11:14:47","date_gmt":"2025-08-20T14:14:47","guid":{"rendered":"https:\/\/www.sportchaco.com.ar\/?p=24045"},"modified":"2025-08-20T11:14:47","modified_gmt":"2025-08-20T14:14:47","slug":"chaco-la-final-provincial-de-adultos-mayores","status":"publish","type":"post","link":"https:\/\/www.sportchaco.com.ar\/?p=24045","title":{"rendered":"Chaco, la final provincial de adultos mayores"},"content":{"rendered":"<div class=\"xdj266r x14z9mp xat24cr x1lziwak x1vvkbs x126k92a\">\n<div dir=\"auto\"><\/div>\n<div dir=\"auto\"><strong>Compartimos las primeras im\u00e1genes del arribo de nuestras delegaciones que hoy buscan su pase a la \u201cGran final Nacional \u201cque se jugara en la provincia de Salta del 1 al 5 de setiembre .<\/strong><\/div>\n<div dir=\"auto\"><\/div>\n<div dir=\"auto\">Ajedrez, sapo, tejo, newcom, tenis de mesa, truco, orientaci\u00f3n, padel, circuito de habilidades motrices, son las competencias que se llevaran a cabo en el d\u00eda de la fecha.<\/div>\n<div dir=\"auto\"><img decoding=\"async\" src=\"https:\/\/scontent.fcnq2-1.fna.fbcdn.net\/v\/t51.82787-15\/534733165_18421331503103295_2193802971949783545_n.webp?stp=dst-jpg_tt6&amp;_nc_cat=105&amp;ccb=1-7&amp;_nc_sid=127cfc&amp;_nc_eui2=AeGz0cqdNVAm-LAHg7dDn4zdDBIFXHn9kcMMEgVcef2Rw1BS6btyXsZZUmZlNMyhNKU&amp;_nc_ohc=1eUhi309DXgQ7kNvwGrNL6y&amp;_nc_oc=Adl67zw73LMJ2kwLLvZYrUw2hdfXmg-70JNVnvttbfAcs4YjwBjer2hhukGzZt60N9E&amp;_nc_zt=23&amp;_nc_ht=scontent.fcnq2-1.fna&amp;_nc_gid=TCE9eU32T1sGBfwWGBIEeA&amp;oh=00_AfVrlXg438mzwdkxtn5U_nQIHBrstn-ZzkVsYp_tgz9Ekg&amp;oe=68ABB8E0\" alt=\"Puede ser una imagen de 10 personas, cama el\u00e1stica y texto\" \/><\/div>\n<div dir=\"auto\">Participan 500 personas de las siguientes localidades: Avia Terai, Barranqueras, Basail, Campo Largo, Charata, Ciervo Petiso, Colonia Elisa, Colonias Unidas, Coronel Du Grati, Corzuela, Gral Pinedo, Gral Vedia, Hermoso Campo, Juan Jos\u00e9 Castelli, Laguna Limpia, La Leonesa, Las Bre\u00f1as, Lapachito, Makall\u00e9, Margarita Bel\u00e9n, Pampa del Indio, Pcia de La Plaza, Pto Bermejo, Pto Tirol, Resistencia, Pcia Roque Saenz Pe\u00f1a, San Bernardo, Santa Sylvina, Villa Angela y Villa Berthet.<\/div>\n<div dir=\"auto\"><\/div>\n<\/div>\n<div class=\"x14z9mp xat24cr x1lziwak x1vvkbs xtlvy1s x126k92a\">\n<div dir=\"auto\"><span class=\"html-span xdj266r x14z9mp xat24cr x1lziwak xexx8yu xyri2b x18d9i69 x1c1uobl x1hl2dhg x16tdsg8 x1vvkbs\"><a class=\"x1i10hfl xjbqb8w x1ejq31n x18oe1m7 x1sy0etr xstzfhl x972fbf x10w94by x1qhh985 x14e42zd x9f619 x1ypdohk xt0psk2 x3ct3a4 xdj266r x14z9mp xat24cr x1lziwak xexx8yu xyri2b x18d9i69 x1c1uobl x16tdsg8 x1hl2dhg xggy1nq x1a2a7pz xkrqix3 x1sur9pj x1fey0fg x1s688f\" tabindex=\"0\" role=\"link\" href=\"https:\/\/www.facebook.com\/hashtag\/chacojuega2025?__eep__=6&amp;__cft__[0]=AZVgJp2x9GhyrY0kuhoNCmOl_Pkqmddof1PRDDixSbbwIPxHrNkDKx2sFYw29FqL5h5BVcd0fjIgdIvVboJtUZcmFyULvxUAQ0rbx-9nQWErLRH-FB8P_VqEgXznz7DK4fD70gPNP5X74vmLKi4aDYIiAoHuwmevtX88KQTySKWYsg1jMjPfRPNtFNkYYaLTOh634DYIMMUe-q7T8Sty1Opk\">#Chacojuega2025<\/a><\/span><\/div>\n<div dir=\"auto\">@gobiernodelchaco<\/div>\n<div dir=\"auto\">@fabiovazquez19<\/div>\n<div dir=\"auto\">@pellegrinigabito<img decoding=\"async\" src=\"https:\/\/scontent.fcnq2-2.fna.fbcdn.net\/v\/t51.82787-15\/534357933_18421331491103295_5315532874338875539_n.webp?stp=dst-jpg_tt6&amp;_nc_cat=104&amp;ccb=1-7&amp;_nc_sid=127cfc&amp;_nc_eui2=AeGprWn2wn0d2DhRg7Peu3-jIuI0XDKnd_Ei4jRcMqd38WDJyddx6mmxnSOvv-h__eY&amp;_nc_ohc=AOzLGZfLD_MQ7kNvwEBXQ3B&amp;_nc_oc=AdmwwHm6GbjDXwzqL2iHqlc6zrg6hBbQHC5NqU5h4GwaaupBDg4JqvEIVBWFdMNvrDk&amp;_nc_zt=23&amp;_nc_ht=scontent.fcnq2-2.fna&amp;_nc_gid=aO266rxOnf1_9UnRZvBkmA&amp;oh=00_AfUGyzaVdLE-Xh5KIT3nX4KfkGXcnr3Hk3Y7DCMaU2WFEQ&amp;oe=68ABA67E\" alt=\"No hay ninguna descripci\u00f3n de la foto disponible.\" \/><\/div>\n<div dir=\"auto\"><\/div>\n<\/div>\n","protected":false},"excerpt":{"rendered":"<p>Compartimos las primeras im\u00e1genes del arribo de nuestras delegaciones que hoy buscan su pase a la \u201cGran final Nacional \u201cque se jugara en la provincia de Salta del 1 al 5 de setiembre . Ajedrez, sapo, tejo, newcom, tenis de mesa, truco, orientaci\u00f3n, padel, circuito de habilidades motrices, son las competencias que se llevaran a &hellip;<\/p>\n","protected":false},"author":2,"featured_media":24046,"comment_status":"open","ping_status":"open","sticky":false,"template":"","format":"standard","meta":{"footnotes":""},"categories":[44],"tags":[],"class_list":["post-24045","post","type-post","status-publish","format-standard","has-post-thumbnail","hentry","category-varios"],"_links":{"self":[{"href":"https:\/\/www.sportchaco.com.ar\/index.php?rest_route=\/wp\/v2\/posts\/24045","targetHints":{"allow":["GET"]}}],"collection":[{"href":"https:\/\/www.sportchaco.com.ar\/index.php?rest_route=\/wp\/v2\/posts"}],"about":[{"href":"https:\/\/www.sportchaco.com.ar\/index.php?rest_route=\/wp\/v2\/types\/post"}],"author":[{"embeddable":true,"href":"https:\/\/www.sportchaco.com.ar\/index.php?rest_route=\/wp\/v2\/users\/2"}],"replies":[{"embeddable":true,"href":"https:\/\/www.sportchaco.com.ar\/index.php?rest_route=%2Fwp%2Fv2%2Fcomments&post=24045"}],"version-history":[{"count":1,"href":"https:\/\/www.sportchaco.com.ar\/index.php?rest_route=\/wp\/v2\/posts\/24045\/revisions"}],"predecessor-version":[{"id":24047,"href":"https:\/\/www.sportchaco.com.ar\/index.php?rest_route=\/wp\/v2\/posts\/24045\/revisions\/24047"}],"wp:featuredmedia":[{"embeddable":true,"href":"https:\/\/www.sportchaco.com.ar\/index.php?rest_route=\/wp\/v2\/media\/24046"}],"wp:attachment":[{"href":"https:\/\/www.sportchaco.com.ar\/index.php?rest_route=%2Fwp%2Fv2%2Fmedia&parent=24045"}],"wp:term":[{"taxonomy":"category","embeddable":true,"href":"https:\/\/www.sportchaco.com.ar\/index.php?rest_route=%2Fwp%2Fv2%2Fcategories&post=24045"},{"taxonomy":"post_tag","embeddable":true,"href":"https:\/\/www.sportchaco.com.ar\/index.php?rest_route=%2Fwp%2Fv2%2Ftags&post=24045"}],"curies":[{"name":"wp","href":"https:\/\/api.w.org\/{rel}","templated":true}]}}