{"id":24058,"date":"2025-08-20T14:42:16","date_gmt":"2025-08-20T17:42:16","guid":{"rendered":"https:\/\/www.sportchaco.com.ar\/?p=24058"},"modified":"2025-08-20T18:01:31","modified_gmt":"2025-08-20T21:01:31","slug":"hector-gomez-fue-elegido-como-vocal-titular-de-afa","status":"publish","type":"post","link":"https:\/\/www.sportchaco.com.ar\/?p=24058","title":{"rendered":"H\u00e9ctor G\u00f3mez fue elegido como vocal titular de AFA"},"content":{"rendered":"<p><strong>20-08-2025<\/strong><\/p>\n<p><img loading=\"lazy\" decoding=\"async\" class=\"aligncenter size-large wp-image-19109\" src=\"https:\/\/www.sportchaco.com.ar\/wp-content\/uploads\/2025\/05\/720x90-1024x128.gif\" alt=\"\" width=\"1024\" height=\"128\" srcset=\"https:\/\/www.sportchaco.com.ar\/wp-content\/uploads\/2025\/05\/720x90-1024x128.gif 1024w, https:\/\/www.sportchaco.com.ar\/wp-content\/uploads\/2025\/05\/720x90-300x38.gif 300w, https:\/\/www.sportchaco.com.ar\/wp-content\/uploads\/2025\/05\/720x90-768x96.gif 768w, https:\/\/www.sportchaco.com.ar\/wp-content\/uploads\/2025\/05\/720x90-1536x192.gif 1536w, https:\/\/www.sportchaco.com.ar\/wp-content\/uploads\/2025\/05\/720x90-2048x257.gif 2048w\" sizes=\"auto, (max-width: 1024px) 100vw, 1024px\" \/><\/p>\n<p>Este martes por la tarde se llev\u00f3 a cabo <span class=\"css-1jxf684 r-bcqeeo r-1ttztb7 r-qvutc0 r-poiln3\">la Asamblea para la categor\u00eda Primera Nacional <\/span><span class=\"css-1jxf684 r-bcqeeo r-1ttztb7 r-qvutc0 r-poiln3\">en la sede social de la Asociaci\u00f3n del F\u00fatbol Argentino en calle Viamonte.\u00a0<\/span><\/p>\n<p>En la misma, el presidente de Chaco For Ever, H\u00e9ctor G\u00f3mez, fue electo como<span class=\"css-1jxf684 r-bcqeeo r-1ttztb7 r-qvutc0 r-poiln3\"> delegado titular. Dichos cargos ser\u00e1n efectivos desde el 1 de septiembre de 2025 hasta el 31 de agosto de 2026.<\/span><\/p>\n<p>Asignaci\u00f3n de cargos luego de la votaci\u00f3n de los miembros de la divisional:<\/p>\n<p><strong>DELEGADOS TITULARES<\/strong><br \/>\nGabriel A. Mansilla (Presidente Club Deportivo Mor\u00f3n)<br \/>\n<em>H\u00e9ctor O. G\u00f3mez (Presidente Club Atl\u00e9tico Chaco For Ever -Resistencia, Chaco-)<\/em><br \/>\nPablo Guerra (Vicepresidente 2\u00b0 Club Atl\u00e9tico Estudiantes)<br \/>\nRicardo D. Sastre (Presidente Club Social y Deportivo Madryn -Chubut-)<br \/>\nJos\u00e9 N. Di Pierro (Presidente Club Atl\u00e9tico Chacarita Juniors)<br \/>\nBruno Sogno (Vicepresidente 1\u00b0 Club Atl\u00e9tico San Mart\u00edn -Tucum\u00e1n-)<\/p>\n<p><strong>DELEGADOS SUPLENTES<\/strong><br \/>\nNicol\u00e1s Cambiasso (Presidente Club Atl\u00e9tico All Boys)<br \/>\nFernando A. Porretta (Presidente Club Atl\u00e9tico Gimnasia y Esgrima -Mendoza-)<br \/>\nOmar Plaini (Presidente Club Atl\u00e9tico Los Andes)<br \/>\nHern\u00e1n E. Sperdutti (Presidente Club Deportivo Maip\u00fa -Mendoza-)<br \/>\nOscar A. Vergara (Presidente Club Trist\u00e1n Su\u00e1rez)<br \/>\nWalter R. Morales (Presidente Club Atl\u00e9tico Gimnasia y Esgrima -Jujuy-)<\/p>\n<p><img loading=\"lazy\" decoding=\"async\" class=\"aligncenter size-large wp-image-20149\" src=\"https:\/\/www.sportchaco.com.ar\/wp-content\/uploads\/2025\/06\/Chaco-sin-fuego-1080x1350-3-819x1024.gif\" alt=\"\" width=\"819\" height=\"1024\" srcset=\"https:\/\/www.sportchaco.com.ar\/wp-content\/uploads\/2025\/06\/Chaco-sin-fuego-1080x1350-3-819x1024.gif 819w, https:\/\/www.sportchaco.com.ar\/wp-content\/uploads\/2025\/06\/Chaco-sin-fuego-1080x1350-3-240x300.gif 240w, https:\/\/www.sportchaco.com.ar\/wp-content\/uploads\/2025\/06\/Chaco-sin-fuego-1080x1350-3-768x960.gif 768w, https:\/\/www.sportchaco.com.ar\/wp-content\/uploads\/2025\/06\/Chaco-sin-fuego-1080x1350-3-1229x1536.gif 1229w, https:\/\/www.sportchaco.com.ar\/wp-content\/uploads\/2025\/06\/Chaco-sin-fuego-1080x1350-3-1638x2048.gif 1638w\" sizes=\"auto, (max-width: 819px) 100vw, 819px\" \/><\/p>\n","protected":false},"excerpt":{"rendered":"<p>20-08-2025 Este martes por la tarde se llev\u00f3 a cabo la Asamblea para la categor\u00eda Primera Nacional en la sede social de la Asociaci\u00f3n del F\u00fatbol Argentino en calle Viamonte.\u00a0 En la misma, el presidente de Chaco For Ever, H\u00e9ctor G\u00f3mez, fue electo como delegado titular. Dichos cargos ser\u00e1n efectivos desde el 1 de septiembre &hellip;<\/p>\n","protected":false},"author":3,"featured_media":24059,"comment_status":"open","ping_status":"open","sticky":false,"template":"","format":"standard","meta":{"footnotes":""},"categories":[5],"tags":[],"class_list":["post-24058","post","type-post","status-publish","format-standard","has-post-thumbnail","hentry","category-futbol"],"_links":{"self":[{"href":"https:\/\/www.sportchaco.com.ar\/index.php?rest_route=\/wp\/v2\/posts\/24058","targetHints":{"allow":["GET"]}}],"collection":[{"href":"https:\/\/www.sportchaco.com.ar\/index.php?rest_route=\/wp\/v2\/posts"}],"about":[{"href":"https:\/\/www.sportchaco.com.ar\/index.php?rest_route=\/wp\/v2\/types\/post"}],"author":[{"embeddable":true,"href":"https:\/\/www.sportchaco.com.ar\/index.php?rest_route=\/wp\/v2\/users\/3"}],"replies":[{"embeddable":true,"href":"https:\/\/www.sportchaco.com.ar\/index.php?rest_route=%2Fwp%2Fv2%2Fcomments&post=24058"}],"version-history":[{"count":1,"href":"https:\/\/www.sportchaco.com.ar\/index.php?rest_route=\/wp\/v2\/posts\/24058\/revisions"}],"predecessor-version":[{"id":24060,"href":"https:\/\/www.sportchaco.com.ar\/index.php?rest_route=\/wp\/v2\/posts\/24058\/revisions\/24060"}],"wp:featuredmedia":[{"embeddable":true,"href":"https:\/\/www.sportchaco.com.ar\/index.php?rest_route=\/wp\/v2\/media\/24059"}],"wp:attachment":[{"href":"https:\/\/www.sportchaco.com.ar\/index.php?rest_route=%2Fwp%2Fv2%2Fmedia&parent=24058"}],"wp:term":[{"taxonomy":"category","embeddable":true,"href":"https:\/\/www.sportchaco.com.ar\/index.php?rest_route=%2Fwp%2Fv2%2Fcategories&post=24058"},{"taxonomy":"post_tag","embeddable":true,"href":"https:\/\/www.sportchaco.com.ar\/index.php?rest_route=%2Fwp%2Fv2%2Ftags&post=24058"}],"curies":[{"name":"wp","href":"https:\/\/api.w.org\/{rel}","templated":true}]}}