{"id":24061,"date":"2025-08-21T12:25:20","date_gmt":"2025-08-21T15:25:20","guid":{"rendered":"https:\/\/www.sportchaco.com.ar\/?p=24061"},"modified":"2025-08-21T21:10:41","modified_gmt":"2025-08-22T00:10:41","slug":"tres-dias-de-futbol-para-las-chicas","status":"publish","type":"post","link":"https:\/\/www.sportchaco.com.ar\/?p=24061","title":{"rendered":"Tres d\u00edas de f\u00fatbol para las chicas"},"content":{"rendered":"<p><strong>21-08-2025<\/strong><\/p>\n<p><img loading=\"lazy\" decoding=\"async\" class=\"aligncenter wp-image-11424 size-large\" src=\"https:\/\/www.sportchaco.com.ar\/wp-content\/uploads\/2024\/07\/gob-salud-fijo-marzo-1024x171.jpg\" sizes=\"auto, (max-width: 1024px) 100vw, 1024px\" srcset=\"https:\/\/www.sportchaco.com.ar\/wp-content\/uploads\/2024\/07\/gob-salud-fijo-marzo-1024x171.jpg 1024w, https:\/\/www.sportchaco.com.ar\/wp-content\/uploads\/2024\/07\/gob-salud-fijo-marzo-300x50.jpg 300w, https:\/\/www.sportchaco.com.ar\/wp-content\/uploads\/2024\/07\/gob-salud-fijo-marzo-768x128.jpg 768w, https:\/\/www.sportchaco.com.ar\/wp-content\/uploads\/2024\/07\/gob-salud-fijo-marzo.jpg 1200w\" alt=\"\" width=\"1024\" height=\"171\" \/><\/p>\n<p>El torneo Apertura femenino de la Liga Chaque\u00f1a diagram\u00f3 los d\u00edas y horarios para la 15\u00aa fecha, la cual tendr\u00e1 partidos este viernes, domingo y lunes.<\/p>\n<p>Las chicas de Villa Alvear, que retomaron el liderato del campeonato, abrir\u00e1n la fecha cuando visiten a Regional el d\u00eda viernes por la noche.<\/p>\n<p>Cabe recordar que este mi\u00e9rcoles iban a disputar su partido pendiente de la 9\u00aa fecha Atlas del Sur y For Ever, pero el encuentro no se disput\u00f3.<\/p>\n<p><b>TORNEO APERTURA<br \/>\n<\/b><b>TODA LA 15\u00aa FECHA<br \/>\n<\/b><strong>Viernes 22-08<\/strong><br \/>\nA las 20, Regional &#8211; Villa Alvear<br \/>\nA las 20, Indep. Tirol &#8211; Bariloche FC<\/p>\n<p><strong>Domingo 24-08<\/strong><br \/>\nA las 8:30, V\u00e9lez &#8211; Don Orione<br \/>\nA las 10, Uni\u00f3n del Sur &#8211; Chaco Hebr\u00f3n<br \/>\nA las 10, Sarmiento &#8211; Parque Independencia<br \/>\nA las 10:30, Anunciaci\u00f3n &#8211; For Ever, en V\u00e9lez<br \/>\nA las 16, San Fernando &#8211; Dep. Luj\u00e1n<\/p>\n<p><strong>Lunes 25-08<\/strong><br \/>\nA las 20, Defensores &#8211; C. E. de Comercio<\/p>\n<p><strong>Libre:<\/strong> Atlas del Sur<\/p>\n<p><b>POSICIONES<\/b><em><br \/>\n<\/em>Villa Alvear 30\u00a0<em>(a)(c)(e)<\/em><br \/>\nUni\u00f3n del Sur 29<br \/>\nParque Independencia 28\u00a0<em>(a)(e)<\/em><br \/>\nSan Fernando 27<em>\u00a0(a)(c)(d)<\/em><br \/>\nSarmiento 27\u00a0<em>(b)(e)<\/em><em><br \/>\n<\/em>Defensores 21\u00a0<em>(c)<\/em><br \/>\nC. E. de Comercio 19<br \/>\nDon Orione 19\u00a0<em>(a)<\/em><br \/>\nRegional 19<br \/>\nV\u00e9lez 17<br \/>\nIndep. Tirol 10\u00a0<em>(a)(b)<\/em><br \/>\nAtlas del Sur 9\u00a0<em>(d)<\/em><br \/>\nBariloche FC 8<br \/>\nFor Ever 8\u00a0<em>(a)(c)(d)<\/em><br \/>\nChaco Hebr\u00f3n 6\u00a0<em>(a)(d)<\/em><br \/>\nDep. Luj\u00e1n 3\u00a0<em>(a)(e)<\/em><br \/>\nAnunciaci\u00f3n 1\u00a0<em>(a)<\/em><em><br \/>\n(a) deben partidos de la 1\u00aa fecha<br \/>\n(b) deben partidos de la 6\u00aa fecha<br \/>\n(c) deben su partido de la 7\u00aa fecha<br \/>\n(d) deben su partido de la 11\u00aa fecha<br \/>\n(e) deben su partido de la 12\u00aa fecha<\/em><\/p>\n<p><em><strong>Foto: Gentileza Prensa Villa Alvear\u00a0<\/strong><\/em><\/p>\n<p><img loading=\"lazy\" decoding=\"async\" class=\"aligncenter wp-image-18156 size-full\" src=\"https:\/\/www.sportchaco.com.ar\/wp-content\/uploads\/2025\/04\/gobierno.jpg\" sizes=\"auto, (max-width: 600px) 100vw, 600px\" srcset=\"https:\/\/www.sportchaco.com.ar\/wp-content\/uploads\/2025\/04\/gobierno.jpg 600w, https:\/\/www.sportchaco.com.ar\/wp-content\/uploads\/2025\/04\/gobierno-300x169.jpg 300w, https:\/\/www.sportchaco.com.ar\/wp-content\/uploads\/2025\/04\/gobierno-390x220.jpg 390w\" alt=\"\" width=\"600\" height=\"338\" \/><\/p>\n","protected":false},"excerpt":{"rendered":"<p>21-08-2025 El torneo Apertura femenino de la Liga Chaque\u00f1a diagram\u00f3 los d\u00edas y horarios para la 15\u00aa fecha, la cual tendr\u00e1 partidos este viernes, domingo y lunes. Las chicas de Villa Alvear, que retomaron el liderato del campeonato, abrir\u00e1n la fecha cuando visiten a Regional el d\u00eda viernes por la noche. Cabe recordar que este &hellip;<\/p>\n","protected":false},"author":3,"featured_media":24062,"comment_status":"open","ping_status":"open","sticky":false,"template":"","format":"standard","meta":{"footnotes":""},"categories":[5],"tags":[],"class_list":["post-24061","post","type-post","status-publish","format-standard","has-post-thumbnail","hentry","category-futbol"],"_links":{"self":[{"href":"https:\/\/www.sportchaco.com.ar\/index.php?rest_route=\/wp\/v2\/posts\/24061","targetHints":{"allow":["GET"]}}],"collection":[{"href":"https:\/\/www.sportchaco.com.ar\/index.php?rest_route=\/wp\/v2\/posts"}],"about":[{"href":"https:\/\/www.sportchaco.com.ar\/index.php?rest_route=\/wp\/v2\/types\/post"}],"author":[{"embeddable":true,"href":"https:\/\/www.sportchaco.com.ar\/index.php?rest_route=\/wp\/v2\/users\/3"}],"replies":[{"embeddable":true,"href":"https:\/\/www.sportchaco.com.ar\/index.php?rest_route=%2Fwp%2Fv2%2Fcomments&post=24061"}],"version-history":[{"count":5,"href":"https:\/\/www.sportchaco.com.ar\/index.php?rest_route=\/wp\/v2\/posts\/24061\/revisions"}],"predecessor-version":[{"id":24098,"href":"https:\/\/www.sportchaco.com.ar\/index.php?rest_route=\/wp\/v2\/posts\/24061\/revisions\/24098"}],"wp:featuredmedia":[{"embeddable":true,"href":"https:\/\/www.sportchaco.com.ar\/index.php?rest_route=\/wp\/v2\/media\/24062"}],"wp:attachment":[{"href":"https:\/\/www.sportchaco.com.ar\/index.php?rest_route=%2Fwp%2Fv2%2Fmedia&parent=24061"}],"wp:term":[{"taxonomy":"category","embeddable":true,"href":"https:\/\/www.sportchaco.com.ar\/index.php?rest_route=%2Fwp%2Fv2%2Fcategories&post=24061"},{"taxonomy":"post_tag","embeddable":true,"href":"https:\/\/www.sportchaco.com.ar\/index.php?rest_route=%2Fwp%2Fv2%2Ftags&post=24061"}],"curies":[{"name":"wp","href":"https:\/\/api.w.org\/{rel}","templated":true}]}}