{"id":24067,"date":"2025-08-20T18:00:33","date_gmt":"2025-08-20T21:00:33","guid":{"rendered":"https:\/\/www.sportchaco.com.ar\/?p=24067"},"modified":"2025-08-20T18:00:33","modified_gmt":"2025-08-20T21:00:33","slug":"argentina-ya-tiene-sus-12-jugadores-para-la-americup-2025","status":"publish","type":"post","link":"https:\/\/www.sportchaco.com.ar\/?p=24067","title":{"rendered":"Argentina ya tiene sus 12 jugadores para la AmeriCup 2025"},"content":{"rendered":"<p>&nbsp;<\/p>\n<div class=\"kl-slideshow static-content__slideshow static-simpletext nobg\">\n<div class=\"kl-slideshow-inner static-content__wrapper sc--has-fade-mask\">\n<div class=\"static-content__inner container\">\n<div class=\"kl-slideshow-safepadding sc__container mt-45 mb-45\">\n<div class=\"static-content static-content--simple scs--theme-light\">\n<div class=\"row\">\n<div class=\"col-sm-12\">\n<h2 class=\"fs-xxxl\"><\/h2>\n<div class=\"sc__simpleaction\"><\/div>\n<\/div>\n<\/div>\n<\/div>\n<\/div>\n<\/div>\n<\/div>\n<\/div>\n<section class=\"hg_section pt-50 pb-100\">\n<div class=\"container\">\n<div class=\"row\">\n<div class=\"col-sm-12 col-md-12 col-lg-9\">\n<div id=\"th-content-post\">\n<div class=\"itemView eBlog\">\n<div class=\"itemHeader\">\n<div class=\"post_details\"><span class=\"itemDateCreated\">\u00a0Mi\u00e9rcoles, 20 de Agosto de 2025\u00a0<\/span><span class=\"infSep\">\/<\/span>\u00a0<span class=\"itemCategory\">\u00a0<\/span><\/div>\n<div class=\"post_details\"><span class=\"itemCategory\">Publicado en\u00a0<\/span><a href=\"https:\/\/www.argentina.basketball\/ver\/noticias\/de\/seleccion-mayor-masc\"><strong>Selecci\u00f3n Mayor Masculina<\/strong><\/a>,\u00a0<a href=\"https:\/\/www.argentina.basketball\/ver\/noticias\/de\/seleccion-mayor\"><strong>Selecci\u00f3n Mayor<\/strong><\/a><\/div>\n<\/div>\n<p>&nbsp;<\/p>\n<p>Despu\u00e9s de cinco semanas de preparaci\u00f3n, el entrenador\u00a0<strong>Pablo Prigioni defini\u00f3 la lista de 12 jugadores que disputar\u00e1n desde el 22 de agosto la AmeriCup 2025 en Managua, Nicaragua. <\/strong>Con un <strong>promedio de edad de 24 a\u00f1os<\/strong>,\u00a0<strong>Prigioni<\/strong>\u00a0apunta a que varios de estos jugadores tengan su primer torneo oficial con la camiseta de la Selecci\u00f3n adem\u00e1s de seguir sumando experiencia de cara a las ventanas FIBA rumbo a la Copa del Mundo de 2027.<\/p>\n<p>Entre los 12 elegidos se destacan tres que ya saben lo que es jugar una AmeriCup:\u00a0Jos\u00e9 Vildoza, Nicol\u00e1s Brussino y Juan Pablo Vaulet integraron el plantel campe\u00f3n en la edici\u00f3n 2022\u00a0disputada en Recife, Brasil.<\/p>\n<p>La preparaci\u00f3n Albiceleste comenz\u00f3 el 23 de julio en Madrid, con 8 amistosos entre Espa\u00f1a, Italia y Panam\u00e1. De los 17 potencialmente convocables que comenzaron la concentraci\u00f3n, no ser\u00e1n parte Tom\u00e1s Chapero, Lucas Giovannetti, Tyler Kropp, Bautista Lugarini y Lee Aaliya.<\/p>\n<h5 class=\"itemBody\"><a class=\"hoverBorder float-left\" href=\"https:\/\/www.argentina.basketball\/themes\/ee\/site\/default\/asset\/img\/blog\/WEB-31.jpg\" data-lightbox=\"image\"><span class=\"hoverBorderWrapper\"><img decoding=\"async\" title=\"Argentina ya tiene sus 12 jugadores para la AmeriCup 2025\" src=\"https:\/\/www.argentina.basketball\/themes\/ee\/site\/default\/asset\/img\/blog\/WEB-31.jpg\" alt=\"Post Image\" width=\"420\" \/><\/span><\/a><\/h5>\n<h5 class=\"itemBody\">\n<p><strong>JUGADORES<\/strong><\/p>\n<p>\u2022 1 &#8211; Francisco Caffaro &#8211; Boca Juniors &#8211; (Argentina) &#8211; P\u00edvot &#8211; 25 a\u00f1os<br \/>\n\u2022 6 &#8211; Juan Ignacio Marcos &#8211; FC Barcelona &#8211; (Espa\u00f1a) &#8211; Base &#8211; 25 a\u00f1os<br \/>\n\u2022 9 &#8211; Nicol\u00e1s Brussino &#8211; Gran Canaria &#8211; (Espa\u00f1a) &#8211; Alero &#8211; 32 a\u00f1os<br \/>\n\u2022 10 &#8211; Gonzalo Corbalan &#8211; San Pablo Burgos &#8211; (Espa\u00f1a) &#8211; Escolta &#8211; 23 a\u00f1os<br \/>\n\u2022 11 &#8211; Jos\u00e9 Vildoza &#8211; B\u00e0squet Girona &#8211; (Espa\u00f1a) &#8211; Base &#8211; 29 a\u00f1os<br \/>\n\u2022 16 &#8211; Dylan Bordon &#8211; La Laguna Tenerife &#8211; (Espa\u00f1a) &#8211; Base &#8211; 20 a\u00f1os<br \/>\n\u2022 18 &#8211; Gonzalo Bressan &#8211; Ol\u00edmpico de La Banda &#8211; (Argentina) &#8211; P\u00edvot &#8211; 23 a\u00f1os<br \/>\n\u2022 20 &#8211; Juan Bocca &#8211; Fibwi Palma &#8211; (Espa\u00f1a) &#8211; Alero &#8211; 20 a\u00f1os<br \/>\n\u2022 21 &#8211; Juan Fernandez &#8211; B\u00e0squet Girona &#8211; (Espa\u00f1a) &#8211; Ala P\u00edvot &#8211; 22 a\u00f1os<br \/>\n\u2022 22 &#8211; Juan Pablo Vaulet &#8211; Estudiantes &#8211; (Espa\u00f1a) &#8211; Ala P\u00edvot &#8211; 29 a\u00f1os<br \/>\n\u2022 23 &#8211; Santiago Trouet &#8211; Arizona State &#8211; (Estados Unidos) &#8211; Ala P\u00edvot &#8211; 21 a\u00f1os<br \/>\n\u2022 44 &#8211; Alex Negrete &#8211; Flamengo &#8211; (Brasil) &#8211; Escolta &#8211; 24 a\u00f1os<\/p>\n<p>En la AmeriCup 2025 Argentina integra el grupo C con Nicaragua, Colombia y Rep\u00fablica Dominicana. El debut en Managua ser\u00e1 ante los locales, el viernes 22 de agosto a las 21:40hs. El equipo Albiceleste volver\u00e1 a jugar el domingo 24 ante Dominicana (16:10hs) cerrar\u00e1 la zona el lunes 25 contra Colombia (18:40hs). La AmeriCup 2025 se transmitir\u00e1 por TyC Sports, DSports y CourtSide 1891.<\/h5>\n<div class=\"gridPhotoGallery-container\">\n<div class=\"gridPhotoGallery mfp-gallery misc gridPhotoGallery--ratio-square gridPhotoGallery--cols-4\" data-cols=\"4\">\n<div class=\"gridPhotoGallery__item gridPhotoGallery__item--sizer\"><\/div>\n<div class=\"gridPhotoGallery__item gridPhotoGalleryItem--w2\">\n<div class=\"gridPhotoGallery__img\"><\/div>\n<\/div>\n<\/div>\n<\/div>\n<div class=\"clear mb-40\"><\/div>\n<div class=\"itemTagsBlock\">Etiquetas:\u00a0<a href=\"https:\/\/www.argentina.basketball\/ver\/noticias\/de\/seleccion-mayor-masc\" rel=\"tag\"><strong>Selecci\u00f3n Mayor Masculina<\/strong><\/a>,\u00a0<a href=\"https:\/\/www.argentina.basketball\/ver\/noticias\/de\/seleccion-mayor\" rel=\"tag\"><strong>Selecci\u00f3n Mayor<\/strong><\/a><\/div>\n<\/div>\n<\/div>\n<\/div>\n<\/div>\n<\/div>\n<\/section>\n<p><img decoding=\"async\" src=\"https:\/\/scontent.fcnq2-1.fna.fbcdn.net\/v\/t51.82787-15\/534637160_18515896141017575_4630720812688810955_n.jpg?stp=dst-jpg_s640x640_tt6&amp;_nc_cat=101&amp;ccb=1-7&amp;_nc_sid=127cfc&amp;_nc_eui2=AeHt2Y8yXI_IeHNw7m54QFAy_mXUfPReJj_-ZdR89F4mPzgPCohu4XdnyfGUhuEWp20&amp;_nc_ohc=NFmN_f1aw0wQ7kNvwHiSyrs&amp;_nc_oc=AdnO9jPyiMluq5S08Qc_uzo9gMGzO9Uz9VZryWfd3C7HLMZe-9pzu0o965R81eZjmas&amp;_nc_zt=23&amp;_nc_ht=scontent.fcnq2-1.fna&amp;_nc_gid=BEw4GLiaq_j3L1UQ-9USdg&amp;oh=00_AfVTk96QqeMft0wSzF5pS1os8EYbrwByIZ0I7AMTYelBzg&amp;oe=68AC12F7\" alt=\"Puede ser una imagen de \u200e12 personas, personas jugando al baloncesto y \u200etexto que dice &quot;\u200eFIBA AMERICUP \u4e1d \u0e01\u0e40\u0e22\u0e25\u0e2d\u0e2b\u0e27\u0e40\u0e1e NICARAGUA 2025 \u0647 \uc21c C\u00c1FFARO CAR #+* MARCOS \u0634\u0631 BRUSSINO 16 \u0647\u0639 VILDOZA BORD\u00d3N \u0648 8 A \u039d\u03a5\u03a9\u0392\u0391\u0399 CORBAL\u00c1N BRESSAN Anan \ubaac\uc2a4 FERN\u00c1NDEZ BOCCA 23 \u0634\u0647 \uc21c \u0634\u0686 \uc2a4 VAULET Ad PEAK \u0634\u0629 A rgentina NEGRETE TROUET\u200e&quot;\u200e\u200e\" \/><\/p>\n","protected":false},"excerpt":{"rendered":"<p>&nbsp; \u00a0Mi\u00e9rcoles, 20 de Agosto de 2025\u00a0\/\u00a0\u00a0 Publicado en\u00a0Selecci\u00f3n Mayor Masculina,\u00a0Selecci\u00f3n Mayor &nbsp; Despu\u00e9s de cinco semanas de preparaci\u00f3n, el entrenador\u00a0Pablo Prigioni defini\u00f3 la lista de 12 jugadores que disputar\u00e1n desde el 22 de agosto la AmeriCup 2025 en Managua, Nicaragua. Con un promedio de edad de 24 a\u00f1os,\u00a0Prigioni\u00a0apunta a que varios de estos jugadores &hellip;<\/p>\n","protected":false},"author":2,"featured_media":24068,"comment_status":"open","ping_status":"open","sticky":false,"template":"","format":"standard","meta":{"footnotes":""},"categories":[3],"tags":[],"class_list":["post-24067","post","type-post","status-publish","format-standard","has-post-thumbnail","hentry","category-basquetbol"],"_links":{"self":[{"href":"https:\/\/www.sportchaco.com.ar\/index.php?rest_route=\/wp\/v2\/posts\/24067","targetHints":{"allow":["GET"]}}],"collection":[{"href":"https:\/\/www.sportchaco.com.ar\/index.php?rest_route=\/wp\/v2\/posts"}],"about":[{"href":"https:\/\/www.sportchaco.com.ar\/index.php?rest_route=\/wp\/v2\/types\/post"}],"author":[{"embeddable":true,"href":"https:\/\/www.sportchaco.com.ar\/index.php?rest_route=\/wp\/v2\/users\/2"}],"replies":[{"embeddable":true,"href":"https:\/\/www.sportchaco.com.ar\/index.php?rest_route=%2Fwp%2Fv2%2Fcomments&post=24067"}],"version-history":[{"count":1,"href":"https:\/\/www.sportchaco.com.ar\/index.php?rest_route=\/wp\/v2\/posts\/24067\/revisions"}],"predecessor-version":[{"id":24069,"href":"https:\/\/www.sportchaco.com.ar\/index.php?rest_route=\/wp\/v2\/posts\/24067\/revisions\/24069"}],"wp:featuredmedia":[{"embeddable":true,"href":"https:\/\/www.sportchaco.com.ar\/index.php?rest_route=\/wp\/v2\/media\/24068"}],"wp:attachment":[{"href":"https:\/\/www.sportchaco.com.ar\/index.php?rest_route=%2Fwp%2Fv2%2Fmedia&parent=24067"}],"wp:term":[{"taxonomy":"category","embeddable":true,"href":"https:\/\/www.sportchaco.com.ar\/index.php?rest_route=%2Fwp%2Fv2%2Fcategories&post=24067"},{"taxonomy":"post_tag","embeddable":true,"href":"https:\/\/www.sportchaco.com.ar\/index.php?rest_route=%2Fwp%2Fv2%2Ftags&post=24067"}],"curies":[{"name":"wp","href":"https:\/\/api.w.org\/{rel}","templated":true}]}}