{"id":24070,"date":"2025-08-20T23:02:15","date_gmt":"2025-08-21T02:02:15","guid":{"rendered":"https:\/\/www.sportchaco.com.ar\/?p=24070"},"modified":"2025-08-20T23:10:51","modified_gmt":"2025-08-21T02:10:51","slug":"efemerides-del-21-de-agosto-2","status":"publish","type":"post","link":"https:\/\/www.sportchaco.com.ar\/?p=24070","title":{"rendered":"Efem\u00e9rides del 21 de agosto"},"content":{"rendered":"<div class=\"container fullwidth-entry-title-wrapper\">\n<div class=\"container-wrapper fullwidth-entry-title\">\n<header class=\"entry-header-outer\">\n<div class=\"entry-header\">\n<h1 class=\"post-title entry-title\">Efem\u00e9rides del 21 de agosto<\/h1>\n<div class=\"single-post-meta post-meta clearfix\"><\/div>\n<\/div>\n<\/header>\n<\/div>\n<\/div>\n<div id=\"content\" class=\"site-content container\">\n<div id=\"main-content-row\" class=\"tie-row main-content-row\">\n<div class=\"main-content tie-col-md-8 tie-col-xs-12\" role=\"main\">\n<article id=\"the-post\" class=\"container-wrapper post-content tie-standard\">\n<div class=\"featured-area\">\n<div class=\"featured-area-inner\"><\/div>\n<\/div>\n<div class=\"entry-content entry clearfix\">\n<p><strong>Esta es la Efem\u00e9rides del Deporte en el Chaco de un 21 de agosto periodista Luis Dar\u00edo Molodezky.<\/strong><\/p>\n<p><img loading=\"lazy\" decoding=\"async\" class=\"size-medium wp-image-24071 aligncenter\" src=\"https:\/\/www.sportchaco.com.ar\/wp-content\/uploads\/2025\/08\/Luis-Dario-11-08-2025-3-226x300.jpeg\" alt=\"\" width=\"226\" height=\"300\" srcset=\"https:\/\/www.sportchaco.com.ar\/wp-content\/uploads\/2025\/08\/Luis-Dario-11-08-2025-3-226x300.jpeg 226w, https:\/\/www.sportchaco.com.ar\/wp-content\/uploads\/2025\/08\/Luis-Dario-11-08-2025-3-771x1024.jpeg 771w, https:\/\/www.sportchaco.com.ar\/wp-content\/uploads\/2025\/08\/Luis-Dario-11-08-2025-3-768x1021.jpeg 768w, https:\/\/www.sportchaco.com.ar\/wp-content\/uploads\/2025\/08\/Luis-Dario-11-08-2025-3-1156x1536.jpeg 1156w, https:\/\/www.sportchaco.com.ar\/wp-content\/uploads\/2025\/08\/Luis-Dario-11-08-2025-3.jpeg 1204w\" sizes=\"auto, (max-width: 226px) 100vw, 226px\" \/><\/p>\n<p><strong>\u00a0<\/strong><\/p>\n<p><strong>1954\u00a0<\/strong>\/ El terceto de la Federaci\u00f3n de Bochas de nuestra provincia, integrado por Ra\u00fal Martinazzo, Anastasio Maidana y Modesto Sona, gana el Campeonato del Norte disputado en Resistencia.<\/p>\n<p><strong>1958\u00a0<\/strong>\/ La pareja integrada por Remigio Borque y Julio Mazo, representando a Villa San Mart\u00edn, ganaron la Pesca del Dorado en Paso de la Patria, capturando 11 dorados que pesaron 133 kilogramos.<\/p>\n<p><strong>1983\u00a0<\/strong>\/ Por primera vez en sus 62 a\u00f1os de vida, Juventud Unida se corona campe\u00f3n oficial de la Liga de F\u00fatbol del Noroeste Chaque\u00f1o. En el cotejo final le gan\u00f3 a Uni\u00f3n de General Pinedo por 1 a 0, con gol de Hildo Coria Guti\u00e9rrez.<\/p>\n<p><strong>1988\/<\/strong>\u00a0Walter Delgado se impone en la competencia cicl\u00edstica Doble Resistencia \u2013 S\u00e1enz Pe\u00f1a. El atleta ten\u00eda solo 17 a\u00f1os gan\u00f3 la competencia del torneo organizado por el Club Ferm\u00edn Hidalgo. Completaron el podio Juan Sol\u00eds y Tati Amud.<\/p>\n<p><strong>1995\u00a0<\/strong>\/ Finaliza en S\u00e1enz Pe\u00f1a el 69\u00ba Campeonato Argentino de Ajedrez, con el triunfo Pablo Ricardi. Participaron adem\u00e1s entre otros los campeones mundiales y medallas ol\u00edmpicas Oscar Panno, Pablo Zarnicki y Marcelo Tempone; los campeones argentinos Pablo Ricardi, Hugo Spangenberg y Jorge G\u00f3mez Baill\u00f3. Ariel Sor\u00edn logr\u00f3 el t\u00edtulo de Gran Maestro. El presidente de la Federaci\u00f3n Chaque\u00f1a Ra\u00fal Bittel, fue elegido ese a\u00f1o vice de la Federaci\u00f3n Argentina.<\/p>\n<p><strong>1999 \/<\/strong>\u00a0Se inaugura el Polideportivo Regional \u00abJaime Zapata\u00bb, ubicado en el Barrio Santa In\u00e9s de la ciudad de Resistencia. Se practican\u00a0m\u00e1s de 30 disciplinas\u00a0con una infraestructura \u00fanica en la regi\u00f3n y una pista de atletismo m\u00e1s modernas del pa\u00eds y de car\u00e1cter internacional. El Polideportivo brinda posibilidades para\u00a0todos aquellos que est\u00e9n interesados en la pr\u00e1ctica deportiva.<\/p>\n<p><strong>2011 \/\u00a0<\/strong>Fallece el periodista Jorge Alberto Vi\u00f1uela a los 65 a\u00f1os. Fue secretario general del Sindicato de Prensa del Chaco durante dos per\u00edodos, al recuperarse el gremio tras la dictadura militar 1976-1983. Fue jefe de deportes del diario El Territorio y luego del diario Crisol. Trabaj\u00f3 en Norte y luego ingres\u00f3 en la agencia T\u00e9lam de la que lleg\u00f3 a ser jefe editor de Resistencia, cargo que ten\u00eda al momento de fallecer y por el que hab\u00eda iniciado los tr\u00e1mites de jubilaci\u00f3n, al cumplir los 65 a\u00f1os el 2 de julio de 2011.Fue deportista e integr\u00f3 por varias temporadas el equipo de B\u00e1squet de V\u00e9lez Sarsfield \u2013 Libertad.<\/p>\n<p><strong>2020\/<\/strong>\u00a0Fallece en S\u00e1enz Pe\u00f1a Carlos Marcelino Vega, activo dirigente la Liga y presidiera la Federaci\u00f3n Chaque\u00f1a de F\u00fatbol. Fue presidente y entrenador del Club Atl\u00e9tico Ferrocarril Belgrano. Tambi\u00e9n incursion\u00f3 en el motociclismo. Hab\u00eda nacido el 29 de abril de 1963 y falleciendo a los 57 a\u00f1os.<\/p>\n<p><strong>1921 \/<\/strong>\u00a0Fallece Nelson Mart\u00ednez, extraordinario jugador que dej\u00f3 su sello en Regional, Sarmiento, All Boys y Ferro. Hab\u00eda nacido un 30 de abril de 1930 en Obispo Trejo, C\u00f3rdoba. y desde los 3 a\u00f1os vivi\u00f3 en el Chaco. Se inici\u00f3 en Regional y jug\u00f3 desde los 17 a\u00f1os en primera. Tras un corto paso por Sarmiento fue transferido en 1953 a Ferro en 100 mil pesos, donde jug\u00f3 5 a\u00f1os. Luego tuvo un paso por All Boys. Volvi\u00f3 a Sarmiento donde se consagr\u00f3 campe\u00f3n en 1967. Jug\u00f3 oficialmente hasta los 41 a\u00f1os. Nunca dej\u00f3 de jugar con sus amigos. Fue DT del decano, Central Norte, Municipales, For Ever y fue campe\u00f3n en 1982 con Don Orione. Un talentoso volante, de exquisita pegada y elegancia.<\/p>\n<p><strong>2022 \/<\/strong>\u00a0La atleta chaque\u00f1a Evangelina Defagot se impuso en la Marat\u00f3n R\u00edo Paran\u00e1, que se disput\u00f3 entre las capitales de Corrientes y Resistencia. Complet\u00f3 los 42 Km en 3 h 34m y 36 s. Segunda fue Paula Quiroz de Bella Vista y tercera Ver\u00f3nica Fontanela de Buenos Aires. Entre los varones se impuso el correntino Diego Rak con 3h01\u2019,16\u201d.<\/p>\n<p><strong>2023\/<\/strong>\u00a0Gast\u00f3n Codina representando a la Federaci\u00f3n Chaque\u00f1a se corona campe\u00f3n argentino seniors de tenis de mesa, en el marco del torneo disputado en el Complejo Municipal de Alta Gracias. En la categor\u00eda individual +30 se impuso en la final por 3-2 al bonaerense Mariano Acciaresi.<\/p>\n<p><strong>Foto portada de Jorge Vi\u00f1uela<\/strong><\/p>\n<\/div>\n<\/article>\n<\/div>\n<\/div>\n<\/div>\n","protected":false},"excerpt":{"rendered":"<p>Efem\u00e9rides del 21 de agosto Esta es la Efem\u00e9rides del Deporte en el Chaco de un 21 de agosto periodista Luis Dar\u00edo Molodezky. \u00a0 1954\u00a0\/ El terceto de la Federaci\u00f3n de Bochas de nuestra provincia, integrado por Ra\u00fal Martinazzo, Anastasio Maidana y Modesto Sona, gana el Campeonato del Norte disputado en Resistencia. 1958\u00a0\/ La pareja &hellip;<\/p>\n","protected":false},"author":2,"featured_media":24072,"comment_status":"open","ping_status":"open","sticky":false,"template":"","format":"standard","meta":{"footnotes":""},"categories":[38,45],"tags":[],"class_list":["post-24070","post","type-post","status-publish","format-standard","has-post-thumbnail","hentry","category-agosto","category-efemerides-dia-por-dia"],"_links":{"self":[{"href":"https:\/\/www.sportchaco.com.ar\/index.php?rest_route=\/wp\/v2\/posts\/24070","targetHints":{"allow":["GET"]}}],"collection":[{"href":"https:\/\/www.sportchaco.com.ar\/index.php?rest_route=\/wp\/v2\/posts"}],"about":[{"href":"https:\/\/www.sportchaco.com.ar\/index.php?rest_route=\/wp\/v2\/types\/post"}],"author":[{"embeddable":true,"href":"https:\/\/www.sportchaco.com.ar\/index.php?rest_route=\/wp\/v2\/users\/2"}],"replies":[{"embeddable":true,"href":"https:\/\/www.sportchaco.com.ar\/index.php?rest_route=%2Fwp%2Fv2%2Fcomments&post=24070"}],"version-history":[{"count":3,"href":"https:\/\/www.sportchaco.com.ar\/index.php?rest_route=\/wp\/v2\/posts\/24070\/revisions"}],"predecessor-version":[{"id":24091,"href":"https:\/\/www.sportchaco.com.ar\/index.php?rest_route=\/wp\/v2\/posts\/24070\/revisions\/24091"}],"wp:featuredmedia":[{"embeddable":true,"href":"https:\/\/www.sportchaco.com.ar\/index.php?rest_route=\/wp\/v2\/media\/24072"}],"wp:attachment":[{"href":"https:\/\/www.sportchaco.com.ar\/index.php?rest_route=%2Fwp%2Fv2%2Fmedia&parent=24070"}],"wp:term":[{"taxonomy":"category","embeddable":true,"href":"https:\/\/www.sportchaco.com.ar\/index.php?rest_route=%2Fwp%2Fv2%2Fcategories&post=24070"},{"taxonomy":"post_tag","embeddable":true,"href":"https:\/\/www.sportchaco.com.ar\/index.php?rest_route=%2Fwp%2Fv2%2Ftags&post=24070"}],"curies":[{"name":"wp","href":"https:\/\/api.w.org\/{rel}","templated":true}]}}