{"id":24080,"date":"2025-08-20T19:59:03","date_gmt":"2025-08-20T22:59:03","guid":{"rendered":"https:\/\/www.sportchaco.com.ar\/?p=24080"},"modified":"2025-08-21T18:03:20","modified_gmt":"2025-08-21T21:03:20","slug":"se-viene-la-segunda-fecha-del-pre-federal","status":"publish","type":"post","link":"https:\/\/www.sportchaco.com.ar\/?p=24080","title":{"rendered":"Se viene la segunda fecha del Pre-Federal"},"content":{"rendered":"<p><strong>20-08-2025<\/strong><\/p>\n<p><img loading=\"lazy\" decoding=\"async\" class=\"aligncenter size-large wp-image-20490\" src=\"https:\/\/www.sportchaco.com.ar\/wp-content\/uploads\/2025\/06\/728x90-1-1024x127.gif\" sizes=\"auto, (max-width: 1024px) 100vw, 1024px\" srcset=\"https:\/\/www.sportchaco.com.ar\/wp-content\/uploads\/2025\/06\/728x90-1-1024x127.gif 1024w, https:\/\/www.sportchaco.com.ar\/wp-content\/uploads\/2025\/06\/728x90-1-300x37.gif 300w, https:\/\/www.sportchaco.com.ar\/wp-content\/uploads\/2025\/06\/728x90-1-768x96.gif 768w\" alt=\"\" width=\"1024\" height=\"127\" \/><\/p>\n<p>La Federaci\u00f3n Chaque\u00f1a de B\u00e1squet estableci\u00f3 los d\u00edas y horarios para el desarrollo de la 2\u00aa fecha del torneo Pre-Federal de Mayores. La misma comenzar\u00e1 este jueves, con un partido, y luego ir\u00e1 todo el d\u00eda viernes.<\/p>\n<p>Regatas y Don Bosco, en el primer grupo, deber\u00e1n revalidar de visitante lo hecho en sus debut de local, lo propio corre para Cultural que ahora debutar\u00e1 en Santa Sylvina.<\/p>\n<p>En el otro grupo, el \u00faltimo campe\u00f3n, Hind\u00fa, buscar\u00e1 recuperarse de local tras su debut fuera de Resistencia con derrota. Progresista se presentar\u00e1 tambi\u00e9n por primera vez en su casa y Espa\u00f1ola y Alvear, los otros punteros, ahora ir\u00e1n de visitante.<\/p>\n<p><strong>TODA LA 2\u00aa FECHA<\/strong><br \/>\n<strong>Zona A<br \/>\nJueves 21-08<br \/>\n<\/strong>A las 22, Social &#8211; Acci\u00f3n<\/p>\n<p><strong>Viernes 22-08<\/strong><br \/>\nA las 22, H\u00e9rcules &#8211; Regatas<br \/>\nA las 22, Cultural &#8211; Don Bosco<\/p>\n<p><strong>Zona B<br \/>\nViernes 22-08<\/strong><br \/>\nA las 21:30, Hind\u00fa &#8211; Alvear<br \/>\nA las 21:30, Juventud VC &#8211; Don Orione<br \/>\nA las 22, Progresista &#8211; Espa\u00f1ola<\/p>\n<p><strong>POSICIONES<\/strong><br \/>\n<strong>Zona A<\/strong><br \/>\nRegatas 2<br \/>\nCultural 2<br \/>\nDon Bosco 2<br \/>\nH\u00e9rcules 1<br \/>\nAcci\u00f3n 1<br \/>\nSocial 1<\/p>\n<p><strong>Zona B<\/strong><br \/>\nEspa\u00f1ola 2<br \/>\nAlvear 2<br \/>\nProgresista 2<br \/>\nDon Orione 1<br \/>\nJuventud VC 1<br \/>\nHind\u00fa 1<\/p>\n<p><em><strong>Fotos: Marcelo Gauna<\/strong><\/em><\/p>\n<p><img loading=\"lazy\" decoding=\"async\" class=\"aligncenter size-full wp-image-20252\" src=\"https:\/\/www.sportchaco.com.ar\/wp-content\/uploads\/2025\/06\/BANNER-WEB-CHACO-JUEGA_200x200-1.gif\" alt=\"\" width=\"418\" height=\"417\" \/><\/p>\n","protected":false},"excerpt":{"rendered":"<p>20-08-2025 La Federaci\u00f3n Chaque\u00f1a de B\u00e1squet estableci\u00f3 los d\u00edas y horarios para el desarrollo de la 2\u00aa fecha del torneo Pre-Federal de Mayores. La misma comenzar\u00e1 este jueves, con un partido, y luego ir\u00e1 todo el d\u00eda viernes. Regatas y Don Bosco, en el primer grupo, deber\u00e1n revalidar de visitante lo hecho en sus debut &hellip;<\/p>\n","protected":false},"author":3,"featured_media":24081,"comment_status":"open","ping_status":"open","sticky":false,"template":"","format":"standard","meta":{"footnotes":""},"categories":[3],"tags":[],"class_list":["post-24080","post","type-post","status-publish","format-standard","has-post-thumbnail","hentry","category-basquetbol"],"_links":{"self":[{"href":"https:\/\/www.sportchaco.com.ar\/index.php?rest_route=\/wp\/v2\/posts\/24080","targetHints":{"allow":["GET"]}}],"collection":[{"href":"https:\/\/www.sportchaco.com.ar\/index.php?rest_route=\/wp\/v2\/posts"}],"about":[{"href":"https:\/\/www.sportchaco.com.ar\/index.php?rest_route=\/wp\/v2\/types\/post"}],"author":[{"embeddable":true,"href":"https:\/\/www.sportchaco.com.ar\/index.php?rest_route=\/wp\/v2\/users\/3"}],"replies":[{"embeddable":true,"href":"https:\/\/www.sportchaco.com.ar\/index.php?rest_route=%2Fwp%2Fv2%2Fcomments&post=24080"}],"version-history":[{"count":3,"href":"https:\/\/www.sportchaco.com.ar\/index.php?rest_route=\/wp\/v2\/posts\/24080\/revisions"}],"predecessor-version":[{"id":24107,"href":"https:\/\/www.sportchaco.com.ar\/index.php?rest_route=\/wp\/v2\/posts\/24080\/revisions\/24107"}],"wp:featuredmedia":[{"embeddable":true,"href":"https:\/\/www.sportchaco.com.ar\/index.php?rest_route=\/wp\/v2\/media\/24081"}],"wp:attachment":[{"href":"https:\/\/www.sportchaco.com.ar\/index.php?rest_route=%2Fwp%2Fv2%2Fmedia&parent=24080"}],"wp:term":[{"taxonomy":"category","embeddable":true,"href":"https:\/\/www.sportchaco.com.ar\/index.php?rest_route=%2Fwp%2Fv2%2Fcategories&post=24080"},{"taxonomy":"post_tag","embeddable":true,"href":"https:\/\/www.sportchaco.com.ar\/index.php?rest_route=%2Fwp%2Fv2%2Ftags&post=24080"}],"curies":[{"name":"wp","href":"https:\/\/api.w.org\/{rel}","templated":true}]}}