{"id":24092,"date":"2025-08-21T11:49:35","date_gmt":"2025-08-21T14:49:35","guid":{"rendered":"https:\/\/www.sportchaco.com.ar\/?p=24092"},"modified":"2025-08-21T11:49:35","modified_gmt":"2025-08-21T14:49:35","slug":"horror-en-avellaneda-cronologia-del-escandalo-en-independiente-universidad-de-chile","status":"publish","type":"post","link":"https:\/\/www.sportchaco.com.ar\/?p=24092","title":{"rendered":"Horror en Avellaneda: cronolog\u00eda del esc\u00e1ndalo en Independiente-Universidad de Chile"},"content":{"rendered":"<article class=\"article\" data-id=\"15571914\" data-behavior=\"story_scroll story_progress iframe\" data-src=\"\/futbol\/copa-sudamericana\/nota\/_\/id\/15571914\/horror-avellaneda-cronologia-escandalo-independiente-universidad-de-chile\">\n<div class=\"container\">\n<header class=\"article-header\">\n<h1>21-08-2025<\/h1>\n<p>&nbsp;<\/p>\n<\/header>\n<figure class=\"iframe-video article-figure video\" data-video=\"watch,640,360,15571732,whitelist-DO|PY|AW|CR|BO|BZ|HN|NI|GT|MX|PE|BB|AR|VE|CO|BS|EC|JM|GD|CU|PA|SV|CL|UY|\" data-cerebro-id=\"68a7030cccfdda7c7afb2814\" data-title=\"Universidad de Chile parti\u00f3 rumbo a Santiago tras el partido cancelado\" data-source=\"deportes\">\n<div class=\"img-wrap\"><picture><source srcset=\"https:\/\/a.espncdn.com\/combiner\/i?img=%2Fmedia%2Fmotion%2F2025%2F0821%2Fevc_FUTBOL_20250821_no_event_name_d4e1a3b8_69e1_4d467%2Fevc_FUTBOL_20250821_no_event_name_d4e1a3b8_69e1_4d467.jpg&amp;w=943&amp;h=530&amp;cquality=80&amp;format=jpg\" media=\"(min-width: 376px)\" \/><source srcset=\"https:\/\/a.espncdn.com\/combiner\/i?img=%2Fmedia%2Fmotion%2F2025%2F0821%2Fevc_FUTBOL_20250821_no_event_name_d4e1a3b8_69e1_4d467%2Fevc_FUTBOL_20250821_no_event_name_d4e1a3b8_69e1_4d467.jpg&amp;w=375&amp;cquality=80, https:\/\/a.espncdn.com\/combiner\/i?img=%2Fmedia%2Fmotion%2F2025%2F0821%2Fevc_FUTBOL_20250821_no_event_name_d4e1a3b8_69e1_4d467%2Fevc_FUTBOL_20250821_no_event_name_d4e1a3b8_69e1_4d467.jpg&amp;w=750&amp;cquality=40&amp;format=jpg 2x\" media=\"(max-width: 375px)\" \/><img class=\"imageLoaded\" data-image-container=\".article-figure\" \/><\/picture><\/div>\n<div><\/div><figcaption>\n<div class=\"caption-wrapper\">\n<div class=\"text-container\">\n<p>El equipo chileno emprendi\u00f3 el regreso a su pa\u00eds luego de la tr\u00e1gica noche en Avellaneda. (3:08)<\/p>\n<\/div>\n<\/div>\n<\/figcaption><\/figure>\n<div class=\"article-body\">\n<div class=\"article-meta\">\n<div class=\"author\">Fuente: ESPN.com<\/div>\n<\/div>\n<div class=\"content-reactions reactions-not-allowed\" data-behavior=\"content_reactions\" data-contentid=\"15571914\" data-nowid=\"18-15571914\" data-contenttitle=\"Horror en Avellaneda: cronolog\u00eda del esc\u00e1ndalo en Independiente-Universidad de Chile\">\n<div class=\"content-reactions_reactions-wrapper\">\n<div class=\"share-button-wrapper\"><\/div>\n<\/div>\n<div class=\"content-reactions_count-wrapper\"><\/div>\n<\/div>\n<p><strong>El f\u00fatbol sudamericano tiene esc\u00e1ndalos en su historial, pero lo ocurrido el mi\u00e9rcoles por la noche entre\u00a0<a href=\"https:\/\/www.espn.com.ar\/futbol\/equipo\/_\/id\/11\/independiente\" target=\"_blank\" rel=\"noopener\">Independiente<\/a>\u00a0y\u00a0<a href=\"https:\/\/www.espn.com.ar\/futbol\/equipo\/_\/id\/4139\/universidad-de-chile\" target=\"_blank\" rel=\"noopener\">Universidad de Chile<\/a>, por la revancha de octavos de final de la\u00a0<a href=\"https:\/\/www.espn.com.ar\/futbol\/liga\/_\/nombre\/conmebol.sudamericana\" target=\"_blank\" rel=\"noopener\">CONMEBOL Sudamericana<\/a>\u00a0en el Estadio Libertadores de Am\u00e9rica, traspas\u00f3 todos los l\u00edmites. Lo que debi\u00f3 ser una noche de f\u00fatbol pleno\u00a0<a href=\"https:\/\/www.espn.com.ar\/futbol\/copa-sudamericana\/nota\/_\/id\/15571847\/que-sanciones-pueden-recibir-independiente-y-u-de-chile-por-los-incidentes-en-avellaneda?referrer=scribe\" target=\"_blank\" rel=\"noopener\">termin\u00f3 convertido en verg\u00fcenza internacional<\/a>: heridos, destrozos y m\u00e1s de 300 detenidos para un partido que\u00a0<a href=\"https:\/\/www.espn.com.ar\/futbol\/copa-sudamericana\/nota\/_\/id\/15572120\/futbol\/copa-sudamericana\/nota\/_\/id\/15570924\/incidentes-entre-hinchas-en-independiente-vs-u-de-chile-octavos-de-final\" target=\"_blank\" rel=\"noopener\">CONMEBOL termin\u00f3 cancelando<\/a>.<\/strong><\/p>\n<aside class=\"inline inline-photo full\">\n<figure><picture><source srcset=\"https:\/\/a.espncdn.com\/combiner\/i?img=%2Fphoto%2F2025%2F0821%2Fr1534674_1296x729_16%2D9.jpg&amp;w=570&amp;format=jpg, https:\/\/a.espncdn.com\/combiner\/i?img=%2Fphoto%2F2025%2F0821%2Fr1534674_1296x729_16%2D9.jpg&amp;w=1140&amp;cquality=40&amp;format=jpg 2x\" media=\"(min-width: 376px)\" data-srcset=\"https:\/\/a.espncdn.com\/combiner\/i?img=%2Fphoto%2F2025%2F0821%2Fr1534674_1296x729_16%2D9.jpg&amp;w=570&amp;format=jpg, https:\/\/a.espncdn.com\/combiner\/i?img=%2Fphoto%2F2025%2F0821%2Fr1534674_1296x729_16%2D9.jpg&amp;w=1140&amp;cquality=40&amp;format=jpg 2x\" \/><source srcset=\"https:\/\/a.espncdn.com\/combiner\/i?img=%2Fphoto%2F2025%2F0821%2Fr1534674_1296x729_16%2D9.jpg&amp;w=375, https:\/\/a.espncdn.com\/combiner\/i?img=%2Fphoto%2F2025%2F0821%2Fr1534674_1296x729_16%2D9.jpg&amp;w=750&amp;cquality=40&amp;format=jpg 2x\" media=\"(max-width: 375px)\" data-srcset=\"https:\/\/a.espncdn.com\/combiner\/i?img=%2Fphoto%2F2025%2F0821%2Fr1534674_1296x729_16%2D9.jpg&amp;w=375, https:\/\/a.espncdn.com\/combiner\/i?img=%2Fphoto%2F2025%2F0821%2Fr1534674_1296x729_16%2D9.jpg&amp;w=750&amp;cquality=40&amp;format=jpg 2x\" \/><img class=\"imageLoaded lazyloaded\" width=\"570\" height=\"320\" data-image-container=\".inline-photo\" \/><\/picture><figcaption class=\"photoCaption\"><strong>Luego de los grav\u00edsimos incidentes, CONMEBOL decidi\u00f3 cancelar el partido entre Independiente y Universidad de Chile por la vuelta de octavos de final de la Sudamericana.\u00a0<cite>Photosport<\/cite><\/strong><\/figcaption><\/figure>\n<\/aside>\n<p>A continuaci\u00f3n,\u00a0<strong>un repaso cronol\u00f3gico de los hechos que marcaron otra p\u00e1gina oscura<\/strong>\u00a0para la historia del f\u00fatbol del continente.<\/p>\n<h2>El d\u00eda previo: banderas robadas y tensi\u00f3n creciente<\/h2>\n<p>Un d\u00eda antes del partido comenzaron los problemas. Barras de ambos equipos\u00a0<strong>tuvieron enfrentamientos y se denunciaron robos de banderas<\/strong>, lo que calent\u00f3 el ambiente en la previa.<\/p>\n<p>Pese a los antecedentes, la seguridad fall\u00f3 desde el inicio: la barra de la U ingres\u00f3 sin revisi\u00f3n, con bombas de estruendo, proyectiles y hasta armas blancas. Adem\u00e1s, fue ubicada en una bandeja superior del estadio, justo encima de hinchas locales, en una zona de dif\u00edcil control.<\/p>\n<h2>La violencia en las tribunas empez\u00f3 en el primer tiempo<\/h2>\n<aside class=\"inline editorial float-r\" data-behavior=\"article_related\">&nbsp;<\/p>\n<h2><\/h2>\n<\/aside>\n<p>Con el partido en curso, alrededor de 30 barras bravas de la U rompieron un ba\u00f1o del estadio y comenzaron a lanzar objetos hacia la parcialidad de Independiente. Entre los proyectiles arrojados hubo materia fecal, orina e incluso un inodoro.<\/p>\n<p>El clima se torn\u00f3 insoportable y la tensi\u00f3n creci\u00f3 en cada sector del estadio.<\/p>\n<p>Durante el entretiempo, la situaci\u00f3n se agrav\u00f3. Se arrancaron butacas, varias fueron prendidas fuego y, en un hecho particularmente grave, un encapuchado lanz\u00f3 una bomba de estruendo hacia la \u00abGarganta del Diablo\u00bb, un sector donde habitualmente se ubican familiares de los jugadores. Ese hecho desat\u00f3 la furia de la hinchada local.<\/p>\n<aside class=\"inline float-r inline-track\">\n<h2 class=\"img-title\"><\/h2>\n<p><a href=\"https:\/\/disneyplus.com\/browse\/entity-839bba35-86ae-42c8-a14f-8fdb7becc3cf%22\" target=\"_blank\" rel=\"noopener\"><img decoding=\"async\" class=\"imageLoaded\" src=\"https:\/\/a.espncdn.com\/photo\/2025\/0331\/r1472019_1296x729_16-9.jpg\" \/><\/a>No te pierdas los partidos camino a La Gran Conquista.\u00a0<a href=\"https:\/\/disneyplus.com\/browse\/entity-839bba35-86ae-42c8-a14f-8fdb7becc3cf\" target=\"_blank\" rel=\"noopener\"><b>Disney+<\/b><\/a><\/p>\n<\/aside>\n<p>El complemento apenas se pudo jugar unos minutos. Los futbolistas de Universidad de Chile pidieron calma a su gente, pero no hubo caso: los incidentes continuaron. Con proyectiles cayendo sobre la tribuna y heridos en la cancha pidiendo asistencia, el \u00e1rbitro y los equipos se retiraron a los vestuarios.<\/p>\n<p>CONMEBOL cancel\u00f3 el partido, mientras la polic\u00eda orden\u00f3 el desalojo del estadio.<\/p>\n<h2>Afuera del estadio: represi\u00f3n y linchamientos<\/h2>\n<p>Miles de hinchas fueron desalojados, pero la salida deriv\u00f3 en un escenario ca\u00f3tico. La polic\u00eda argentina reprimi\u00f3 con dureza, golpeando a simpatizantes ensangrentados y dejando im\u00e1genes de corridas, personas sin ropa y heridos graves.<\/p>\n<p>En medio del descontrol, un grupo de barra bravas de la U qued\u00f3 atrapado dentro del estadio y fue acorralado por hinchas de Independiente, quienes los golpearon brutalmente en un linchamiento que qued\u00f3 registrado en fotos y videos.<\/p>\n<p>Algunos intentaron escapar lanz\u00e1ndose por las rejas de seguridad, otros quedaron inconscientes en el suelo. Los fan\u00e1ticos locales incluso colgaron camisetas de la U en las rejas como \u00abtrofeos\u00bb tras la batalla.<\/p>\n<h2>El colectivo destruido y la salida de la U<\/h2>\n<p>La violencia no termin\u00f3 en las tribunas. En el estacionamiento, hinchas de Independiente destrozaron el colectivo de Universidad de Chile, lo que oblig\u00f3 a los jugadores y cuerpo t\u00e9cnico a permanecer encerrados en los vestuarios durante horas, hasta ser evacuados de madrugada hacia su hotel.<\/p>\n<h2>Reacciones y condenas<\/h2>\n<p>Las im\u00e1genes provocaron repudio inmediato. En Chile, el presidente\u00a0Gabriel Boric habl\u00f3 de la \u00abirresponsabilidad en la organizaci\u00f3n\u00bb y afirm\u00f3 que \u00abnada justifica un linchamiento\u00bb.<\/p>\n<p>El presidente de Independiente,\u00a0N\u00e9stor Grindetti, responsabiliz\u00f3 a la barra rival y pidi\u00f3 un castigo para la U.<\/p>\n<p>El primer reporte oficial en Buenos Aires inform\u00f3 de\u00a0dos heridos graves, 11 con lesiones leves y m\u00e1s de 300 detenidos.<\/p>\n<\/div>\n<footer class=\"article-footer\" data-behavior=\"footer_region\">\n<footer class=\"article-legal-footer article-legal-footer--bottom-fixed\" data-behavior=\"footer_region\">\n<div class=\"text\" data-region=\"\">\n<div class=\"PageFooter__Legal__Copyright\"><img decoding=\"async\" src=\"https:\/\/www.lanacion.com.ar\/resizer\/v2\/todo-lo-que-hay-que-saber-sobre-los-incidentes-en-BND7LPRWLZHZ3NYZIEUE5BF5WY.JPG?auth=dcc4d982485975056c8084501998da9e5d7726639ab1b47435967518904316f1&amp;width=420&amp;height=280&amp;quality=70&amp;smart=true\" alt=\"Todo lo que hay que saber sobre los incidentes en el partido entre Independiente y Universidad de Chile por la Copa Sudamericana\" \/><\/div>\n<\/div>\n<\/footer>\n<\/footer>\n<\/div>\n<\/article>\n<article class=\"article\" data-id=\"15572120\" data-behavior=\"story_scroll story_progress iframe\" data-src=\"\/futbol\/copa-sudamericana\/nota\/_\/id\/15572120\/escenario-posguerra-destrozos-incidentes-independiente-universidad-de-chile\">\n<div class=\"container\">\n<header class=\"article-header\">\n<h1>Escenario de posguerra: los destrozos tras los incidentes en Independiente-Universidad de Chile<\/h1>\n<\/header>\n<figure class=\"iframe-video article-figure video\" data-video=\"watch,640,360,15571034,whitelist-DO|PY|AW|CR|BO|BZ|HN|NI|GT|MX|PE|BB|AR|VE|CO|BS|EC|JM|GD|CU|PA|SV|CL|UY|\" data-cerebro-id=\"68a687e4ccfdda7c7afb01d2\" data-title=\"Independiente y Universidad de Chile, suspendido por graves incidentes\" data-source=\"deportes\">\n<div class=\"img-wrap\"><picture><source srcset=\"https:\/\/a.espncdn.com\/combiner\/i?img=%2Fmedia%2Fmotion%2Ffastclipper%2F2025%2F0820%2Fevc_FUTBOL_20250820_no_event_name_c308d03e_4133_4466_a90e_eefc674f0064_8361%2Fevc_FUTBOL_20250820_no_event_name_c308d03e_4133_4466_a90e_eefc674f0064_8361.jpg&amp;w=943&amp;h=530&amp;cquality=80&amp;format=jpg\" media=\"(min-width: 376px)\" \/><source srcset=\"https:\/\/a.espncdn.com\/combiner\/i?img=%2Fmedia%2Fmotion%2Ffastclipper%2F2025%2F0820%2Fevc_FUTBOL_20250820_no_event_name_c308d03e_4133_4466_a90e_eefc674f0064_8361%2Fevc_FUTBOL_20250820_no_event_name_c308d03e_4133_4466_a90e_eefc674f0064_8361.jpg&amp;w=375&amp;cquality=80, https:\/\/a.espncdn.com\/combiner\/i?img=%2Fmedia%2Fmotion%2Ffastclipper%2F2025%2F0820%2Fevc_FUTBOL_20250820_no_event_name_c308d03e_4133_4466_a90e_eefc674f0064_8361%2Fevc_FUTBOL_20250820_no_event_name_c308d03e_4133_4466_a90e_eefc674f0064_8361.jpg&amp;w=750&amp;cquality=40&amp;format=jpg 2x\" media=\"(max-width: 375px)\" \/><img class=\"imageLoaded\" data-image-container=\".article-figure\" \/><\/picture><span class=\"video-play-button restricted\" data-id=\"15571034\">play<\/span><\/div><figcaption>\n<div class=\"caption-wrapper\">\n<div class=\"text-container\">\n<p>Debido a los acontecimientos en las tribunas, el referee junto a CONMEBOL decidieron no reanudar el encuentro. (0:41)<\/p>\n<\/div>\n<\/div>\n<\/figcaption><\/figure>\n<div class=\"article-body\">\n<div class=\"article-meta\">\n<ul class=\"authors\">\n<li>\n<div class=\"author\">ESPN.com<\/div>\n<\/li>\n<\/ul>\n<p><span class=\"timestamp \">21 de ago, 2025, 10:08<\/span><\/div>\n<div class=\"content-reactions reactions-not-allowed\" data-behavior=\"content_reactions\" data-contentid=\"15572120\" data-nowid=\"18-15572120\" data-contenttitle=\"Escenario de posguerra: los destrozos tras los incidentes en Independiente-Universidad de Chile\">\n<div class=\"content-reactions_reactions-wrapper\">\n<div class=\"share-button-wrapper\"><\/div>\n<\/div>\n<div class=\"content-reactions_count-wrapper\"><\/div>\n<\/div>\n<p>El estadio Libertadores de Am\u00e9rica, m\u00e1s que un espacio que nuclea el f\u00fatbol, luci\u00f3 el jueves por la noche como un campo de batalla. El Rey de Copas, esta vez, no tiene nada para brindar. Porque los grav\u00edsimos incidentes ocurridos en el partido entre\u00a0<a href=\"https:\/\/www.espn.com.ar\/futbol\/equipo\/_\/id\/11\/independiente\" target=\"_blank\" rel=\"noopener\"><strong>Independiente<\/strong><\/a>\u00a0y\u00a0<a href=\"https:\/\/www.espn.com.ar\/futbol\/equipo\/_\/id\/4139\/universidad-de-chile\" target=\"_blank\" rel=\"noopener\"><strong>Universidad de Chile<\/strong><\/a>, por la vuelta de los octavos de final de la\u00a0<a href=\"https:\/\/www.espn.com.ar\/futbol\/liga\/_\/nombre\/conmebol.sudamericana\" target=\"_blank\" rel=\"noopener\"><strong>CONMEBOL Sudamericana<\/strong><\/a>, no solo obligaron a detener el juego a los dos minutos del segundo tiempo, cuando el marcador estaba 1-1, sino que derivaron en\u00a0<a href=\"https:\/\/www.espn.com.ar\/futbol\/copa-sudamericana\/nota\/_\/id\/15570924\/incidentes-entre-hinchas-en-independiente-vs-u-de-chile-octavos-de-final\" target=\"_blank\" rel=\"noopener\"><strong>la cancelaci\u00f3n oficial del compromiso<\/strong><\/a>\u00a0por parte de\u00a0<strong>CONMEBOL<\/strong>.<\/p>\n<aside class=\"inline inline-photo full\">\n<figure><picture><source srcset=\"https:\/\/a4.espncdn.com\/combiner\/i?img=%2Fphoto%2F2025%2F0821%2Fr1534682_1296x729_16%2D9.jpg&amp;w=570&amp;format=jpg, https:\/\/a4.espncdn.com\/combiner\/i?img=%2Fphoto%2F2025%2F0821%2Fr1534682_1296x729_16%2D9.jpg&amp;w=1140&amp;cquality=40&amp;format=jpg 2x\" media=\"(min-width: 376px)\" data-srcset=\"https:\/\/a4.espncdn.com\/combiner\/i?img=%2Fphoto%2F2025%2F0821%2Fr1534682_1296x729_16%2D9.jpg&amp;w=570&amp;format=jpg, https:\/\/a4.espncdn.com\/combiner\/i?img=%2Fphoto%2F2025%2F0821%2Fr1534682_1296x729_16%2D9.jpg&amp;w=1140&amp;cquality=40&amp;format=jpg 2x\" \/><source srcset=\"https:\/\/a4.espncdn.com\/combiner\/i?img=%2Fphoto%2F2025%2F0821%2Fr1534682_1296x729_16%2D9.jpg&amp;w=375, https:\/\/a4.espncdn.com\/combiner\/i?img=%2Fphoto%2F2025%2F0821%2Fr1534682_1296x729_16%2D9.jpg&amp;w=750&amp;cquality=40&amp;format=jpg 2x\" media=\"(max-width: 375px)\" data-srcset=\"https:\/\/a4.espncdn.com\/combiner\/i?img=%2Fphoto%2F2025%2F0821%2Fr1534682_1296x729_16%2D9.jpg&amp;w=375, https:\/\/a4.espncdn.com\/combiner\/i?img=%2Fphoto%2F2025%2F0821%2Fr1534682_1296x729_16%2D9.jpg&amp;w=750&amp;cquality=40&amp;format=jpg 2x\" \/><img class=\"imageLoaded lazyloaded\" width=\"570\" height=\"320\" data-image-container=\".inline-photo\" \/><\/picture><figcaption class=\"photoCaption\"><cite>Redes Sociales<\/cite><\/figcaption><\/figure>\n<\/aside>\n<p>Una\u00a0<a href=\"https:\/\/www.espn.com.ar\/futbol\/copa-sudamericana\/nota\/_\/id\/15571914\/horror-avellaneda-cronologia-escandalo-independiente-universidad-de-chile\" target=\"_blank\" rel=\"noopener\"><strong>verg\u00fcenza internacional que quedar\u00e1 guardada entre los episodios m\u00e1s oscuros<\/strong><\/a>\u00a0de la historia del f\u00fatbol sudamericano.<\/p>\n<aside class=\"inline editorial float-r\" data-behavior=\"article_related\">\n<ul>\n<li><a class=\"img-link\" href=\"https:\/\/www.espn.com.ar\/futbol\/copa-sudamericana\/nota\/_\/id\/15571847\/que-sanciones-pueden-recibir-independiente-y-u-de-chile-por-los-incidentes-en-avellaneda\" name=\"&amp;lpos=story:editorspicks:inline:1\"><\/a><a class=\"img-link\" href=\"https:\/\/www.espn.com.ar\/futbol\/copa-sudamericana\/nota\/_\/id\/15570924\/incidentes-entre-hinchas-en-independiente-vs-u-de-chile-octavos-de-final\" name=\"&amp;lpos=story:editorspicks:inline:3\"><\/a><\/li>\n<\/ul>\n<\/aside>\n<p>Con la desconcentraci\u00f3n del p\u00fablico y el correr de las horas, el estadio de Independiente ofreci\u00f3 una imagen desoladora. Los pasillos, ba\u00f1os y accesos quedaron convertidos en un escenario de posguerra, con portones derribados, rejas forzadas y chapones arrancados que fueron utilizados como proyectiles durante la batalla campal.<\/p>\n<p>Las consecuencias de la violencia incluyeron ba\u00f1os destrozados y completamente inutilizables, butacas arrancadas de cuajo y esparcidas por distintos sectores, puestos de comida vandalizados y saqueados, vestimentas y pertenencias de hinchas visitantes abandonadas tras la agresi\u00f3n de la barra local y manchas de sangre en distintas zonas del estadio, un testimonio de la brutalidad de los enfrentamientos. Un horror por donde se lo mire.<\/p>\n<p>Incluso, el micro de la delegaci\u00f3n de Universidad de Chile fue atacado cuando los futbolistas a\u00fan permanec\u00edan en el interior del estadio, lo que oblig\u00f3 a reforzar el operativo de evacuaci\u00f3n.<\/p>\n<h2>El operativo bajo la lupa<\/h2>\n<p>El encuentro cont\u00f3 con un despliegue de 650 polic\u00edas de la Provincia de Buenos Aires y 150 efectivos de seguridad privada, pero la coordinaci\u00f3n result\u00f3 insuficiente. Un dato clave: ninguno de ellos ingres\u00f3 a la tribuna visitante durante el inicio de los incidentes, lo que permiti\u00f3 que el descontrol escalara sin contenci\u00f3n inmediata.<\/p>\n<aside class=\"inline float-r inline-track\">\n<h2 class=\"img-title\">\u00a1La CONMEBOL Sudamericana, en Disney+!<\/h2>\n<p><a href=\"https:\/\/disneyplus.com\/browse\/entity-839bba35-86ae-42c8-a14f-8fdb7becc3cf%22\" target=\"_blank\" rel=\"noopener\"><img decoding=\"async\" class=\"imageLoaded\" src=\"https:\/\/a.espncdn.com\/photo\/2025\/0331\/r1472019_1296x729_16-9.jpg\" \/><\/a>No te pierdas los partidos camino a La Gran Conquista.\u00a0<a href=\"https:\/\/disneyplus.com\/browse\/entity-839bba35-86ae-42c8-a14f-8fdb7becc3cf\" target=\"_blank\" rel=\"noopener\"><b>Disney+<\/b><\/a><\/p>\n<\/aside>\n<p>La situaci\u00f3n se agrav\u00f3 a\u00fan m\u00e1s cuando integrantes de la barra de Independiente irrumpieron en la zona de los hinchas chilenos, multiplicando los choques cuerpo a cuerpo dentro del estadio.<\/p>\n<p>Se espera que en las pr\u00f3ximas horas la Justicia argentina realice un allanamiento en el estadio para investigar lo sucedido y determinar responsabilidades. El foco estar\u00e1 puesto en las fallas de seguridad, la violencia organizada y el rol de los distintos grupos involucrados en la barbarie.<\/p>\n<\/div>\n<\/div>\n<\/article>\n","protected":false},"excerpt":{"rendered":"<p>21-08-2025 &nbsp; El equipo chileno emprendi\u00f3 el regreso a su pa\u00eds luego de la tr\u00e1gica noche en Avellaneda. (3:08) Fuente: ESPN.com El f\u00fatbol sudamericano tiene esc\u00e1ndalos en su historial, pero lo ocurrido el mi\u00e9rcoles por la noche entre\u00a0Independiente\u00a0y\u00a0Universidad de Chile, por la revancha de octavos de final de la\u00a0CONMEBOL Sudamericana\u00a0en el Estadio Libertadores de Am\u00e9rica, &hellip;<\/p>\n","protected":false},"author":2,"featured_media":24093,"comment_status":"open","ping_status":"open","sticky":false,"template":"","format":"standard","meta":{"footnotes":""},"categories":[6],"tags":[],"class_list":["post-24092","post","type-post","status-publish","format-standard","has-post-thumbnail","hentry","category-internacionales"],"_links":{"self":[{"href":"https:\/\/www.sportchaco.com.ar\/index.php?rest_route=\/wp\/v2\/posts\/24092","targetHints":{"allow":["GET"]}}],"collection":[{"href":"https:\/\/www.sportchaco.com.ar\/index.php?rest_route=\/wp\/v2\/posts"}],"about":[{"href":"https:\/\/www.sportchaco.com.ar\/index.php?rest_route=\/wp\/v2\/types\/post"}],"author":[{"embeddable":true,"href":"https:\/\/www.sportchaco.com.ar\/index.php?rest_route=\/wp\/v2\/users\/2"}],"replies":[{"embeddable":true,"href":"https:\/\/www.sportchaco.com.ar\/index.php?rest_route=%2Fwp%2Fv2%2Fcomments&post=24092"}],"version-history":[{"count":1,"href":"https:\/\/www.sportchaco.com.ar\/index.php?rest_route=\/wp\/v2\/posts\/24092\/revisions"}],"predecessor-version":[{"id":24094,"href":"https:\/\/www.sportchaco.com.ar\/index.php?rest_route=\/wp\/v2\/posts\/24092\/revisions\/24094"}],"wp:featuredmedia":[{"embeddable":true,"href":"https:\/\/www.sportchaco.com.ar\/index.php?rest_route=\/wp\/v2\/media\/24093"}],"wp:attachment":[{"href":"https:\/\/www.sportchaco.com.ar\/index.php?rest_route=%2Fwp%2Fv2%2Fmedia&parent=24092"}],"wp:term":[{"taxonomy":"category","embeddable":true,"href":"https:\/\/www.sportchaco.com.ar\/index.php?rest_route=%2Fwp%2Fv2%2Fcategories&post=24092"},{"taxonomy":"post_tag","embeddable":true,"href":"https:\/\/www.sportchaco.com.ar\/index.php?rest_route=%2Fwp%2Fv2%2Ftags&post=24092"}],"curies":[{"name":"wp","href":"https:\/\/api.w.org\/{rel}","templated":true}]}}