{"id":24106,"date":"2025-08-21T18:05:10","date_gmt":"2025-08-21T21:05:10","guid":{"rendered":"https:\/\/www.sportchaco.com.ar\/?p=24106"},"modified":"2025-08-21T18:35:29","modified_gmt":"2025-08-21T21:35:29","slug":"la-legislatura-chaquena-homenajeo-a-alejandro-puma-pirota-por-su-destacada-trayectoria-en-el-basquetbol","status":"publish","type":"post","link":"https:\/\/www.sportchaco.com.ar\/?p=24106","title":{"rendered":"La Legislatura chaque\u00f1a homenaje\u00f3 a Alejandro \u00abPuma\u00bb Pirota por su destacada trayectoria en el b\u00e1squetbol"},"content":{"rendered":"<div class=\"row\">\n<div class=\"col-xs-12 col-sm-12 col-md-12 col-lg-12\"><\/div>\n<\/div>\n<div class=\"row\">\n<div class=\"col-xs-12 col-sm-12 col-md-12 col-lg-12\">\n<p><strong>21-08-2025<\/strong><\/p>\n<p><img loading=\"lazy\" decoding=\"async\" class=\"aligncenter size-large wp-image-20253\" src=\"https:\/\/www.sportchaco.com.ar\/wp-content\/uploads\/2025\/06\/Campo-720x90-13-1024x128.gif\" alt=\"\" width=\"1024\" height=\"128\" srcset=\"https:\/\/www.sportchaco.com.ar\/wp-content\/uploads\/2025\/06\/Campo-720x90-13-1024x128.gif 1024w, https:\/\/www.sportchaco.com.ar\/wp-content\/uploads\/2025\/06\/Campo-720x90-13-300x38.gif 300w, https:\/\/www.sportchaco.com.ar\/wp-content\/uploads\/2025\/06\/Campo-720x90-13-768x96.gif 768w\" sizes=\"auto, (max-width: 1024px) 100vw, 1024px\" \/><\/p>\n<p>La iniciativa, impulsada por el diputado Vargas, destac\u00f3 la figura de Pirota como un s\u00edmbolo del deporte chaque\u00f1o. El homenaje cont\u00f3 con la presencia del Vicepresidente del Instituto del Deporte Chaque\u00f1o, Gabriel Pellegrini; el presidente de la Comisi\u00f3n Directiva del Club Hind\u00fa Luis Cequeira; el vocal del Instituto de Cultura, Marcelo Dojas y Jorge Altamirano, del C\u00edrculo de Deportistas Deportivos y familiares del homenajeado.<\/p>\n<p><img loading=\"lazy\" decoding=\"async\" class=\"aligncenter\" src=\"https:\/\/scontent.fcnq2-1.fna.fbcdn.net\/v\/t39.30808-6\/536270952_10230955275814416_7744997050291195337_n.jpg?stp=dst-jpg_p526x296_tt6&amp;_nc_cat=105&amp;ccb=1-7&amp;_nc_sid=127cfc&amp;_nc_eui2=AeEqD7qM6tKfzBpnKZMJ9ykkiDTP_C5EJQaINM_8LkQlBrUjrh2ksrs0wxmnU4WvkYg&amp;_nc_ohc=ykoljIjsb6YQ7kNvwHdnSpj&amp;_nc_oc=AdljqCd1sbqXl7jRPgSVol0bGDlIiH7k9wZLSfQXjG4lZvILYR0zDeDjZPwEIh10nnE&amp;_nc_zt=23&amp;_nc_ht=scontent.fcnq2-1.fna&amp;_nc_gid=3HKBcCWVYQyWLAbzXBBhPw&amp;oh=00_AfXXoraT9vGVY67ociq14zg4vkhJGErO2B6xfCTNaBeJug&amp;oe=68AD494E\" alt=\"Puede ser una imagen de 3 personas y texto\" width=\"526\" height=\"526\" \/><\/p>\n<\/div>\n<\/div>\n<div>\n<p>Durante el acto, Vargas expres\u00f3 que Pirota \u201ces una de las figuras m\u00e1s importantes e imponentes que tuvo la historia deportiva del Chaco. Un hombre que supo llevar adelante su formaci\u00f3n, el trabajo, la escuela y el deporte, en tiempos donde era dif\u00edcil conjugar todas estas actividades\u201d. Adem\u00e1s, lo defini\u00f3 como \u201cuna marca registrada del Chaco y un sin\u00f3nimo de buena persona, reconocido a nivel internacional\u201d.<\/p>\n<p>Por su parte, el diputado Carlos Salom resalt\u00f3 el valor del homenajeado al se\u00f1alar que \u201ctenemos con nosotros una leyenda, la simbiosis del m\u00e9rito, esfuerzo, sacrificio y ejemplo. Pirota no solo es un deportista destacado, sino que transmite valores que lo hacen un ejemplo para la comunidad\u201d.<\/p>\n<\/div>\n<div class=\"row\">\n<div><\/div>\n<div class=\"col-xs-12 col-sm-12 col-md-12 col-lg-12\">\n<div>\n<p><a href=\"https:\/\/legislaturachaco.gob.ar\/control\/archivos\/cache\/00e(1).jpg\" rel=\"prettyPhoto[gallery1]\"><img loading=\"lazy\" decoding=\"async\" class=\"aligncenter\" src=\"https:\/\/legislaturachaco.gob.ar\/control\/archivos\/cache\/00e(1).jpg\" alt=\"La Legislatura chaque\u00f1a homenaje\u00f3 a Alejandro \" width=\"571\" height=\"379\" \/><\/a><\/p>\n<\/div>\n<div><strong>Una vida dedicada al b\u00e1squet<\/strong><\/div>\n<div>\n<p>Alejandro \u201cPuma\u201d Pirota naci\u00f3 el 2 de mayo de 1945 en General Pinedo. Su historia con el b\u00e1squet comenz\u00f3 a los 7 a\u00f1os, en la vieja cancha del Hind\u00fa Club, ubicada en las avenidas Sarmiento y Rioja de Resistencia. A los 15 a\u00f1os debut\u00f3 en primera divisi\u00f3n y desde entonces su nombre qued\u00f3 ligado al deporte provincial.<\/p>\n<p>El \u201cPuma\u201d fue protagonista de m\u00faltiples logros como jugador de Hind\u00fa Club, donde obtuvo t\u00edtulos en 1961, 1971, 1973, 1975 y 1976. Tambi\u00e9n brill\u00f3 como director t\u00e9cnico, consagr\u00e1ndose campe\u00f3n con el equipo en 1986 y 1987. Su carrera incluye pasos destacados por otros clubes como Don Bosco, San Fernando, Don Orione, Regatas Resistencia, Uni\u00f3n Progresista y Boca Juniors, adem\u00e1s de la Selecci\u00f3n Chaque\u00f1a.<\/p>\n<\/div>\n<div>\n<p><a href=\"https:\/\/legislaturachaco.gob.ar\/control\/archivos\/cache\/00d(1).jpg\" rel=\"prettyPhoto[gallery1]\"><img loading=\"lazy\" decoding=\"async\" class=\"aligncenter\" src=\"https:\/\/legislaturachaco.gob.ar\/control\/archivos\/cache\/00d(1).jpg\" alt=\"La Legislatura chaque\u00f1a homenaje\u00f3 a Alejandro \" width=\"491\" height=\"327\" \/><\/a><\/p>\n<\/div>\n<div>A nivel nacional e internacional, su trayectoria sigue vigente. Recientemente, con 80 a\u00f1os, fue capit\u00e1n del seleccionado argentino de Maxib\u00e1squet +80, que obtuvo el cuarto puesto en el Mundial realizado en julio en Suiza, detr\u00e1s de Estados Unidos, Letonia y Alemania. En ese mismo evento, fue nombrado Embajador Mundial del Maxib\u00e1squet por la Federaci\u00f3n Internacional de Maxib\u00e1squetbol (FIMBA).<\/div>\n<div><\/div>\n<div><\/div>\n<div><img decoding=\"async\" src=\"https:\/\/legislaturachaco.gob.ar\/control\/archivos\/\/cache\/00a(1).jpg\" width=\"100%\" height=\"100%\" \/><\/div>\n<\/div>\n<\/div>\n","protected":false},"excerpt":{"rendered":"<p>21-08-2025 La iniciativa, impulsada por el diputado Vargas, destac\u00f3 la figura de Pirota como un s\u00edmbolo del deporte chaque\u00f1o. El homenaje cont\u00f3 con la presencia del Vicepresidente del Instituto del Deporte Chaque\u00f1o, Gabriel Pellegrini; el presidente de la Comisi\u00f3n Directiva del Club Hind\u00fa Luis Cequeira; el vocal del Instituto de Cultura, Marcelo Dojas y Jorge &hellip;<\/p>\n","protected":false},"author":2,"featured_media":24108,"comment_status":"open","ping_status":"open","sticky":false,"template":"","format":"standard","meta":{"footnotes":""},"categories":[3],"tags":[],"class_list":["post-24106","post","type-post","status-publish","format-standard","has-post-thumbnail","hentry","category-basquetbol"],"_links":{"self":[{"href":"https:\/\/www.sportchaco.com.ar\/index.php?rest_route=\/wp\/v2\/posts\/24106","targetHints":{"allow":["GET"]}}],"collection":[{"href":"https:\/\/www.sportchaco.com.ar\/index.php?rest_route=\/wp\/v2\/posts"}],"about":[{"href":"https:\/\/www.sportchaco.com.ar\/index.php?rest_route=\/wp\/v2\/types\/post"}],"author":[{"embeddable":true,"href":"https:\/\/www.sportchaco.com.ar\/index.php?rest_route=\/wp\/v2\/users\/2"}],"replies":[{"embeddable":true,"href":"https:\/\/www.sportchaco.com.ar\/index.php?rest_route=%2Fwp%2Fv2%2Fcomments&post=24106"}],"version-history":[{"count":6,"href":"https:\/\/www.sportchaco.com.ar\/index.php?rest_route=\/wp\/v2\/posts\/24106\/revisions"}],"predecessor-version":[{"id":24125,"href":"https:\/\/www.sportchaco.com.ar\/index.php?rest_route=\/wp\/v2\/posts\/24106\/revisions\/24125"}],"wp:featuredmedia":[{"embeddable":true,"href":"https:\/\/www.sportchaco.com.ar\/index.php?rest_route=\/wp\/v2\/media\/24108"}],"wp:attachment":[{"href":"https:\/\/www.sportchaco.com.ar\/index.php?rest_route=%2Fwp%2Fv2%2Fmedia&parent=24106"}],"wp:term":[{"taxonomy":"category","embeddable":true,"href":"https:\/\/www.sportchaco.com.ar\/index.php?rest_route=%2Fwp%2Fv2%2Fcategories&post=24106"},{"taxonomy":"post_tag","embeddable":true,"href":"https:\/\/www.sportchaco.com.ar\/index.php?rest_route=%2Fwp%2Fv2%2Ftags&post=24106"}],"curies":[{"name":"wp","href":"https:\/\/api.w.org\/{rel}","templated":true}]}}