{"id":24117,"date":"2025-08-21T18:19:26","date_gmt":"2025-08-21T21:19:26","guid":{"rendered":"https:\/\/www.sportchaco.com.ar\/?p=24117"},"modified":"2025-08-21T18:30:10","modified_gmt":"2025-08-21T21:30:10","slug":"manuel-lanzini-se-suma-a-velez","status":"publish","type":"post","link":"https:\/\/www.sportchaco.com.ar\/?p=24117","title":{"rendered":"Manuel Lanzini se suma a  V\u00e9lez"},"content":{"rendered":"<div class=\"nota__heading\">\n<h5 class=\"nota__heading__title\"><span style=\"font-size: 16px; font-weight: 400;\">\u00a021-agosto-2025<\/span><\/h5>\n<h5 class=\"nota__heading__title\">Ya es oficial: Manuel Lanzini, otro ex River que refuerza a V\u00e9lez. El volante ofensivo es otro de los varios futbolistas que pasaron por N\u00fa\u00f1ez que ahora se mudaron a Liniers.<\/h5>\n<div class=\"nota__heading__author\">\n<p>&nbsp;<\/p>\n<\/div>\n<\/div>\n<div class=\"nota__main-media\">\n<div class=\"nota__image\"><\/div>\n<div class=\"nota__main-media__legend\"><\/div>\n<\/div>\n<div class=\"nota__body\">\n<div class=\"container\">\n<div class=\"row\">\n<div class=\"eg-grid eg-grid--content\">\n<div class=\"eg-cell__1-1\">\n<div class=\"col-xs-24 col-sm-4 eg-social eg-social--vert\">\n<div class=\"addthis_sharing_toolbox nota_body_social\"><\/div>\n<\/div>\n<\/div>\n<div class=\"eg-cell__2-1\">\n<p><span style=\"color: #000000;\"><a style=\"color: #000000;\" href=\"https:\/\/www.elgrafico.com.ar\/etiqueta\/velez\" target=\"_blank\" rel=\"noopener\">V\u00c9LEZ<\/a>\u00a0concret\u00f3\u00a0despu\u00e9s de varios d\u00edas lo que era un secreto a voces:\u00a0la llegada de\u00a0<a style=\"color: #000000;\" href=\"https:\/\/www.elgrafico.com.ar\/etiqueta\/manuel%20lanzini\" target=\"_blank\" rel=\"noopener\">Manuel Lanzini<\/a>\u00a0desde River\u00a0para reforzar al equipo en la faceta de la creaci\u00f3n de juego, un punto que estaba pendiente en la estructura del entrenador\u00a0<a style=\"color: #000000;\" href=\"https:\/\/www.elgrafico.com.ar\/etiqueta\/guillermo%20barros%20schelotto\" target=\"_blank\" rel=\"noopener\">Guillermo Barros Schelotto<\/a>.<\/span><\/p>\n<p><span style=\"color: #000000;\">Relegado por\u00a0<a style=\"color: #000000;\" href=\"https:\/\/www.elgrafico.com.ar\/etiqueta\/marcelo%20gallardo\" target=\"_blank\" rel=\"noopener\">Marcelo Gallardo<\/a>\u00a0e incluso excluido de la lista de buena fe de para la Copa Libertadores, Lanzini es\u00a0otro de los varios jugadores con pasado en N\u00fa\u00f1ez que se plegaron al Fort\u00edn, como sucedi\u00f3 hace un par de semanas con\u00a0Rodrigo Aliendro\u00a0y viene ocurriendo desde 2023 con\u00a0El\u00edas G\u00f3mez, Brian Romero, Agust\u00edn Mammana y Tom\u00e1s Galv\u00e1n.<\/span><\/p>\n<p>&nbsp;<\/p>\n<div class=\"twitter-tweet twitter-tweet-rendered\"><img decoding=\"async\" src=\"https:\/\/pbs.twimg.com\/media\/Gy5QipvXAAAJOhm?format=jpg&amp;name=small\" alt=\"Imagen\" \/><\/div>\n<p>&nbsp;<\/p>\n<p>Quien tambi\u00e9n fuera jugador de West Ham en la Premier League firm\u00f3 un\u00a0contrato por 18 meses\u00a0y la entidad Velezana pact\u00f3 una\u00a0transferencia a costo cero, ya que si hubiera llegado en libertad de acci\u00f3n s\u00f3lo podr\u00eda ser tenido en cuenta para la Copa Libertadores y no en el Torneo Clausura.<\/p>\n<p>En su\u00a0segunda etapa en la Banda Roja, que no tuvo rendimientos de relevancia, particip\u00f3 en\u00a059 partidos y convirti\u00f3 dos tantos: uno a Boca\u00a0para ganar el Supercl\u00e1sico en 2024 y otro a Independiente del Valle.<\/p>\n<p>&nbsp;<\/p>\n<\/div>\n<\/div>\n<\/div>\n<\/div>\n<\/div>\n","protected":false},"excerpt":{"rendered":"<p>\u00a021-agosto-2025 Ya es oficial: Manuel Lanzini, otro ex River que refuerza a V\u00e9lez. El volante ofensivo es otro de los varios futbolistas que pasaron por N\u00fa\u00f1ez que ahora se mudaron a Liniers. &nbsp; V\u00c9LEZ\u00a0concret\u00f3\u00a0despu\u00e9s de varios d\u00edas lo que era un secreto a voces:\u00a0la llegada de\u00a0Manuel Lanzini\u00a0desde River\u00a0para reforzar al equipo en la faceta de &hellip;<\/p>\n","protected":false},"author":2,"featured_media":24118,"comment_status":"open","ping_status":"open","sticky":false,"template":"","format":"standard","meta":{"footnotes":""},"categories":[47],"tags":[],"class_list":["post-24117","post","type-post","status-publish","format-standard","has-post-thumbnail","hentry","category-nacionales"],"_links":{"self":[{"href":"https:\/\/www.sportchaco.com.ar\/index.php?rest_route=\/wp\/v2\/posts\/24117","targetHints":{"allow":["GET"]}}],"collection":[{"href":"https:\/\/www.sportchaco.com.ar\/index.php?rest_route=\/wp\/v2\/posts"}],"about":[{"href":"https:\/\/www.sportchaco.com.ar\/index.php?rest_route=\/wp\/v2\/types\/post"}],"author":[{"embeddable":true,"href":"https:\/\/www.sportchaco.com.ar\/index.php?rest_route=\/wp\/v2\/users\/2"}],"replies":[{"embeddable":true,"href":"https:\/\/www.sportchaco.com.ar\/index.php?rest_route=%2Fwp%2Fv2%2Fcomments&post=24117"}],"version-history":[{"count":1,"href":"https:\/\/www.sportchaco.com.ar\/index.php?rest_route=\/wp\/v2\/posts\/24117\/revisions"}],"predecessor-version":[{"id":24119,"href":"https:\/\/www.sportchaco.com.ar\/index.php?rest_route=\/wp\/v2\/posts\/24117\/revisions\/24119"}],"wp:featuredmedia":[{"embeddable":true,"href":"https:\/\/www.sportchaco.com.ar\/index.php?rest_route=\/wp\/v2\/media\/24118"}],"wp:attachment":[{"href":"https:\/\/www.sportchaco.com.ar\/index.php?rest_route=%2Fwp%2Fv2%2Fmedia&parent=24117"}],"wp:term":[{"taxonomy":"category","embeddable":true,"href":"https:\/\/www.sportchaco.com.ar\/index.php?rest_route=%2Fwp%2Fv2%2Fcategories&post=24117"},{"taxonomy":"post_tag","embeddable":true,"href":"https:\/\/www.sportchaco.com.ar\/index.php?rest_route=%2Fwp%2Fv2%2Ftags&post=24117"}],"curies":[{"name":"wp","href":"https:\/\/api.w.org\/{rel}","templated":true}]}}