{"id":24160,"date":"2025-08-23T00:47:51","date_gmt":"2025-08-23T03:47:51","guid":{"rendered":"https:\/\/www.sportchaco.com.ar\/?p=24160"},"modified":"2025-08-23T11:47:59","modified_gmt":"2025-08-23T14:47:59","slug":"efemerides-del-23-de-agosto","status":"publish","type":"post","link":"https:\/\/www.sportchaco.com.ar\/?p=24160","title":{"rendered":"Efem\u00e9rides del 23 de agosto"},"content":{"rendered":"<div class=\"container fullwidth-entry-title-wrapper\">\n<div class=\"container-wrapper fullwidth-entry-title\">\n<header class=\"entry-header-outer\">\n<div class=\"entry-header\">\n<h1 class=\"post-title entry-title\"><\/h1>\n<div class=\"single-post-meta post-meta clearfix\"><\/div>\n<\/div>\n<\/header>\n<\/div>\n<\/div>\n<div id=\"content\" class=\"site-content container\">\n<div id=\"main-content-row\" class=\"tie-row main-content-row\">\n<div class=\"main-content tie-col-md-8 tie-col-xs-12\" role=\"main\">\n<article id=\"the-post\" class=\"container-wrapper post-content tie-standard\">\n<div class=\"featured-area\">\n<div class=\"featured-area-inner\">\n<h5 class=\"single-featured-image\"><\/h5>\n<\/div>\n<\/div>\n<div class=\"entry-content entry clearfix\">\n<h5><strong>Esta es la Efem\u00e9rides del Deporte en el Chaco de un 23 de agosto periodista Luis Dar\u00edo Molodezky. Foto portada: Debut y victoriaen el TC del Pato Silva<\/strong><\/h5>\n<p><strong>\u00a0<\/strong><\/p>\n<p><img loading=\"lazy\" decoding=\"async\" class=\"alignnone size-medium wp-image-24136 aligncenter\" src=\"https:\/\/www.sportchaco.com.ar\/wp-content\/uploads\/2024\/08\/Luis-Dario-11-08-2025-7-300x208.jpeg\" alt=\"\" width=\"300\" height=\"208\" srcset=\"https:\/\/www.sportchaco.com.ar\/wp-content\/uploads\/2024\/08\/Luis-Dario-11-08-2025-7-300x208.jpeg 300w, https:\/\/www.sportchaco.com.ar\/wp-content\/uploads\/2024\/08\/Luis-Dario-11-08-2025-7-1024x710.jpeg 1024w, https:\/\/www.sportchaco.com.ar\/wp-content\/uploads\/2024\/08\/Luis-Dario-11-08-2025-7-768x532.jpeg 768w, https:\/\/www.sportchaco.com.ar\/wp-content\/uploads\/2024\/08\/Luis-Dario-11-08-2025-7-1536x1065.jpeg 1536w, https:\/\/www.sportchaco.com.ar\/wp-content\/uploads\/2024\/08\/Luis-Dario-11-08-2025-7.jpeg 1600w\" sizes=\"auto, (max-width: 300px) 100vw, 300px\" \/><\/p>\n<p><strong>\u00a0<\/strong><\/p>\n<p><strong>1936\u00a0<\/strong>\/ Juan Romero del Club Ciclista Resistencia, se impone en la competencia organizada por el Club Ciclista Petit Breton sobre una distancia de 70 kil\u00f3metros, y a un promedio de 27Km\/hora, a pesar del fuerte viento. Segundo fue Adolfo Sosa y tercero Dante Agazzani, ambos del club organizador. El recorrido fue Resistencia, Tirol, Colonia Popular, Puente Fratti, Laguna Blanca, Tirol y Resistencia.<\/p>\n<p><strong>1948\u00a0<\/strong>\/ Independiente Tirol inaugura su propio estadio en Puerto Tirol ante buena cantidad de p\u00fablico. Enfrent\u00f3 a Sarmiento por el Torneo Oficial, con el arbitraje de Aldo Visconti, y perdi\u00f3 por 2 a 0, con sendos tantos de Ram\u00f3n Oliveira (S).<\/p>\n<p><strong>1953\u00a0<\/strong>\/ Se realiza la primera carrera con pilotos nacionales en el Carlos Solveyra Tomkinson de La Rural. Gan\u00f3 Remigio Caldara de R\u00edo Cuarto C\u00f3rdoba con Plymouth, 2) Enrique Sticcolli con Plymouth, y luego aparec\u00eda Facal, Alegr\u00eda, Fuentes, Meneghini y Patat. Se repartieron 31.250 pesos en premios.<\/p>\n<p><b>1959 \/<\/b> Nace en Villa Angela (Chaco) Jose Alvis Wettstein. Se radica en Resistencia para estudiar, egresando en la Facultad de Derecho de la UNNE con el t\u00edtulo de Abogado, ejerciendo su profesi\u00f3n hasta la actualidad. En su adolescencia y mientras resid\u00eda en su ciudad natal, simpatizo con Club Atl\u00e9tico Sportivo Espa\u00f1ol (CASE). En la capital chaque\u00f1a por muchos a\u00f1os fue directivo de Sarmiento, adem\u00e1s de ejercer su representaci\u00f3n legal. Tambi\u00e9n estuvo vinculado a la Liga Chaque\u00f1a de futbol, como consejero y ocupo el cargo de Secretario de dicha instituci\u00f3n.<\/p>\n<p><strong>1998\u00a0<\/strong>\/ Debuta en la primera de Boca Juniors el chaque\u00f1o Christian Gim\u00e9nez. Naci\u00f3 en Resistencia el 1 de febrero de 1981. Realiz\u00f3 las divisiones inferiores en Municipales y Chaco For Ever. Jug\u00f3 en Uni\u00f3n e Independiente. Obtuvo los t\u00edtulos Apertura 98 y Clausura 99 con Boca. Lleg\u00f3 a M\u00e9xico en el 2004 para los Tiburones Rojos de Veracruz, 2005 y 2006 Am\u00e9rica. En el 2006 fue campe\u00f3n de la Sudamericana donde fue figura y autor del gol del triunfo. Fue convocado por Maradona para la Selecci\u00f3n Nacional.<\/p>\n<p><strong>1998\u00a0<\/strong>\/ Debut y victoria en el Turismo Carretera de Juan Manuel Silva a bordo de un Ford Falcon, en el Aut\u00f3dromo de La Plata y a un promedio de 159,672 km a la hora. Ese privilegio s\u00f3lo lo hab\u00edan tenido Ernesto Bessone, Guillermo Ortelli y Jorge Recalde.<\/p>\n<p><strong>2007\u00a0<\/strong>\/ Fallece Hern\u00e1n Harold Piccilli. Fue jugador y dirigente de Hind\u00fa Club, comand\u00f3 varios a\u00f1os la Federaci\u00f3n Chaque\u00f1a de B\u00e1squetbol y fue presidente de la CABB durante dos per\u00edodos. Tambi\u00e9n Intendente de la ciudad de Resistencia.<\/p>\n<p>&nbsp;<\/p>\n<p><img loading=\"lazy\" decoding=\"async\" class=\"attachment-jannah-image-post size-jannah-image-post wp-post-image aligncenter\" src=\"https:\/\/www.sportchaco.com.ar\/wp-content\/uploads\/2024\/08\/Piccilli-1.jpg\" sizes=\"auto, (max-width: 317px) 100vw, 317px\" srcset=\"https:\/\/www.sportchaco.com.ar\/wp-content\/uploads\/2024\/08\/Piccilli-1.jpg 317w, https:\/\/www.sportchaco.com.ar\/wp-content\/uploads\/2024\/08\/Piccilli-1-240x300.jpg 240w\" alt=\"\" width=\"317\" height=\"396\" data-main-img=\"1\" \/><\/p>\n<p><strong> \u00a0 \u00a0 \u00a0 \u00a0 \u00a0 \u00a0 \u00a0Hern\u00e1n Harold Piccilli<\/strong><\/p>\n<\/div>\n<\/article>\n<\/div>\n<\/div>\n<\/div>\n","protected":false},"excerpt":{"rendered":"<p>Esta es la Efem\u00e9rides del Deporte en el Chaco de un 23 de agosto periodista Luis Dar\u00edo Molodezky. Foto portada: Debut y victoriaen el TC del Pato Silva \u00a0 \u00a0 1936\u00a0\/ Juan Romero del Club Ciclista Resistencia, se impone en la competencia organizada por el Club Ciclista Petit Breton sobre una distancia de 70 kil\u00f3metros, &hellip;<\/p>\n","protected":false},"author":2,"featured_media":24182,"comment_status":"open","ping_status":"open","sticky":false,"template":"","format":"standard","meta":{"footnotes":""},"categories":[38,45],"tags":[],"class_list":["post-24160","post","type-post","status-publish","format-standard","has-post-thumbnail","hentry","category-agosto","category-efemerides-dia-por-dia"],"_links":{"self":[{"href":"https:\/\/www.sportchaco.com.ar\/index.php?rest_route=\/wp\/v2\/posts\/24160","targetHints":{"allow":["GET"]}}],"collection":[{"href":"https:\/\/www.sportchaco.com.ar\/index.php?rest_route=\/wp\/v2\/posts"}],"about":[{"href":"https:\/\/www.sportchaco.com.ar\/index.php?rest_route=\/wp\/v2\/types\/post"}],"author":[{"embeddable":true,"href":"https:\/\/www.sportchaco.com.ar\/index.php?rest_route=\/wp\/v2\/users\/2"}],"replies":[{"embeddable":true,"href":"https:\/\/www.sportchaco.com.ar\/index.php?rest_route=%2Fwp%2Fv2%2Fcomments&post=24160"}],"version-history":[{"count":2,"href":"https:\/\/www.sportchaco.com.ar\/index.php?rest_route=\/wp\/v2\/posts\/24160\/revisions"}],"predecessor-version":[{"id":24232,"href":"https:\/\/www.sportchaco.com.ar\/index.php?rest_route=\/wp\/v2\/posts\/24160\/revisions\/24232"}],"wp:featuredmedia":[{"embeddable":true,"href":"https:\/\/www.sportchaco.com.ar\/index.php?rest_route=\/wp\/v2\/media\/24182"}],"wp:attachment":[{"href":"https:\/\/www.sportchaco.com.ar\/index.php?rest_route=%2Fwp%2Fv2%2Fmedia&parent=24160"}],"wp:term":[{"taxonomy":"category","embeddable":true,"href":"https:\/\/www.sportchaco.com.ar\/index.php?rest_route=%2Fwp%2Fv2%2Fcategories&post=24160"},{"taxonomy":"post_tag","embeddable":true,"href":"https:\/\/www.sportchaco.com.ar\/index.php?rest_route=%2Fwp%2Fv2%2Ftags&post=24160"}],"curies":[{"name":"wp","href":"https:\/\/api.w.org\/{rel}","templated":true}]}}