{"id":24167,"date":"2025-08-22T11:37:28","date_gmt":"2025-08-22T14:37:28","guid":{"rendered":"https:\/\/www.sportchaco.com.ar\/?p=24167"},"modified":"2025-08-22T12:30:31","modified_gmt":"2025-08-22T15:30:31","slug":"24167","status":"publish","type":"post","link":"https:\/\/www.sportchaco.com.ar\/?p=24167","title":{"rendered":"Se inicia la sexta, el rojo no podr\u00e1 jugar en su cancha"},"content":{"rendered":"<div class=\"section-2-col article-header\">\n<div class=\"col 2-col\">\n<h2 class=\"h4 ff-16px-w700\"><span style=\"font-size: 16px; font-weight: 400;\">22 de agosto de 2025<\/span><\/h2>\n<h2 class=\"h4 ff-16px-w700\">Se enfrentan este domingo por la sexta fecha del Torneo Clausura tras los incidentes en su cancha, Independiente no podr\u00e1 jugar de local ante Platense, La fecha se inicia hoy.<\/h2>\n<\/div>\n<\/div>\n<div class=\"section-2-col article-main-image\">\n<div class=\"col 1-col hide-on-mobile\">\n<div class=\"article-info \">\n<div class=\"sidebar-separator\">\n<div class=\"date modification-date ff-14px\"><\/div>\n<\/div>\n<\/div>\n<\/div>\n<div class=\"col 2-col\">\n<div class=\"article-main-media-image__container\">\n<div class=\"image-wrapper\">\n<figure><picture><source srcset=\"https:\/\/images.pagina12.com.ar\/styles\/focal_3_2_700x467\/public\/2025-08\/965282-28a-afp.jpg?h=017dbe29&amp;itok=HVH_p2e9\" media=\"(width &gt; 768px)\" \/><source srcset=\"https:\/\/images.pagina12.com.ar\/styles\/focal_3_2_470x313\/public\/2025-08\/965282-28a-afp.jpg?h=017dbe29&amp;itok=rJShrDJf\" media=\"(width &lt;= 768px)\" \/><img decoding=\"async\" class=\" image\" src=\"https:\/\/images.pagina12.com.ar\/styles\/focal_3_2_470x313\/public\/2025-08\/965282-28a-afp.jpg?h=017dbe29&amp;itok=rJShrDJf\" alt=\"Tras los incidentes en su cancha, Independiente no podr\u00e1 jugar de local ante Platense\" \/><\/picture><figcaption><strong><strong>Tras los incidentes en su cancha, Independiente no podr\u00e1 jugar de local ante Platense. Imagen: AFP<\/strong><\/strong>\u00a0<\/figcaption><\/figure>\n<\/div>\n<\/div>\n<\/div>\n<\/div>\n<div class=\"section-2-col article-main-content\">\n<div class=\"col 1-col cxense-articles\"><span data-huuid=\"15194741723210372230\">La sexta fecha del Torneo\u00a0<a class=\"DTlJ6d\" href=\"https:\/\/www.google.com\/search?sca_esv=ce44fb6aa5ce43e4&amp;cs=0&amp;sxsrf=AE3TifMK2qLsO4WbR8d8BUdS4Lf22SCcmA%3A1755872971771&amp;q=Clausura+2025&amp;sa=X&amp;ved=2ahUKEwitnN3F0J6PAxVVHrkGHX7GJq4QxccNegQIAhAB&amp;mstk=AUtExfBl2_EIDVmNOcR2qMd5oj5R3A5jCRbsiGYLXm7EUsjRsi2LObzsnbuZu2RQV6qb2Oe-Y4fqDQAVfg8Jx-sOhO4ezYoPzHaYeZ-faCoieDbioBBlDoS8C3gs0o8g1RIzqiFLTa6gMGJ81NsWnCmS8SAb7E49ato2lEcADejPpwvTN3zPGuGpNsbfWHtgTrN4wv-Zr_vzRxq4srU9nNE0NdRdZUIJuld8kY7K4_JUlZpoJaWysD5QnSPMcclZjWw8qSJxHSW8_8bVaAxizIPwUDvC&amp;csui=3\" target=\"_blank\" rel=\"noopener\" data-hveid=\"CAIQAQ\">Clausura 2025<\/a>\u00a0del f\u00fatbol argentino se est\u00e1 jugando\u00a0<mark class=\"QVRyCf\">entre el viernes 22 y el lunes 25 de agosto de 2025<\/mark>, con partidos destacados como el de Boca Juniors contra Banfield. <\/span><span data-huuid=\"15194741723210373843\">La jornada arranc\u00f3 este viernes con Barracas Central vs.\u00a0<\/span><span data-huuid=\"15194741723210371360\">Defensa y Justicia y Tigre vs.\u00a0<\/span><span data-huuid=\"15194741723210372973\">Independiente Rivadavia, y concluir\u00e1 el lunes con Godoy Cruz vs.\u00a0<\/span><span data-huuid=\"15194741723210374586\">V\u00e9lez y Belgrano vs.\u00a0<\/span><span data-huuid=\"15194741723210372103\">Central C\u00f3rdoba, entre otros encuentros.<\/span><\/div>\n<div><\/div>\n<\/div>\n<div>\n<h2>La programaci\u00f3n de la 6\u00aa jornada del Clausura<\/h2>\n<p><strong>Viernes 22 de agosto<\/strong><\/p>\n<p>15.30 Barracas Central &#8211; Defensa y Justicia (Zona A)<br \/>\n20.00 Tigre &#8211; Indepte. Rivadavia Mza (Zona A)<\/p>\n<p><strong>S\u00e1bado 23 de agosto<\/strong><\/p>\n<p>14.30 San Lorenzo &#8211; Instituto (Zona B)<br \/>\n17.30 Rosario Central &#8211; Newell\u2019s (Interzonal)<br \/>\n20.00 San Mart\u00edn (SJ) &#8211; Gimnasia (Zona B)<br \/>\n20.00 Atl\u00e9tico Tucum\u00e1n &#8211; Talleres (Zona B)<\/p>\n<p><strong>Domingo 24 de agosto<\/strong><\/p>\n<p>14.15 Uni\u00f3n &#8211; Hurac\u00e1n (Zona A)<br \/>\n16.00 Argentinos Juniors &#8211; Racing (Zona A)<br \/>\n18.30 Boca &#8211; Banfield (Zona A)<br \/>\n20.30 Independiente &#8211; Platense (Zona B)<\/p>\n<p><strong>Lunes 25 de agosto<\/strong><\/p>\n<p>15.00 Deportivo Riestra &#8211; Sarmiento (Zona B)<br \/>\n17.00 Godoy Cruz &#8211; V\u00e9lez (Zona B)<br \/>\n19.00 Belgrano &#8211; Central C\u00f3rdoba (Zona A)<br \/>\n19.15 Estudiantes &#8211; Aldosivi (Zona A)<br \/>\n21.15 Lan\u00fas &#8211; River (Zona B)<\/p>\n<\/div>\n<div class=\"section-2-col article-main-content\">\n<div class=\"col 2-col\">\n<div class=\"article-main-content article-text \">\n<p><span style=\"color: #000000;\">\u00bfDONDE JUEGA INDEPENDIENTE?<\/span><\/p>\n<p><span style=\"color: #000000;\">Tras los <a style=\"color: #000000;\" href=\"https:\/\/www.pagina12.com.ar\/851613-liberaron-a-104-hinchas-de-la-u-de-chile-detenidos-tras-los-\">graves incidentes ocurridos durante el partido ante Universidad de Chile por la Copa Sudamericana<\/a>,\u00a0<\/span><strong>Independiente no ser\u00e1 de local en su estadio el pr\u00f3ximo domingo frente a Platense<\/strong>. El encuentro deber\u00e1 disputarse en otro lugar, fuera de la Provincia de Buenos Aires.<\/p>\n<div class=\"slot-available\"><\/div>\n<p>El partido ante \u00abel Calamar\u00bb estaba pactado para este 24 de agosto a las 20.30 por la\u00a0<b>sexta fecha del Torneo Clausura 2025<\/b>. Sin embargo, el ministro de Seguridad bonaerense,\u00a0<b>Javier Alonso<\/b>, confirm\u00f3 que<b>\u00a0el Estadio Libertadores de Am\u00e9rica fue clausurado para realizar las investigaciones correspondientes, por lo que no podr\u00e1 oficiar de local<\/b>.<\/p>\n<p>\u00abEl fiscal pidi\u00f3 la clausura porque<strong>\u00a0hay manchas hep\u00e1ticas en las tribunas y faltan hacerse pericias<\/strong>\u00ab, explic\u00f3 el ministro en di\u00e1logo con Radio 10. De esta manera, aunque el partido se llevar\u00e1 a cabo, el funcionario ratific\u00f3 que\u00a0<strong>no ser\u00e1 en Avellaneda<\/strong>.<\/p>\n<p>En este marco, Alonso explic\u00f3 que el jueves \u00ab<strong>hubo un trabajo muy importante de identificaci\u00f3n<\/strong>\u00bb y precis\u00f3 que<b>\u00a0se iniciaron \u00abunas 20 causas judiciales\u00bb.<\/b><\/p>\n<div class=\"slot-available\"><\/div>\n<p>\u00ab<strong>Hay gente que tiene que rendir cuentas<\/strong>\u00a0porque hay una empresa de seguridad que ten\u00eda que estar y no estuvo.\u00a0<strong>Al coordinador de la Conmebol se le avis\u00f3 tres veces que hab\u00eda que suspender el partido\u00a0<\/strong>y no quiso\u00bb, acus\u00f3.<\/p>\n<\/div>\n<\/div>\n<\/div>\n","protected":false},"excerpt":{"rendered":"<p>22 de agosto de 2025 Se enfrentan este domingo por la sexta fecha del Torneo Clausura tras los incidentes en su cancha, Independiente no podr\u00e1 jugar de local ante Platense, La fecha se inicia hoy. Tras los incidentes en su cancha, Independiente no podr\u00e1 jugar de local ante Platense. Imagen: AFP\u00a0 La sexta fecha del &hellip;<\/p>\n","protected":false},"author":2,"featured_media":24168,"comment_status":"open","ping_status":"open","sticky":false,"template":"","format":"standard","meta":{"footnotes":""},"categories":[47],"tags":[],"class_list":["post-24167","post","type-post","status-publish","format-standard","has-post-thumbnail","hentry","category-nacionales"],"_links":{"self":[{"href":"https:\/\/www.sportchaco.com.ar\/index.php?rest_route=\/wp\/v2\/posts\/24167","targetHints":{"allow":["GET"]}}],"collection":[{"href":"https:\/\/www.sportchaco.com.ar\/index.php?rest_route=\/wp\/v2\/posts"}],"about":[{"href":"https:\/\/www.sportchaco.com.ar\/index.php?rest_route=\/wp\/v2\/types\/post"}],"author":[{"embeddable":true,"href":"https:\/\/www.sportchaco.com.ar\/index.php?rest_route=\/wp\/v2\/users\/2"}],"replies":[{"embeddable":true,"href":"https:\/\/www.sportchaco.com.ar\/index.php?rest_route=%2Fwp%2Fv2%2Fcomments&post=24167"}],"version-history":[{"count":3,"href":"https:\/\/www.sportchaco.com.ar\/index.php?rest_route=\/wp\/v2\/posts\/24167\/revisions"}],"predecessor-version":[{"id":24176,"href":"https:\/\/www.sportchaco.com.ar\/index.php?rest_route=\/wp\/v2\/posts\/24167\/revisions\/24176"}],"wp:featuredmedia":[{"embeddable":true,"href":"https:\/\/www.sportchaco.com.ar\/index.php?rest_route=\/wp\/v2\/media\/24168"}],"wp:attachment":[{"href":"https:\/\/www.sportchaco.com.ar\/index.php?rest_route=%2Fwp%2Fv2%2Fmedia&parent=24167"}],"wp:term":[{"taxonomy":"category","embeddable":true,"href":"https:\/\/www.sportchaco.com.ar\/index.php?rest_route=%2Fwp%2Fv2%2Fcategories&post=24167"},{"taxonomy":"post_tag","embeddable":true,"href":"https:\/\/www.sportchaco.com.ar\/index.php?rest_route=%2Fwp%2Fv2%2Ftags&post=24167"}],"curies":[{"name":"wp","href":"https:\/\/api.w.org\/{rel}","templated":true}]}}