{"id":24195,"date":"2025-08-23T02:35:43","date_gmt":"2025-08-23T05:35:43","guid":{"rendered":"https:\/\/www.sportchaco.com.ar\/?p=24195"},"modified":"2025-08-25T20:28:28","modified_gmt":"2025-08-25T23:28:28","slug":"se-disputo-la-segunda-fecha-del-pre-federal","status":"publish","type":"post","link":"https:\/\/www.sportchaco.com.ar\/?p=24195","title":{"rendered":"Se disput\u00f3 la segunda fecha del Pre-Federal"},"content":{"rendered":"<p><strong>23-08-2025<\/strong><\/p>\n<p><img loading=\"lazy\" decoding=\"async\" class=\"aligncenter size-large wp-image-20490\" src=\"https:\/\/www.sportchaco.com.ar\/wp-content\/uploads\/2025\/06\/728x90-1-1024x127.gif\" sizes=\"auto, (max-width: 1024px) 100vw, 1024px\" srcset=\"https:\/\/www.sportchaco.com.ar\/wp-content\/uploads\/2025\/06\/728x90-1-1024x127.gif 1024w, https:\/\/www.sportchaco.com.ar\/wp-content\/uploads\/2025\/06\/728x90-1-300x37.gif 300w, https:\/\/www.sportchaco.com.ar\/wp-content\/uploads\/2025\/06\/728x90-1-768x96.gif 768w\" alt=\"\" width=\"1024\" height=\"127\" \/><\/p>\n<p>Este viernes se dio por finalizada la 2\u00aa fecha del torneo Pre-Federal de Mayores de la Federaci\u00f3n Chaque\u00f1a de B\u00e1squet.<\/p>\n<p>El jueves hab\u00eda comenzado la actividad en la zona \u00abA\u00bb con el triunfo de Social de Las Bre\u00f1as sobre Acci\u00f3n de S\u00e1enz Pe\u00f1a. Ya el d\u00eda viernes, H\u00e9rcules de Charata dobleg\u00f3 a Regatas Resistencia y Cultural de Santa Sylvina trep\u00f3 a la cima luego de ganar su segundo partido, esta vez ante Don Bosco.<\/p>\n<p>Mientras que en la zona B, los l\u00edderes son Alvear y Progresista, ambos de Villa \u00c1ngela, que derrotaron a Hind\u00fa Club y Espa\u00f1ola de Charata, respectivamente. El otro partido fue con triunfo de Don Orione sobre Juventud de Villa Centenario.<\/p>\n<p><strong>TODA LA 2\u00aa FECHA<\/strong><br \/>\n<strong>Zona A<br \/>\nJueves 21-08<br \/>\n<\/strong>Social 75 \u2013 Acci\u00f3n 72<\/p>\n<p><strong>Viernes 22-08<\/strong><br \/>\nH\u00e9rcules 102 \u2013 Regatas 69<br \/>\nCultural 88 \u2013 Don Bosco 58<\/p>\n<p><strong>Zona B<br \/>\nViernes 22-08<\/strong><br \/>\nHind\u00fa 62 \u2013 Alvear 67<br \/>\nJuventud VC 76 \u2013 Don Orione 89<br \/>\nProgresista 88 \u2013 Espa\u00f1ola 57<\/p>\n<p><strong>Pr\u00f3xima fecha (3\u00aa)<br \/>\nZona A<br \/>\n<\/strong>Acci\u00f3n &#8211; H\u00e9rcules<br \/>\nRegatas &#8211; Don Bosco<br \/>\nSocial &#8211; Cultural<\/p>\n<p><strong>Zona B<\/strong><br \/>\nDon Orione &#8211; Hind\u00fa<br \/>\nAlvear &#8211; Espa\u00f1ola<br \/>\nJuventud VC &#8211; Progresista<\/p>\n<p><strong>POSICIONES<\/strong><br \/>\n<strong>Zona A<\/strong><br \/>\nCultural 4<br \/>\nH\u00e9rcules 3<br \/>\nSocial 3<br \/>\nDon Bosco 3<br \/>\nRegatas 3<br \/>\nAcci\u00f3n 2<\/p>\n<p><strong>Zona B<\/strong><br \/>\nAlvear 4<br \/>\nProgresista 4<br \/>\nEspa\u00f1ola 3<br \/>\nDon Orione 3<br \/>\nJuventud VC 2<br \/>\nHind\u00fa 2<\/p>\n<p><img loading=\"lazy\" decoding=\"async\" class=\"aligncenter size-full wp-image-20252\" src=\"https:\/\/www.sportchaco.com.ar\/wp-content\/uploads\/2025\/06\/BANNER-WEB-CHACO-JUEGA_200x200-1.gif\" alt=\"\" width=\"418\" height=\"417\" \/><\/p>\n","protected":false},"excerpt":{"rendered":"<p>23-08-2025 Este viernes se dio por finalizada la 2\u00aa fecha del torneo Pre-Federal de Mayores de la Federaci\u00f3n Chaque\u00f1a de B\u00e1squet. El jueves hab\u00eda comenzado la actividad en la zona \u00abA\u00bb con el triunfo de Social de Las Bre\u00f1as sobre Acci\u00f3n de S\u00e1enz Pe\u00f1a. Ya el d\u00eda viernes, H\u00e9rcules de Charata dobleg\u00f3 a Regatas Resistencia &hellip;<\/p>\n","protected":false},"author":3,"featured_media":24213,"comment_status":"open","ping_status":"open","sticky":false,"template":"","format":"standard","meta":{"footnotes":""},"categories":[3],"tags":[],"class_list":["post-24195","post","type-post","status-publish","format-standard","has-post-thumbnail","hentry","category-basquetbol"],"_links":{"self":[{"href":"https:\/\/www.sportchaco.com.ar\/index.php?rest_route=\/wp\/v2\/posts\/24195","targetHints":{"allow":["GET"]}}],"collection":[{"href":"https:\/\/www.sportchaco.com.ar\/index.php?rest_route=\/wp\/v2\/posts"}],"about":[{"href":"https:\/\/www.sportchaco.com.ar\/index.php?rest_route=\/wp\/v2\/types\/post"}],"author":[{"embeddable":true,"href":"https:\/\/www.sportchaco.com.ar\/index.php?rest_route=\/wp\/v2\/users\/3"}],"replies":[{"embeddable":true,"href":"https:\/\/www.sportchaco.com.ar\/index.php?rest_route=%2Fwp%2Fv2%2Fcomments&post=24195"}],"version-history":[{"count":4,"href":"https:\/\/www.sportchaco.com.ar\/index.php?rest_route=\/wp\/v2\/posts\/24195\/revisions"}],"predecessor-version":[{"id":24382,"href":"https:\/\/www.sportchaco.com.ar\/index.php?rest_route=\/wp\/v2\/posts\/24195\/revisions\/24382"}],"wp:featuredmedia":[{"embeddable":true,"href":"https:\/\/www.sportchaco.com.ar\/index.php?rest_route=\/wp\/v2\/media\/24213"}],"wp:attachment":[{"href":"https:\/\/www.sportchaco.com.ar\/index.php?rest_route=%2Fwp%2Fv2%2Fmedia&parent=24195"}],"wp:term":[{"taxonomy":"category","embeddable":true,"href":"https:\/\/www.sportchaco.com.ar\/index.php?rest_route=%2Fwp%2Fv2%2Fcategories&post=24195"},{"taxonomy":"post_tag","embeddable":true,"href":"https:\/\/www.sportchaco.com.ar\/index.php?rest_route=%2Fwp%2Fv2%2Ftags&post=24195"}],"curies":[{"name":"wp","href":"https:\/\/api.w.org\/{rel}","templated":true}]}}