{"id":24215,"date":"2025-08-23T10:39:09","date_gmt":"2025-08-23T13:39:09","guid":{"rendered":"https:\/\/www.sportchaco.com.ar\/?p=24215"},"modified":"2025-08-23T10:39:09","modified_gmt":"2025-08-23T13:39:09","slug":"sin-futbol-liguista-este-sabado-2","status":"publish","type":"post","link":"https:\/\/www.sportchaco.com.ar\/?p=24215","title":{"rendered":"Sin f\u00fatbol liguista este s\u00e1bado"},"content":{"rendered":"<p><strong>23-08-2025<\/strong><\/p>\n<p><img loading=\"lazy\" decoding=\"async\" class=\"aligncenter wp-image-20491 size-full\" src=\"https:\/\/www.sportchaco.com.ar\/wp-content\/uploads\/2025\/06\/PARQUE-SOLAR_720x90-01.gif\" alt=\"\" width=\"720\" height=\"90\" \/><\/p>\n<p>La Liga Chaque\u00f1a de F\u00fatbol ha decidido suspender toda la actividad planificada para la tarde del s\u00e1bado a ra\u00edz de las lluvias ca\u00eddas sobre la ciudad de Resistencia en las \u00faltimas horas.<\/p>\n<p>Por lo tanto, el Apertura de Primera Divisi\u00f3n no tendr\u00e1 continuidad de la 20\u00aa fecha, aunque los partidos del d\u00eda domingo a\u00fan se mantienen programados.<\/p>\n<p><strong>TORNEO APERTURA \u00abAM\u00c9RICO MAZZAFERRO\u00bb<br \/>\n<\/strong><b>TODA LA 20\u00aa FECHA<br \/>\nViernes 22-08<br \/>\n<\/b>Bancarios 0 \u2013 Indep. Tirol 1<br \/>\nDon Orione 2 \u2013 Sarmiento 0<b><\/b><b><\/b><\/p>\n<p><b>Domingo 24-08<br \/>\n<\/b>A las 15:30, Villa Alvear \u2013 Rcia. Central<br \/>\nA las 16:30, Central Ben\u00edtez \u2013 Estudiantes<b><\/b><b><\/b><\/p>\n<p><b>A reprogramar<\/b><br \/>\nCUNE \u2013 For Ever, en C. E. de Comercio<br \/>\nDep. Luj\u00e1n \u2013 Fontana<br \/>\nJuventud \u2013 El Nacional<br \/>\nCentral Norte \u2013 Dep. Itat\u00ed<br \/>\nRegional \u2013 Tiro FC<br \/>\nSan Mart\u00edn (MB) \u2013 Policiales<br \/>\nDefensores \u2013 Municipal (MB)<\/p>\n<p><strong>POSICIONES<\/strong><br \/>\nDep. Luj\u00e1n 40<br \/>\nEstudiantes 40<br \/>\nCentral Norte 39<br \/>\nDefensores 35<br \/>\nFontana 34<br \/>\nDon Orione 32<br \/>\nRcia. Central 32<br \/>\nPoliciales 31<br \/>\nSan Mart\u00edn (MB) 30<br \/>\nRegional 28<br \/>\nCentral Ben\u00edtez 24<br \/>\nDep. Itat\u00ed 24<br \/>\nFor Ever 23<br \/>\nBancarios 22<br \/>\nSarmiento 22<br \/>\nJuventud 22<br \/>\nTiro FC 20<br \/>\nEl Nacional 19<br \/>\nIndep. Tirol 19<br \/>\nCUNE 17<br \/>\nVilla Alvear 14<br \/>\nMunicipal (MB) 11<\/p>\n<p><strong>Pr\u00f3xima fecha (20\u00aa \u2013 \u00faltima)<\/strong><br \/>\nPoliciales \u2013 Regional<br \/>\nTiro FC \u2013 Central Norte<br \/>\nIndep. Tirol \u2013 San Mart\u00edn (MB)<br \/>\nDep. Itat\u00ed \u2013 Deportivo Luj\u00e1n<br \/>\nRcia. Central \u2013 Bancarios<br \/>\nFontana \u2013 Don Orione<br \/>\nMunicipal (MB) \u2013 Villa Alvear<br \/>\nSarmiento \u2013 Juventud<br \/>\nFor Ever \u2013 Defensores<br \/>\nEl Nacional \u2013 Central Ben\u00edtez<br \/>\nEstudiantes \u2013 CUNE<\/p>\n<p><img loading=\"lazy\" decoding=\"async\" class=\"aligncenter wp-image-20405 size-full\" src=\"https:\/\/www.sportchaco.com.ar\/wp-content\/uploads\/2025\/06\/BANNER-WEB-CHACO-JUEGA_300x250-1.gif\" alt=\"\" width=\"626\" height=\"522\" \/><\/p>\n","protected":false},"excerpt":{"rendered":"<p>23-08-2025 La Liga Chaque\u00f1a de F\u00fatbol ha decidido suspender toda la actividad planificada para la tarde del s\u00e1bado a ra\u00edz de las lluvias ca\u00eddas sobre la ciudad de Resistencia en las \u00faltimas horas. Por lo tanto, el Apertura de Primera Divisi\u00f3n no tendr\u00e1 continuidad de la 20\u00aa fecha, aunque los partidos del d\u00eda domingo a\u00fan &hellip;<\/p>\n","protected":false},"author":3,"featured_media":13747,"comment_status":"open","ping_status":"open","sticky":false,"template":"","format":"standard","meta":{"footnotes":""},"categories":[5],"tags":[],"class_list":["post-24215","post","type-post","status-publish","format-standard","has-post-thumbnail","hentry","category-futbol"],"_links":{"self":[{"href":"https:\/\/www.sportchaco.com.ar\/index.php?rest_route=\/wp\/v2\/posts\/24215","targetHints":{"allow":["GET"]}}],"collection":[{"href":"https:\/\/www.sportchaco.com.ar\/index.php?rest_route=\/wp\/v2\/posts"}],"about":[{"href":"https:\/\/www.sportchaco.com.ar\/index.php?rest_route=\/wp\/v2\/types\/post"}],"author":[{"embeddable":true,"href":"https:\/\/www.sportchaco.com.ar\/index.php?rest_route=\/wp\/v2\/users\/3"}],"replies":[{"embeddable":true,"href":"https:\/\/www.sportchaco.com.ar\/index.php?rest_route=%2Fwp%2Fv2%2Fcomments&post=24215"}],"version-history":[{"count":1,"href":"https:\/\/www.sportchaco.com.ar\/index.php?rest_route=\/wp\/v2\/posts\/24215\/revisions"}],"predecessor-version":[{"id":24219,"href":"https:\/\/www.sportchaco.com.ar\/index.php?rest_route=\/wp\/v2\/posts\/24215\/revisions\/24219"}],"wp:featuredmedia":[{"embeddable":true,"href":"https:\/\/www.sportchaco.com.ar\/index.php?rest_route=\/wp\/v2\/media\/13747"}],"wp:attachment":[{"href":"https:\/\/www.sportchaco.com.ar\/index.php?rest_route=%2Fwp%2Fv2%2Fmedia&parent=24215"}],"wp:term":[{"taxonomy":"category","embeddable":true,"href":"https:\/\/www.sportchaco.com.ar\/index.php?rest_route=%2Fwp%2Fv2%2Fcategories&post=24215"},{"taxonomy":"post_tag","embeddable":true,"href":"https:\/\/www.sportchaco.com.ar\/index.php?rest_route=%2Fwp%2Fv2%2Ftags&post=24215"}],"curies":[{"name":"wp","href":"https:\/\/api.w.org\/{rel}","templated":true}]}}