{"id":24233,"date":"2025-08-23T12:16:19","date_gmt":"2025-08-23T15:16:19","guid":{"rendered":"https:\/\/www.sportchaco.com.ar\/?p=24233"},"modified":"2025-08-23T17:41:33","modified_gmt":"2025-08-23T20:41:33","slug":"se-suspendio-independiente-vs-platense-por-el-torneo-clausura","status":"publish","type":"post","link":"https:\/\/www.sportchaco.com.ar\/?p=24233","title":{"rendered":"Se suspendi\u00f3 Independiente vs Platense por el Torneo Clausura"},"content":{"rendered":"<div class=\"section-2-col article-header\">\n<div class=\"col 2-col\">\n<h1><\/h1>\n<h5 class=\"h3 ff-20px-w400\">La decisi\u00f3n de suspender el partido entre ndependiente y Platense la tom\u00f3 por la noche la Aprevide, luego de que la fiscal\u00eda a cargo de la investigaci\u00f3n solicitar\u00e1 la clausura del estadio. En el transcurso de la jornada, se baraj\u00f3 jugar sin p\u00fablico y mudar la local\u00eda.<\/h5>\n<div class=\"author\"><\/div>\n<\/div>\n<\/div>\n<div class=\"section-2-col article-main-image\">\n<div class=\"col 1-col hide-on-mobile\">\n<div class=\"article-info \">\n<div class=\"sidebar-separator\">\n<div class=\"date modification-date ff-14px\"><\/div>\n<\/div>\n<\/div>\n<\/div>\n<div class=\"col 2-col\">\n<div class=\"article-main-media-image__container\">\n<div class=\"image-wrapper\"><\/div>\n<\/div>\n<\/div>\n<\/div>\n<div class=\"section-2-col article-main-content\">\n<div class=\"col 1-col cxense-articles\"><\/div>\n<div class=\"col 2-col\">\n<div class=\"article-main-content article-text \">\n<p><span style=\"color: #000000;\">La\u00a0Agencia de Prevenci\u00f3n de Violencia en el Deporte (Aprevide) dispuso la suspensi\u00f3n y reprogramaci\u00f3n del encuentro que Independiente y Platense iban a disputar este domingo por la sexta fecha de la Zona B del Torneo Clausura,\u00a0a ra\u00edz de los\u00a0<a style=\"color: #000000;\" href=\"https:\/\/www.pagina12.com.ar\/851300-las-imagenes-de-los-violentos-incidentes-en-avellaneda\">grav\u00edsimos incidentes sucedidos el mi\u00e9rcoles durante el partido entre Independiente y la Universidad de Chile<\/a>\u00a0por la Copa Sudamericana. De esta manera,\u00a0el partido no se jugar\u00e1 y deber\u00e1 ser reprogramado por la Asociaci\u00f3n del F\u00fatbol Argentino,\u00a0a pesar de que la Justicia inicialmente hab\u00eda dejado abierta a la puerta a que se juegue sin p\u00fablico en Avellaneda o en otro estadio.<\/span><\/p>\n<p><span style=\"color: #000000;\">\u00abDesde el Club Atl\u00e9tico Independiente aceptamos la solicitud de APreViDe para postergar el partido ante el Club Atl\u00e9tico Platense, y que el partido pueda jugarse con p\u00fablico, en nuestra cancha y en la fecha que la justicia disponga\u00bb, inform\u00f3 el club de Avellaneda en la red social X.<\/span><\/p>\n<div id=\"talkFireEvent\"><\/div>\n<div class=\"slot-available\"><\/div>\n<div class=\"iframely-embed medium-embedded-content\" data-html=\"Jmx0O2Jsb2NrcXVvdGUgY2xhc3M9InR3aXR0ZXItdHdlZXQiIGRhdGEtZG50PSJ0cnVlIiBhbGlnbj0iY2VudGVyIiZndDsmbHQ7cCBsYW5nPSJlcyIgZGlyPSJsdHIiJmd0O0Rlc2RlIGVsIENsdWIgQXRsw6l0aWNvIEluZGVwZW5kaWVudGUgYWNlcHRhbW9zIGxhIHNvbGljaXR1ZCBkZSBsYSAmbHQ7YSBocmVmPSJodHRwczovL3QuY28vU3BXbUZoa2REQiImZ3Q7aHR0cHM6Ly90LmNvL1NwV21GaGtkREImbHQ7L2EmZ3Q7IHBhcmEgcG9zdGVyZ2FyIGVsIHBhcnRpZG8gYW50ZSBlbCBDbHViIEF0bMOpdGljbyBQbGF0ZW5zZSwgeSBxdWUgZWwgcGFydGlkbyBwdWVkYSBqdWdhcnNlIGNvbiBww7pibGljbywgZW4gbnVlc3RyYSBjYW5jaGEgeSBlbiBsYSBmZWNoYSBxdWUgbGEganVzdGljaWEgZGlzcG9uZ2EuJmx0O2JyJmd0OyZsdDticiZndDtMb3Mgc29jaW9zIGUgaGluY2hhcyBkZeKApiAmbHQ7YSBocmVmPSJodHRwczovL3QuY28vcDR2VU5vaVdCNCImZ3Q7cGljLnR3aXR0ZXIuY29tL3A0dlVOb2lXQjQmbHQ7L2EmZ3Q7Jmx0Oy9wJmd0OyZhbXA7bWRhc2g7IEMuIEEuIEluZGVwZW5kaWVudGUgKEBJbmRlcGVuZGllbnRlKSAmbHQ7YSBocmVmPSJodHRwczovL3R3aXR0ZXIuY29tL0luZGVwZW5kaWVudGUvc3RhdHVzLzE5NTkwNDgzMTIyODA5NzM0NDI\/cmVmX3NyYz10d3NyYyU1RXRmdyImZ3Q7QXVndXN0IDIzLCAyMDI1Jmx0Oy9hJmd0OyZsdDsvYmxvY2txdW90ZSZndDsKJmx0O3NjcmlwdCBhc3luYyBzcmM9Imh0dHBzOi8vcGxhdGZvcm0udHdpdHRlci5jb20vd2lkZ2V0cy5qcyIgY2hhcnNldD0idXRmLTgiJmd0OyZsdDsvc2NyaXB0Jmd0OwoKJmx0O2RpdiBjbGFzcz0ibWVkaXVtLWluc2VydC1lbWJlZHMtbWV0YSImZ3Q7Jmx0O3NjcmlwdCB0eXBlPSJ0ZXh0L2pzb24iJmd0O3sidXJsIjoiaHR0cHM6Ly90d2l0dGVyLmNvbS9JbmRlcGVuZGllbnRlL3N0YXR1cy8xOTU5MDQ4MzEyMjgwOTczNDQyIiwidHlwZSI6InJpY2giLCJ2ZXJzaW9uIjoiMS4wIiwidGl0bGUiOiJDLiBBLiBJbmRlcGVuZGllbnRlIG9uIFR3aXR0ZXIgLyBYIiwiYXV0aG9yIjoiQy4gQS4gSW5kZXBlbmRpZW50ZSIsImF1dGhvcl91cmwiOiJodHRwczovL3R3aXR0ZXIuY29tL0luZGVwZW5kaWVudGUiLCJwcm92aWRlcl9uYW1lIjoiVHdpdHRlciIsImRlc2NyaXB0aW9uIjoiRGVzZGUgZWwgQ2x1YiBBdGzDqXRpY28gSW5kZXBlbmRpZW50ZSBhY2VwdGFtb3MgbGEgc29saWNpdHVkIGRlIGxhIGh0dHBzOi8vdC5jby9TcFdtRmhrZERCIHBhcmEgcG9zdGVyZ2FyIGVsIHBhcnRpZG8gYW50ZSBlbCBDbHViIEF0bMOpdGljbyBQbGF0ZW5zZSwgeSBxdWUgZWwgcGFydGlkbyBwdWVkYSBqdWdhcnNlIGNvbiBww7pibGljbywgZW4gbnVlc3RyYSBjYW5jaGEgeSBlbiBsYSBmZWNoYSBxdWUgbGEganVzdGljaWEgZGlzcG9uZ2EuTG9zIHNvY2lvcyBlIGhpbmNoYXMgZGXigKYgcGljLnR3aXR0ZXIuY29tL3A0dlVOb2lXQjTigJQgQy4gQS4gSW5kZXBlbmRpZW50ZSAoQEluZGVwZW5kaWVudGUpIEF1Z3VzdCAyMywgMjAyNVxuXG5cbiIsInRodW1ibmFpbF91cmwiOiJodHRwczovL3Bicy50d2ltZy5jb20vbWVkaWEvR3lfd0RzLVhnQUFkd3VyLmpwZzpsYXJnZSIsInRodW1ibmFpbF93aWR0aCI6MTE1MywidGh1bWJuYWlsX2hlaWdodCI6MjA0OCwiY2FjaGVfYWdlIjo4NjQwMCwib3B0aW9ucyI6eyJfaGlkZV9tZWRpYSI6eyJsYWJlbCI6IkhpZGUgcGhvdG9zLCB2aWRlb3MsIGFuZCBjYXJkcyIsInZhbHVlIjpmYWxzZX0sIl90aGVtZSI6eyJ2YWx1ZSI6IiIsInZhbHVlcyI6eyJkYXJrIjoiVXNlIGRhcmsgdGhlbWUifX0sIl9tYXh3aWR0aCI6eyJ2YWx1ZSI6IiIsImxhYmVsIjoiQWRqdXN0IHdpZHRoIiwicGxhY2Vob2xkZXIiOiIyMjAtNTUwLCBpbiBweCJ9fX0mbHQ7L3NjcmlwdCZndDsmbHQ7L2RpdiZndDs=\">\n<div class=\"iframely-embed\">\n<div class=\"iframely-responsive\"><iframe src=\"https:\/\/iframely.pagina12.com.ar\/api\/iframe?url=https%3A%2F%2Ftwitter.com%2FIndependiente%2Fstatus%2F1959048312280973442&amp;v=1&amp;app=1&amp;key=4676b5fdc083257ea87f71608c74e9fe&amp;playerjs=1\" allowfullscreen=\"allowfullscreen\" data-mce-fragment=\"1\"><\/iframe><\/div>\n<\/div>\n<\/div>\n<p><span style=\"color: #000000;\">\u00abLos socios e hinchas de Independiente fueron v\u00edctimas\u00a0de lo ocurrido en el partido ante la Universidad de Chile y nuestro compromiso es que puedan asistir a su cancha a alentar al equipo\u00bb, sentenci\u00f3 el mensaje.<\/span><\/p>\n<p><span style=\"color: #000000;\">La Fiscal\u00eda N\u00b0 4 de Avellaneda\u00a0que investiga los hechos hab\u00eda solicitado previamente\u00a0la clausura y suspensi\u00f3n del estadio Libertadores de\u00a0Am\u00e9rica-Ricardo\u00a0Bochini.\u00a0Ante lo cual, el Juzgado de Garant\u00edas N\u00b03, a cargo de Jos\u00e9 Luis Arabito, determin\u00f3 que\u00a0el club de Avellaneda pod\u00eda jugar en el lugar pero solo a puertas cerradas. Adem\u00e1s dej\u00f3 abierta la posibilidad de que se mude la local\u00eda, en cuyo caso los\u00a0hinchas podr\u00edan haber concurrido normalmente.<\/span><\/p>\n<div class=\"slot-available\"><\/div>\n<p><span style=\"color: #000000;\">Como la investigaci\u00f3n todav\u00eda no ha terminado,\u00a0el escenario en la tribuna Pavoni sigue tal cual\u00a0qued\u00f3 tras la maldita noche del mi\u00e9rcoles: con las puertas arrancadas, portones, baldosas, restos de inodoro y de bachas tirados en el piso, un puesto de comida desmantelado, roturas en un dep\u00f3sito de art\u00edculos de limpieza que dej\u00f3 palos de escoba y baldes tirados y ca\u00f1os de agua y conexiones el\u00e9ctricas afectadas.<\/span><\/p>\n<p><span style=\"color: #000000;\">Entre tanto,\u00a0no surgieron novedades desde la sede de Conmebol en Luque (Paraguay) respecto de la sanci\u00f3n que recibir\u00e1n ambos clubes\u00a0por los desordenes y hechos de violencia producidos por sus barras bravas.\u00a0Las autoridades de Independiente descuentan que el equipo quedar\u00e1 eliminado de esta edici\u00f3n de la Copa Sudamericana\u00a0pero tratan de evitar sanciones para los pr\u00f3ximos a\u00f1os\u00a0como la prohibici\u00f3n de intervenir en las copas internacionales o la obligaci\u00f3n de jugar a puertas cerradas.<\/span><\/p>\n<div class=\"slot-available\"><\/div>\n<p><span style=\"color: #000000;\">Seg\u00fan trascendi\u00f3,\u00a0el ente disciplinario de Conmebol se tomar\u00e1 su tiempo para evaluar todo el material probatorio y adoptar decisiones. El tiempo corre a su favor: los cuartos de final de la Copa Sudamericana comenzar\u00e1n a jugarse reci\u00e9n a partir del martes 16 de septiembre. Por la noche de este viernes\u00a0trascendi\u00f3 desde Paraguay el documento de apertura del expediente<a style=\"color: #000000;\" href=\"https:\/\/www.tycsports.com\/independiente\/fifa-conmebol-gobiernos-y-mas-que-dice-cada-uno-del-caos-en-independiente-vs-u-de-chile-id681160.html\" target=\"_blank\" rel=\"noopener\">,<\/a>\u00a0que incluye los\u00a0testimonios del \u00e1rbitro del partido,\u00a0Gustavo Tejera,\u00a0del funcionario\u00a0Michael S\u00e1nchez Alvarenga, veedor delegado de la Confederaci\u00f3n Sudamericana,\u00a0y el\u00a0oficial de seguridad,\u00a0cuyo nombre no fue consignado.<\/span><\/p>\n<p><span style=\"color: #000000;\">M\u00e1s all\u00e1 de los hechos ya conocidos, la versi\u00f3n de los funcionarios\u00a0reconoce la violencia desatada por los barras chilenos. Pero tambi\u00e9n responsabiliza a\u00a0la Polic\u00eda Bonaerense, que se neg\u00f3 a intervenir pese a\u00a0la sucesi\u00f3n de pedidos que recibi\u00f3\u00a0en pos de evitar males mayores y en aplicaci\u00f3n de su propio<\/span> protocolo interno.<\/p>\n<\/div>\n<\/div>\n<\/div>\n","protected":false},"excerpt":{"rendered":"<p>La decisi\u00f3n de suspender el partido entre ndependiente y Platense la tom\u00f3 por la noche la Aprevide, luego de que la fiscal\u00eda a cargo de la investigaci\u00f3n solicitar\u00e1 la clausura del estadio. En el transcurso de la jornada, se baraj\u00f3 jugar sin p\u00fablico y mudar la local\u00eda. La\u00a0Agencia de Prevenci\u00f3n de Violencia en el Deporte &hellip;<\/p>\n","protected":false},"author":2,"featured_media":24234,"comment_status":"open","ping_status":"open","sticky":false,"template":"","format":"standard","meta":{"footnotes":""},"categories":[47],"tags":[],"class_list":["post-24233","post","type-post","status-publish","format-standard","has-post-thumbnail","hentry","category-nacionales"],"_links":{"self":[{"href":"https:\/\/www.sportchaco.com.ar\/index.php?rest_route=\/wp\/v2\/posts\/24233","targetHints":{"allow":["GET"]}}],"collection":[{"href":"https:\/\/www.sportchaco.com.ar\/index.php?rest_route=\/wp\/v2\/posts"}],"about":[{"href":"https:\/\/www.sportchaco.com.ar\/index.php?rest_route=\/wp\/v2\/types\/post"}],"author":[{"embeddable":true,"href":"https:\/\/www.sportchaco.com.ar\/index.php?rest_route=\/wp\/v2\/users\/2"}],"replies":[{"embeddable":true,"href":"https:\/\/www.sportchaco.com.ar\/index.php?rest_route=%2Fwp%2Fv2%2Fcomments&post=24233"}],"version-history":[{"count":2,"href":"https:\/\/www.sportchaco.com.ar\/index.php?rest_route=\/wp\/v2\/posts\/24233\/revisions"}],"predecessor-version":[{"id":24236,"href":"https:\/\/www.sportchaco.com.ar\/index.php?rest_route=\/wp\/v2\/posts\/24233\/revisions\/24236"}],"wp:featuredmedia":[{"embeddable":true,"href":"https:\/\/www.sportchaco.com.ar\/index.php?rest_route=\/wp\/v2\/media\/24234"}],"wp:attachment":[{"href":"https:\/\/www.sportchaco.com.ar\/index.php?rest_route=%2Fwp%2Fv2%2Fmedia&parent=24233"}],"wp:term":[{"taxonomy":"category","embeddable":true,"href":"https:\/\/www.sportchaco.com.ar\/index.php?rest_route=%2Fwp%2Fv2%2Fcategories&post=24233"},{"taxonomy":"post_tag","embeddable":true,"href":"https:\/\/www.sportchaco.com.ar\/index.php?rest_route=%2Fwp%2Fv2%2Ftags&post=24233"}],"curies":[{"name":"wp","href":"https:\/\/api.w.org\/{rel}","templated":true}]}}