{"id":24294,"date":"2025-08-24T12:32:47","date_gmt":"2025-08-24T15:32:47","guid":{"rendered":"https:\/\/www.sportchaco.com.ar\/?p=24294"},"modified":"2025-08-24T12:32:47","modified_gmt":"2025-08-24T15:32:47","slug":"moto-gp-marc-marquez-y-nadie-mas-en-el-gp-de-hungria","status":"publish","type":"post","link":"https:\/\/www.sportchaco.com.ar\/?p=24294","title":{"rendered":"Moto GP: Marc M\u00e1rquez y nadie m\u00e1s en el GP de Hungr\u00eda"},"content":{"rendered":"<header class=\"a_e _g _g-xs\">\n<div class=\"a_e_txt _df\">\n<h1 class=\"a_t\">24-08-2025<\/h1>\n<h2 class=\"a_st\">El piloto de Ducati contin\u00faa su marcha triunfal rumbo al noveno t\u00edtulo despu\u00e9s de triturar al resto de competidores en el estreno de Balaton Park<\/h2>\n<\/div>\n<div class=\"a_e_m\">\n<figure class=\"a_m a_m-h \"><span class=\"a_m_w _db\"><img loading=\"lazy\" decoding=\"async\" class=\"_re  a_m-h\" src=\"https:\/\/imagenes.elpais.com\/resizer\/v2\/U3GQRCJIJJPG3EXMVVIVNLUKZM.jpg?auth=57a18e8ac70d0a009d646f0791969365b20502f88257a5b094c155101644bc79&amp;width=414\" sizes=\"auto, (min-width:1199px)1155px,(min-width:1001px)95vw,(min-width:768px)767px,100vw\" srcset=\"https:\/\/imagenes.elpais.com\/resizer\/v2\/U3GQRCJIJJPG3EXMVVIVNLUKZM.jpg?auth=57a18e8ac70d0a009d646f0791969365b20502f88257a5b094c155101644bc79&amp;width=414 414w,https:\/\/imagenes.elpais.com\/resizer\/v2\/U3GQRCJIJJPG3EXMVVIVNLUKZM.jpg?auth=57a18e8ac70d0a009d646f0791969365b20502f88257a5b094c155101644bc79&amp;width=828 640w,https:\/\/imagenes.elpais.com\/resizer\/v2\/U3GQRCJIJJPG3EXMVVIVNLUKZM.jpg?auth=57a18e8ac70d0a009d646f0791969365b20502f88257a5b094c155101644bc79&amp;width=980 1000w,https:\/\/imagenes.elpais.com\/resizer\/v2\/U3GQRCJIJJPG3EXMVVIVNLUKZM.jpg?auth=57a18e8ac70d0a009d646f0791969365b20502f88257a5b094c155101644bc79&amp;width=1200 1200w\" alt=\"Marc M\u00e1rquez GP de Hungr\u00eda de MotoGP\" width=\"414\" height=\"265\" \/><\/span><figcaption class=\"a_m_p\" aria-hidden=\"true\">Marc M\u00e1rquez descorcha el espumoso en el podio del circuito de Balaton Park tras una nueva victoria en MotoGP.<span class=\"a_m_m\">Bernadett Szabo (REUTERS)<\/span><\/figcaption><\/figure>\n<\/div>\n<\/header>\n<div class=\"a_md _g _g-xs \">\n<figure class=\"a_md_i a_m-h c_m--nf\"><span class=\"a_m_w _db\"><img loading=\"lazy\" decoding=\"async\" class=\"_re lazyload a_m-h\" src=\"https:\/\/imagenes.elpais.com\/resizer\/v2\/https%3A%2F%2Fauthor-service-images-prod-us-east-1.publishing.aws.arc.pub%2Fprisa%2F301fa653-9d70-4070-af7e-7ba911b5fa0d.png?auth=d8ec52252d45dc2ca5f8e92b5a11f1247adc028099f8b4cc1193be164eaa7876&amp;width=100&amp;height=100&amp;smart=true\" alt=\"Guille \u00c1lvarez\" width=\"100\" height=\"100\" \/><\/span><\/figure>\n<div class=\"a_md_txt\">\n<div class=\"a_md_a\" data-dtm-region=\"articulo_firma\"><a class=\"a_md_a_n\" title=\"Ver todas las noticias de Guille \u00c1lvarez\" href=\"https:\/\/elpais.com\/autor\/guillermo-alvarez-sanchez\/#?rel=author_top\">Fuente: Guille \u00c1lvarez -El Pa\u00eds de Espa\u00f1a<\/a><\/div>\n<\/div>\n<\/div>\n<div class=\"a_c clearfix\" data-dtm-region=\"articulo_cuerpo\">\n<p class=\"\">Cuando<a title=\"https:\/\/elpais.com\/deportes\/motociclismo\/2025-08-22\/el-paddock-no-se-fia-de-su-nuevo-circuito-la-pista-del-gp-de-hungria-es-demasiado-lenta-y-estrecha.html\" href=\"https:\/\/elpais.com\/deportes\/motociclismo\/2025-08-22\/el-paddock-no-se-fia-de-su-nuevo-circuito-la-pista-del-gp-de-hungria-es-demasiado-lenta-y-estrecha.html\" target=\"_self\" rel=\"\" data-link-track-dtm=\"\">\u00a0los pilotos llegan a un circuito nuevo<\/a>, todos sonr\u00eden ante la oportunidad que siempre presenta un lienzo en blanco. Habitualmente, los estrenos suelen dar algo m\u00e1s de peso al talento humano y reducir el impacto de la maquinaria y la tecnolog\u00eda. Con Marc M\u00e1rquez en pista y en plenitud de facultades, sin embargo, el GP de Hungr\u00eda volvi\u00f3 a ser una demostraci\u00f3n de poder\u00edo del ocho veces campe\u00f3n del mundo. El l\u00edder del certamen, en perfecta simbiosis con la Desmosedici GP de Ducati, sum\u00f3 su s\u00e9ptimo pleno de victorias consecutivo y sigue precipitando la confirmaci\u00f3n matem\u00e1tica de su reconquista en MotoGP.<\/p>\n<p class=\"\">Con 32 a\u00f1os, insaciable como en sus inicios, pero maduro y experimentado como nunca, M\u00e1rquez supo c\u00f3mo superar un arranque peliagudo este domingo para imponerse sobradamente en Balaton Park. El lento y revirado circuito h\u00fangaro asisti\u00f3 a otra exhibici\u00f3n del 93, que a punto estuvo de irse al suelo en su lucha con Marco Bezzecchi en la salida. El italiano de Aprilia, una vez voluntarioso en su esfuerzo para plantar cara al tirano de la categor\u00eda reina, se impuso en la arrancada y no se arrug\u00f3 cuando el l\u00edder busc\u00f3 un interior y termin\u00f3 impactando con su carenado. Marc tuvo que erguirse para evitar la ca\u00edda, perdi\u00f3 otras dos posiciones y \u2018Bez\u2019 se escap\u00f3 en cabeza en solitario, el guion habitual de las \u00faltimas pruebas largas.<\/p>\n<div id=\"elpais_gpt-INTEXT\"><\/div>\n<aside class=\"a_ei\">\n<div class=\"a_ei_r _g _g-xs \"><\/div>\n<\/aside>\n<p class=\"\">Poco tard\u00f3 M\u00e1rquez en iniciar su remontada rumbo a la d\u00e9cima victoria del curso en domingo, ya a tres de su mejor registro hist\u00f3rico (2014). En la quinta vuelta, superado el susto, el piloto de Cervera dio cuenta de Franco Morbidelli y disfrut\u00f3 de unos instantes de aire limpio, con Bezzecchi destacado a un segundo. En un par de giros, ya estaba pegado al col\u00edn de la Aprilia y en la vuelta ocho le meti\u00f3 la moto. El pupilo de Valentino Rossi, atrevido como pocos, se resisti\u00f3 al movimiento y aprovech\u00f3 la estrechez del trazado para recuperar el liderato de inmediato en dos chicanes seguidas. El 93, como ya hizo en Austria, no insisti\u00f3 m\u00e1s de la cuenta y esper\u00f3 un poco m\u00e1s hasta que la ca\u00edda de las gomas le dieran una ventaja definitiva.<\/p>\n<p class=\"\">Fue en la vuelta 11 cuando M\u00e1rquez consolid\u00f3 en la primera curva su movimiento ganador y\u00a0<a title=\"https:\/\/elpais.com\/deportes\/motociclismo\/2025-08-23\/marc-marquez-aplasta-a-la-parrilla-entera-en-el-gp-de-hungria.html\" href=\"https:\/\/elpais.com\/deportes\/motociclismo\/2025-08-23\/marc-marquez-aplasta-a-la-parrilla-entera-en-el-gp-de-hungria.html\" target=\"_self\" rel=\"\" data-link-track-dtm=\"\">escap\u00f3 sin remedio hacia su decimocuarto triunfo seguido\u00a0<\/a>si contamos \u2018sprints\u2019 y grandes premios. Demoledor y brutal, el 93 emergi\u00f3 otra vez m\u00e1s l\u00edder despu\u00e9s de\u00a0<a title=\"https:\/\/elpais.com\/deportes\/motociclismo\/2025-07-10\/alex-marquez-no-tira-la-toalla-ni-lesionado-cuando-luchas-por-el-campeonato-quieres-volver-cuanto-antes.html\" href=\"https:\/\/elpais.com\/deportes\/motociclismo\/2025-07-10\/alex-marquez-no-tira-la-toalla-ni-lesionado-cuando-luchas-por-el-campeonato-quieres-volver-cuanto-antes.html\" target=\"_blank\" rel=\"noopener noreferrer\" data-link-track-dtm=\"\">la ca\u00edda de su hermano \u00c1lex M\u00e1rquez en la segunda vuelta de la contienda<\/a>. 175 puntos le separan ahora del peque\u00f1o de la familia, que levant\u00f3 la moto y rescat\u00f3 un par de puntos en su batalla por el subcampeonato. Con el GP de Catalu\u00f1a en el horizonte, de llegar con 185 de margen a la cita de mediados de septiembre en Misano, Marc tendr\u00eda bola de partido en Italia, todav\u00eda con siete pruebas por disputarse.<\/p>\n<p class=\"\">En el mundo de los mortales, el relato de la carrera lo redondearon las remontadas notables de otros dos pilotos espa\u00f1oles. Pedro Acosta, que ha encontrado el rumbo adecuado con la KTM, termin\u00f3 en segunda plaza despu\u00e9s de partir s\u00e9ptimo, mientras el podio lo complet\u00f3 el voluntarioso Bezzecchi. Justo por detr\u00e1s de su compa\u00f1ero de garaje,\u00a0<a title=\"https:\/\/elpais.com\/deportes\/motociclismo\/2025-07-09\/jorge-martin-vuelve-a-subirse-a-una-motogp-tres-meses-despues.html\" href=\"https:\/\/elpais.com\/deportes\/motociclismo\/2025-07-09\/jorge-martin-vuelve-a-subirse-a-una-motogp-tres-meses-despues.html\" target=\"_self\" rel=\"\" data-link-track-dtm=\"\">el campe\u00f3n del mundo reinante, Jorge Mart\u00edn, firm\u00f3 su mejor resultado con Aprilia<\/a>, una cuarta plaza que lleg\u00f3 despu\u00e9s de remontar 12 posiciones en pista. Luca Marini, quinto con la Honda, tambi\u00e9n firm\u00f3 un resultado que da esperanza a la f\u00e1brica japonesa, en horas bajas desde que M\u00e1rquez sufri\u00f3 su devastadora lesi\u00f3n en el h\u00famero en el GP de Espa\u00f1a de 2020.<\/p>\n<p class=\"\"><a title=\"https:\/\/elpais.com\/deportes\/motociclismo\/2025-08-23\/la-frustracion-acorrala-a-pecco-bagnaia-incapaz-de-replicar-a-marc-marquez.html\" href=\"https:\/\/elpais.com\/deportes\/motociclismo\/2025-08-23\/la-frustracion-acorrala-a-pecco-bagnaia-incapaz-de-replicar-a-marc-marquez.html\" target=\"_self\" rel=\"\" data-link-track-dtm=\"\">Pecco Bagnaia, en su peor bache competitivo en m\u00e1s de tres a\u00f1os<\/a>, encaden\u00f3 su tercer fin de semana seguido sin podio, terminando noveno despu\u00e9s de partir en decimotercera plaza. El tricampe\u00f3n italiano, que cuenta con los mismos recursos humanos y t\u00e9cnicos que el l\u00edder del campeonato, sigue sumergido en un abismo inexplicable, incapaz de acercarse a los tiempos del gran dominador del certamen. Ni \u00e9l, con la misma moto, ni nadie est\u00e1n a la altura de M\u00e1rquez este a\u00f1o.<\/p>\n<\/div>\n","protected":false},"excerpt":{"rendered":"<p>24-08-2025 El piloto de Ducati contin\u00faa su marcha triunfal rumbo al noveno t\u00edtulo despu\u00e9s de triturar al resto de competidores en el estreno de Balaton Park Marc M\u00e1rquez descorcha el espumoso en el podio del circuito de Balaton Park tras una nueva victoria en MotoGP.Bernadett Szabo (REUTERS) Fuente: Guille \u00c1lvarez -El Pa\u00eds de Espa\u00f1a Cuando\u00a0los &hellip;<\/p>\n","protected":false},"author":2,"featured_media":24295,"comment_status":"open","ping_status":"open","sticky":false,"template":"","format":"standard","meta":{"footnotes":""},"categories":[59],"tags":[],"class_list":["post-24294","post","type-post","status-publish","format-standard","has-post-thumbnail","hentry","category-motociclismo"],"_links":{"self":[{"href":"https:\/\/www.sportchaco.com.ar\/index.php?rest_route=\/wp\/v2\/posts\/24294","targetHints":{"allow":["GET"]}}],"collection":[{"href":"https:\/\/www.sportchaco.com.ar\/index.php?rest_route=\/wp\/v2\/posts"}],"about":[{"href":"https:\/\/www.sportchaco.com.ar\/index.php?rest_route=\/wp\/v2\/types\/post"}],"author":[{"embeddable":true,"href":"https:\/\/www.sportchaco.com.ar\/index.php?rest_route=\/wp\/v2\/users\/2"}],"replies":[{"embeddable":true,"href":"https:\/\/www.sportchaco.com.ar\/index.php?rest_route=%2Fwp%2Fv2%2Fcomments&post=24294"}],"version-history":[{"count":1,"href":"https:\/\/www.sportchaco.com.ar\/index.php?rest_route=\/wp\/v2\/posts\/24294\/revisions"}],"predecessor-version":[{"id":24296,"href":"https:\/\/www.sportchaco.com.ar\/index.php?rest_route=\/wp\/v2\/posts\/24294\/revisions\/24296"}],"wp:featuredmedia":[{"embeddable":true,"href":"https:\/\/www.sportchaco.com.ar\/index.php?rest_route=\/wp\/v2\/media\/24295"}],"wp:attachment":[{"href":"https:\/\/www.sportchaco.com.ar\/index.php?rest_route=%2Fwp%2Fv2%2Fmedia&parent=24294"}],"wp:term":[{"taxonomy":"category","embeddable":true,"href":"https:\/\/www.sportchaco.com.ar\/index.php?rest_route=%2Fwp%2Fv2%2Fcategories&post=24294"},{"taxonomy":"post_tag","embeddable":true,"href":"https:\/\/www.sportchaco.com.ar\/index.php?rest_route=%2Fwp%2Fv2%2Ftags&post=24294"}],"curies":[{"name":"wp","href":"https:\/\/api.w.org\/{rel}","templated":true}]}}