{"id":24310,"date":"2025-08-24T23:11:54","date_gmt":"2025-08-25T02:11:54","guid":{"rendered":"https:\/\/www.sportchaco.com.ar\/?p=24310"},"modified":"2025-08-25T11:44:30","modified_gmt":"2025-08-25T14:44:30","slug":"efemerides-del-25-de-agosto-2","status":"publish","type":"post","link":"https:\/\/www.sportchaco.com.ar\/?p=24310","title":{"rendered":"Efem\u00e9rides del 25 de agosto"},"content":{"rendered":"<div class=\"container fullwidth-entry-title-wrapper\">\n<div class=\"container-wrapper fullwidth-entry-title\">\n<header class=\"entry-header-outer\">\n<div class=\"entry-header\">\n<h1 class=\"post-title entry-title\"><\/h1>\n<div class=\"single-post-meta post-meta clearfix\"><\/div>\n<\/div>\n<\/header>\n<\/div>\n<\/div>\n<div id=\"content\" class=\"site-content container\">\n<div id=\"main-content-row\" class=\"tie-row main-content-row\">\n<div class=\"main-content tie-col-md-8 tie-col-xs-12\" role=\"main\">\n<article id=\"the-post\" class=\"container-wrapper post-content tie-standard\">\n<div class=\"featured-area\">\n<div class=\"featured-area-inner\"><\/div>\n<\/div>\n<div class=\"entry-content entry clearfix\">\n<p><strong>Esta es la Efem\u00e9rides del Deporte en el Chaco de un 25 de agosto periodista Luis Dar\u00edo Molodezky.<\/strong><\/p>\n<p><strong>\u00a0<\/strong><\/p>\n<p><img loading=\"lazy\" decoding=\"async\" class=\"alignnone size-medium wp-image-24315 aligncenter\" src=\"https:\/\/www.sportchaco.com.ar\/wp-content\/uploads\/2025\/08\/Luis-2025-marzo-290x300.jpg\" alt=\"\" width=\"290\" height=\"300\" srcset=\"https:\/\/www.sportchaco.com.ar\/wp-content\/uploads\/2025\/08\/Luis-2025-marzo-290x300.jpg 290w, https:\/\/www.sportchaco.com.ar\/wp-content\/uploads\/2025\/08\/Luis-2025-marzo.jpg 715w\" sizes=\"auto, (max-width: 290px) 100vw, 290px\" \/><\/p>\n<p><strong>\u00a0<\/strong><\/p>\n<p><strong>1936\u00a0<\/strong>\/ Cinco pedalistas fueron suspendidos por dos fechas por la Federaci\u00f3n Ciclista del Chaco, porque se negaron a correr una competencia programada por el Petit Breton, por entender que los premios eran de escasa importancia. Tras la alocuci\u00f3n del presidente del Octavio Bottechia, fueron sancionados por unanimidad Germinal Leiva, Atanasio Osuna, Rino Montragner, Belardo Gallardone y Rodolfo Maciel.<\/p>\n<p><strong>1968\u00a0<\/strong>\/ Primera graduaci\u00f3n de yudocas en el Chaco, con el instructor profesor Hugo Figueroa. Luego de 10 meses de preparaci\u00f3n se graduaron los primeros cinturones: Jorge Ferreyra y Jos\u00e9 Niveiro, cintur\u00f3n celeste; Gustavo Joffr\u00e9, Eduardo Porfirio, Rub\u00e9n Sidicaro, Jos\u00e9 Joffr\u00e9, Miguel Mover, H\u00e9ctor Sedr\u00e1n, Jorge D\u00edaz Garc\u00eda, Juan L\u00f3pez y Luis Gonz\u00e1lez, todos cinturones amarillos 5\u00ba Kiu.<\/p>\n<p><img loading=\"lazy\" decoding=\"async\" class=\"alignnone size-medium wp-image-24311\" src=\"https:\/\/www.sportchaco.com.ar\/wp-content\/uploads\/2025\/08\/hugo-figueroa-1-247x300.jpg\" alt=\"\" width=\"247\" height=\"300\" \/> <strong>Profesor Hugo Figueroa<\/strong><\/p>\n<p><strong>1984\u00a0<\/strong>\/ El equipo de la Federaci\u00f3n Chaque\u00f1a de Caza se impone en el Torneo Nacional de Tiro a la Torcaza, disputado en San Luis. En individuales Chaco ocupa los tres primeros lugares: Luis Enrique Casta\u00f1o, Jorge Rito Sosa y \u00c1ngel Silvestrini.<\/p>\n<p><strong>2010 \/<\/strong>\u00a0Falleci\u00f3 V\u00edctor Roberto \u201cCacho\u201d Beignier, uno de los primeros fot\u00f3grafos de diario Norte. Form\u00f3 parte de una generaci\u00f3n de fot\u00f3grafos que aprendi\u00f3 y conoci\u00f3 los secretos del blanco y negro, con el revelado manual. Fue adem\u00e1s maestro y amigo de los nuevos fot\u00f3grafos. \u00a0A principios del 70 ya era un profesional reconocido en el mundo period\u00edstico en particular y de la fotograf\u00eda en general, siendo testigo de hechos la historia del Chaco, como la muerte de V\u00edctor S\u00e1nchez, y fue uno de los primeros en llegar a la ruta Nicol\u00e1s Avellaneda. M\u00e1s adelante, en el recordado asalto al banco de Villa \u00c1ngela, permaneci\u00f3 varios d\u00edas en el monte chaque\u00f1o. \u00a0En fotograf\u00edas de deportes era tambi\u00e9n una autoridad. Recorri\u00f3 buena parte del pa\u00eds acompa\u00f1ando las campa\u00f1as de los equipos chaque\u00f1os o en los campeonatos argentinos de b\u00e1squetbol, siendo el pionero en el env\u00edo de telefotos. Supo de la violencia generada en el f\u00fatbol, cuando un ladrillazo en la cancha de Regional le arranc\u00f3 tres piezas dentarias. Hab\u00eda nacido el 4 de julio de 1945.<\/p>\n<p><strong>2013 \/<\/strong> Aprendices Chaque\u00f1os de S\u00e1enz Pe\u00f1a (foto portada), se consagr\u00f3 campe\u00f3n del Torneo Provincial organizado por la Federaci\u00f3n Chaque\u00f1a de F\u00fatbol. Pese, pese a perder 2 a 1 ante Don Orione en Barranqueras, logr\u00f3 el t\u00edtulo ya que hab\u00eda ganado en la ida 4 a 1, cerrando un global de 5 a 3. As\u00ed Aprendices consigui\u00f3 tambi\u00e9n la clasificaci\u00f3n para el Torneo del Interior y la Copa Chaco. El plantel estuvo integrado por Walter Hoyos, Cristian Cardozo, Edgardo Gim\u00e9nez, Gabriel Far\u00edas, David Goy, Guido Loto, Javier Bonfanti, Maximiliano L\u00f3pez y Sebasti\u00e1n Santoro. Silvio Coronel, Manuel S\u00e1ez, Fabi\u00e1n Roskos, Braian Garc\u00eda, Daniel Acosta, Alejandro C\u00e1ceres, H\u00e9ctor Brollo y \u00c1ngel Rodr\u00edguez. Carlos Albarrac\u00edn (DT). Carlos Del Valle (PF).<\/p>\n<p><img loading=\"lazy\" decoding=\"async\" class=\"attachment-jannah-image-post size-jannah-image-post wp-post-image\" src=\"https:\/\/www.sportchaco.com.ar\/wp-content\/uploads\/2024\/08\/aprendices2013-1024x616-1-780x470.jpg\" sizes=\"auto, (max-width: 780px) 100vw, 780px\" srcset=\"https:\/\/www.sportchaco.com.ar\/wp-content\/uploads\/2024\/08\/aprendices2013-1024x616-1-780x470.jpg 780w, https:\/\/www.sportchaco.com.ar\/wp-content\/uploads\/2024\/08\/aprendices2013-1024x616-1-300x180.jpg 300w, https:\/\/www.sportchaco.com.ar\/wp-content\/uploads\/2024\/08\/aprendices2013-1024x616-1-768x462.jpg 768w, https:\/\/www.sportchaco.com.ar\/wp-content\/uploads\/2024\/08\/aprendices2013-1024x616-1.jpg 1024w\" alt=\"\" width=\"780\" height=\"470\" data-main-img=\"1\" \/><\/p>\n<p>&nbsp;<\/p>\n<p>El 25 de agosto es una fecha con varios hitos en la historia del deporte, con especial relevancia para el f\u00fatbol y otras disciplinas en Argentina y el mundo.<\/p>\n<p>&nbsp;<\/p>\n<h3>Efem\u00e9rides en el deporte a nivel global<\/h3>\n<p>&nbsp;<\/p>\n<ul>\n<li><b>1924:<\/b> Nace en la ciudad de Buenos Aires el periodista y relator deportivo <b>Jos\u00e9 Mar\u00eda Mu\u00f1oz<\/b>, una de las voces m\u00e1s emblem\u00e1ticas de la radio en Argentina. Su estilo inconfundible y su programa \u00abLa Oral Deportiva\u00bb marcaron una \u00e9poca.<\/li>\n<li><b>1930:<\/b> Nace el actor escoc\u00e9s <b>Sean Connery<\/b>, quien antes de convertirse en la legendaria estrella de cine y el primer James Bond, tuvo una destacada incursi\u00f3n en el fisicoculturismo, participando en el concurso de Mr. Universo en 1953.<\/li>\n<li><b>1967:<\/b> Nace la voleibolista cubana <b>Mireya Luis<\/b>, tricampeona ol\u00edmpica con las legendarias \u00abMorenas del Caribe\u00bb.<\/li>\n<li><b>1989:<\/b> Nace <b>Facundo Conte<\/b>, destacado voleibolista argentino, una de las figuras m\u00e1s importantes de la selecci\u00f3n nacional en los \u00faltimos a\u00f1os.<\/li>\n<li><b>1999:<\/b> La atleta cubana <b>Daim\u00ed Pern\u00eda<\/b> gana la medalla de oro en los 400 metros con vallas en el Mundial de Atletismo de Sevilla, Espa\u00f1a.<\/li>\n<li><b>2012:<\/b> Fallece el astronauta estadounidense <b>Neil Armstrong<\/b>, el primer hombre en pisar la Luna. Si bien no es un deportista, su haza\u00f1a es considerada una de las mayores proezas de la humanidad.<\/li>\n<li><b>2016:<\/b> <b>River Plate<\/b> se consagra campe\u00f3n de la <b>Recopa Sudamericana<\/b> al vencer a Independiente Santa Fe de Colombia por 2 a 1 en el estadio Monumental. Los goles de Sebasti\u00e1n Driussi y Lucas Alario le dieron al equipo de Marcelo Gallardo su segundo t\u00edtulo en esta competici\u00f3n.<\/li>\n<\/ul>\n<p><b>Hitos Hist\u00f3ricos:<\/b><\/p>\n<ul>\n<li><b>1994:<\/b> Se crea la <b>Asociaci\u00f3n Argentina de Padres de Autistas (APADEA)<\/b>. Esta fecha es celebrada a nivel nacional como el D\u00eda Nacional de Ayuda a la Persona Autista, pero tiene una relevancia particular en el Chaco por el trabajo de las familias y organizaciones locales en la provincia.<\/li>\n<\/ul>\n<\/div>\n<\/article>\n<\/div>\n<\/div>\n<\/div>\n","protected":false},"excerpt":{"rendered":"<p>Esta es la Efem\u00e9rides del Deporte en el Chaco de un 25 de agosto periodista Luis Dar\u00edo Molodezky. \u00a0 \u00a0 1936\u00a0\/ Cinco pedalistas fueron suspendidos por dos fechas por la Federaci\u00f3n Ciclista del Chaco, porque se negaron a correr una competencia programada por el Petit Breton, por entender que los premios eran de escasa importancia. &hellip;<\/p>\n","protected":false},"author":2,"featured_media":24311,"comment_status":"open","ping_status":"open","sticky":false,"template":"","format":"standard","meta":{"footnotes":""},"categories":[38,45],"tags":[],"class_list":["post-24310","post","type-post","status-publish","format-standard","has-post-thumbnail","hentry","category-agosto","category-efemerides-dia-por-dia"],"_links":{"self":[{"href":"https:\/\/www.sportchaco.com.ar\/index.php?rest_route=\/wp\/v2\/posts\/24310","targetHints":{"allow":["GET"]}}],"collection":[{"href":"https:\/\/www.sportchaco.com.ar\/index.php?rest_route=\/wp\/v2\/posts"}],"about":[{"href":"https:\/\/www.sportchaco.com.ar\/index.php?rest_route=\/wp\/v2\/types\/post"}],"author":[{"embeddable":true,"href":"https:\/\/www.sportchaco.com.ar\/index.php?rest_route=\/wp\/v2\/users\/2"}],"replies":[{"embeddable":true,"href":"https:\/\/www.sportchaco.com.ar\/index.php?rest_route=%2Fwp%2Fv2%2Fcomments&post=24310"}],"version-history":[{"count":5,"href":"https:\/\/www.sportchaco.com.ar\/index.php?rest_route=\/wp\/v2\/posts\/24310\/revisions"}],"predecessor-version":[{"id":24366,"href":"https:\/\/www.sportchaco.com.ar\/index.php?rest_route=\/wp\/v2\/posts\/24310\/revisions\/24366"}],"wp:featuredmedia":[{"embeddable":true,"href":"https:\/\/www.sportchaco.com.ar\/index.php?rest_route=\/wp\/v2\/media\/24311"}],"wp:attachment":[{"href":"https:\/\/www.sportchaco.com.ar\/index.php?rest_route=%2Fwp%2Fv2%2Fmedia&parent=24310"}],"wp:term":[{"taxonomy":"category","embeddable":true,"href":"https:\/\/www.sportchaco.com.ar\/index.php?rest_route=%2Fwp%2Fv2%2Fcategories&post=24310"},{"taxonomy":"post_tag","embeddable":true,"href":"https:\/\/www.sportchaco.com.ar\/index.php?rest_route=%2Fwp%2Fv2%2Ftags&post=24310"}],"curies":[{"name":"wp","href":"https:\/\/api.w.org\/{rel}","templated":true}]}}