{"id":24349,"date":"2025-08-24T23:40:44","date_gmt":"2025-08-25T02:40:44","guid":{"rendered":"https:\/\/www.sportchaco.com.ar\/?p=24349"},"modified":"2025-08-24T23:40:44","modified_gmt":"2025-08-25T02:40:44","slug":"el-programa-nacional-de-minibasquet-llego-a-resistencia","status":"publish","type":"post","link":"https:\/\/www.sportchaco.com.ar\/?p=24349","title":{"rendered":"El programa nacional de Minib\u00e1squet lleg\u00f3 a Resistencia"},"content":{"rendered":"<p><strong>24-08-2025<\/strong><\/p>\n<p><img loading=\"lazy\" decoding=\"async\" class=\"aligncenter size-large wp-image-20099\" src=\"https:\/\/www.sportchaco.com.ar\/wp-content\/uploads\/2025\/06\/728x90-1024x127.gif\" alt=\"\" width=\"1024\" height=\"127\" srcset=\"https:\/\/www.sportchaco.com.ar\/wp-content\/uploads\/2025\/06\/728x90-1024x127.gif 1024w, https:\/\/www.sportchaco.com.ar\/wp-content\/uploads\/2025\/06\/728x90-300x37.gif 300w, https:\/\/www.sportchaco.com.ar\/wp-content\/uploads\/2025\/06\/728x90-768x95.gif 768w, https:\/\/www.sportchaco.com.ar\/wp-content\/uploads\/2025\/06\/728x90-1536x190.gif 1536w, https:\/\/www.sportchaco.com.ar\/wp-content\/uploads\/2025\/06\/728x90-2048x254.gif 2048w\" sizes=\"auto, (max-width: 1024px) 100vw, 1024px\" \/><\/p>\n<p>Organizado por la Asociaci\u00f3n de B\u00e1squet de Resistencia (ABR) y en el marco del recorrido federal impulsado por la Confederaci\u00f3n Argentina de B\u00e1squet (CAB), el Programa Nacional de Minib\u00e1squet tuvo su parada este fin de semana en Resistencia. Con una mirada integral sobre el desarrollo del minib\u00e1squet argentino, el staff de profesionales de la Confederaci\u00f3n Argentina\u00a0estuvieron presentes supervisando todo el trabajo que se realiz\u00f3 en estos d\u00edas, que abarc\u00f3 jugadores de los distintos clubes de la ABR de las categor\u00edas U11 y U13.<\/p>\n<p>Durante las jornadas del s\u00e1bado 23 y domingo 24 en las instalaciones de Hind\u00fa Club, el equipo de CAB junto a los entrenadores de los distintos clubes de Resistencia observaron y entrenaron a los chicos y chicas mientras juegan y entrenan. \u201cEl objetivo fue conocerlos, ver c\u00f3mo se mueven en la cancha, c\u00f3mo se relacionan con el juego, y detectar a quienes tengan condiciones para seguir entrenando y aprendiendo dentro de un programa de seguimiento nacional\u201d, expres\u00f3 el coordinador de toda esta movida \u00e9lite \u2013 deportiva en esta ciudad, Milton Sosa.<\/p>\n<p><img loading=\"lazy\" decoding=\"async\" class=\"aligncenter size-large wp-image-24350\" src=\"https:\/\/www.sportchaco.com.ar\/wp-content\/uploads\/2025\/08\/85aebcba-df55-41d4-a0ac-64d7b8d00eed-1024x782.jpg\" alt=\"\" width=\"1024\" height=\"782\" srcset=\"https:\/\/www.sportchaco.com.ar\/wp-content\/uploads\/2025\/08\/85aebcba-df55-41d4-a0ac-64d7b8d00eed-1024x782.jpg 1024w, https:\/\/www.sportchaco.com.ar\/wp-content\/uploads\/2025\/08\/85aebcba-df55-41d4-a0ac-64d7b8d00eed-300x229.jpg 300w, https:\/\/www.sportchaco.com.ar\/wp-content\/uploads\/2025\/08\/85aebcba-df55-41d4-a0ac-64d7b8d00eed-768x587.jpg 768w, https:\/\/www.sportchaco.com.ar\/wp-content\/uploads\/2025\/08\/85aebcba-df55-41d4-a0ac-64d7b8d00eed.jpg 1297w\" sizes=\"auto, (max-width: 1024px) 100vw, 1024px\" \/><\/p>\n<p>\u201cDurante ambos d\u00edas, las actividades consistieron en trabajar y ver todo tipo de entrenamientos, como trabajamos los profes, como nos desenvolvemos, como es el nivel de chicos y que proyecci\u00f3n hay\u201d, remarc\u00f3 el profesor de Juventud de Villa Centenario, Milton Sosa.<\/p>\n<p>En total, hubo 90 jugadores que vivieron un fin de semana a puro b\u00e1squet, mucha intensidad y aprendizaje, trabajos de fundamentos, mediciones, pesos y balances, adem\u00e1s de ver c\u00f3mo se est\u00e1 trabajando en la zona.<\/p>\n<p>\u201cMi funci\u00f3n fue la de coordinar y as\u00ed desplegar los contenidos durante estos d\u00edas y reunir a los profesores; los profesionales de la CAB se fueron muy satisfechos con el nivel de profesores y jugadores que hay\u201d, finaliz\u00f3 Sosa.<\/p>\n<p><img loading=\"lazy\" decoding=\"async\" class=\"aligncenter size-full wp-image-21632\" src=\"https:\/\/www.sportchaco.com.ar\/wp-content\/uploads\/2025\/07\/BANNER-WEB-CHACO-JUEGA_300x250-1.gif\" alt=\"\" width=\"626\" height=\"522\" \/><\/p>\n","protected":false},"excerpt":{"rendered":"<p>24-08-2025 Organizado por la Asociaci\u00f3n de B\u00e1squet de Resistencia (ABR) y en el marco del recorrido federal impulsado por la Confederaci\u00f3n Argentina de B\u00e1squet (CAB), el Programa Nacional de Minib\u00e1squet tuvo su parada este fin de semana en Resistencia. Con una mirada integral sobre el desarrollo del minib\u00e1squet argentino, el staff de profesionales de la &hellip;<\/p>\n","protected":false},"author":3,"featured_media":24351,"comment_status":"open","ping_status":"open","sticky":false,"template":"","format":"standard","meta":{"footnotes":""},"categories":[3],"tags":[],"class_list":["post-24349","post","type-post","status-publish","format-standard","has-post-thumbnail","hentry","category-basquetbol"],"_links":{"self":[{"href":"https:\/\/www.sportchaco.com.ar\/index.php?rest_route=\/wp\/v2\/posts\/24349","targetHints":{"allow":["GET"]}}],"collection":[{"href":"https:\/\/www.sportchaco.com.ar\/index.php?rest_route=\/wp\/v2\/posts"}],"about":[{"href":"https:\/\/www.sportchaco.com.ar\/index.php?rest_route=\/wp\/v2\/types\/post"}],"author":[{"embeddable":true,"href":"https:\/\/www.sportchaco.com.ar\/index.php?rest_route=\/wp\/v2\/users\/3"}],"replies":[{"embeddable":true,"href":"https:\/\/www.sportchaco.com.ar\/index.php?rest_route=%2Fwp%2Fv2%2Fcomments&post=24349"}],"version-history":[{"count":1,"href":"https:\/\/www.sportchaco.com.ar\/index.php?rest_route=\/wp\/v2\/posts\/24349\/revisions"}],"predecessor-version":[{"id":24352,"href":"https:\/\/www.sportchaco.com.ar\/index.php?rest_route=\/wp\/v2\/posts\/24349\/revisions\/24352"}],"wp:featuredmedia":[{"embeddable":true,"href":"https:\/\/www.sportchaco.com.ar\/index.php?rest_route=\/wp\/v2\/media\/24351"}],"wp:attachment":[{"href":"https:\/\/www.sportchaco.com.ar\/index.php?rest_route=%2Fwp%2Fv2%2Fmedia&parent=24349"}],"wp:term":[{"taxonomy":"category","embeddable":true,"href":"https:\/\/www.sportchaco.com.ar\/index.php?rest_route=%2Fwp%2Fv2%2Fcategories&post=24349"},{"taxonomy":"post_tag","embeddable":true,"href":"https:\/\/www.sportchaco.com.ar\/index.php?rest_route=%2Fwp%2Fv2%2Ftags&post=24349"}],"curies":[{"name":"wp","href":"https:\/\/api.w.org\/{rel}","templated":true}]}}