{"id":2436,"date":"2023-11-01T20:46:02","date_gmt":"2023-11-01T23:46:02","guid":{"rendered":"https:\/\/www.sportchaco.com.ar\/?p=2436"},"modified":"2023-11-01T20:46:02","modified_gmt":"2023-11-01T23:46:02","slug":"duatlon-atletas-chaquenos-se-destacaron-en-la-rioja","status":"publish","type":"post","link":"https:\/\/www.sportchaco.com.ar\/?p=2436","title":{"rendered":"Duatl\u00f3n: atletas chaque\u00f1os se destacaron en La Rioja"},"content":{"rendered":"<p>Atletas chaque\u00f1os fueron parte de las finales del Campeonato Argentino de Duatl\u00f3n 2023 que se llevaron a cabo en La Rioja, evento organizado por la Asociaci\u00f3n local y con la fiscalizaci\u00f3n de la Federaci\u00f3n Argentina de Triatl\u00f3n.<\/p>\n<p>A trav\u00e9s de la Asociaci\u00f3n Chaque\u00f1a de Triatl\u00f3n, el Chaco dijo presente con una delegaci\u00f3n oficial que tuvo una destacada participaci\u00f3n logrando, los atletas, una meritoria actuaci\u00f3n, con varios podios y trofeos.<\/p>\n<p>Luego de participar en el circuito de carreras de copas argentinas, incluida la fecha que se disput\u00f3 en Resistencia en el mes de septiembre, los chaque\u00f1os clasificaron para esta final donde se coronaba a los nuevos Campeones Argentinos de la temporada.<\/p>\n<p>Entre los atletas de la Asociaci\u00f3n Chaque\u00f1a de Triatl\u00f3n que se destacaron estuvieron: Ignacio Zurlo, que logr\u00f3 un tercer puesto en categor\u00eda \u00e9lite sub 23. Valentino Reyes Gauna, quien forma parte de la Escuela de Desarrollo Argentina EDA de triatl\u00f3n de la Provincia del Chaco fue tercero en categor\u00eda menores A corriendo la distancia supersprint.<\/p>\n<p>Adem\u00e1s, tuvieron buenas participaciones: Eduardo Coronel, campe\u00f3n argentino en categor\u00eda MTB D; Luis de Jes\u00fas Oviedo, campe\u00f3n argentino en mayores J; Jos\u00e9 Antonio Muchutti, subcampe\u00f3n argentino en mayores H, categor\u00eda en la cual Jos\u00e9 Inglant fue el ganador del ranking argentino.<\/p>\n<p>A su regreso, la delegaci\u00f3n chaque\u00f1a manifest\u00f3 su agradecimiento al Instituto Chaque\u00f1o del Deporte Chaque\u00f1o y la Confederaci\u00f3n Chaque\u00f1a del Deporte, \u00abpor el apoyo brindado para que el equipo del Chaco est\u00e9 presente en la Final\u00bb.<\/p>\n","protected":false},"excerpt":{"rendered":"<p>Atletas chaque\u00f1os fueron parte de las finales del Campeonato Argentino de Duatl\u00f3n 2023 que se llevaron a cabo en La Rioja, evento organizado por la Asociaci\u00f3n local y con la fiscalizaci\u00f3n de la Federaci\u00f3n Argentina de Triatl\u00f3n. A trav\u00e9s de la Asociaci\u00f3n Chaque\u00f1a de Triatl\u00f3n, el Chaco dijo presente con una delegaci\u00f3n oficial que tuvo &hellip;<\/p>\n","protected":false},"author":3,"featured_media":2442,"comment_status":"open","ping_status":"open","sticky":false,"template":"","format":"standard","meta":{"footnotes":""},"categories":[8],"tags":[],"class_list":["post-2436","post","type-post","status-publish","format-standard","has-post-thumbnail","hentry","category-sport-nea"],"_links":{"self":[{"href":"https:\/\/www.sportchaco.com.ar\/index.php?rest_route=\/wp\/v2\/posts\/2436","targetHints":{"allow":["GET"]}}],"collection":[{"href":"https:\/\/www.sportchaco.com.ar\/index.php?rest_route=\/wp\/v2\/posts"}],"about":[{"href":"https:\/\/www.sportchaco.com.ar\/index.php?rest_route=\/wp\/v2\/types\/post"}],"author":[{"embeddable":true,"href":"https:\/\/www.sportchaco.com.ar\/index.php?rest_route=\/wp\/v2\/users\/3"}],"replies":[{"embeddable":true,"href":"https:\/\/www.sportchaco.com.ar\/index.php?rest_route=%2Fwp%2Fv2%2Fcomments&post=2436"}],"version-history":[{"count":1,"href":"https:\/\/www.sportchaco.com.ar\/index.php?rest_route=\/wp\/v2\/posts\/2436\/revisions"}],"predecessor-version":[{"id":2443,"href":"https:\/\/www.sportchaco.com.ar\/index.php?rest_route=\/wp\/v2\/posts\/2436\/revisions\/2443"}],"wp:featuredmedia":[{"embeddable":true,"href":"https:\/\/www.sportchaco.com.ar\/index.php?rest_route=\/wp\/v2\/media\/2442"}],"wp:attachment":[{"href":"https:\/\/www.sportchaco.com.ar\/index.php?rest_route=%2Fwp%2Fv2%2Fmedia&parent=2436"}],"wp:term":[{"taxonomy":"category","embeddable":true,"href":"https:\/\/www.sportchaco.com.ar\/index.php?rest_route=%2Fwp%2Fv2%2Fcategories&post=2436"},{"taxonomy":"post_tag","embeddable":true,"href":"https:\/\/www.sportchaco.com.ar\/index.php?rest_route=%2Fwp%2Fv2%2Ftags&post=2436"}],"curies":[{"name":"wp","href":"https:\/\/api.w.org\/{rel}","templated":true}]}}