{"id":24360,"date":"2025-08-25T23:40:57","date_gmt":"2025-08-26T02:40:57","guid":{"rendered":"https:\/\/www.sportchaco.com.ar\/?p=24360"},"modified":"2025-08-25T23:40:34","modified_gmt":"2025-08-26T02:40:34","slug":"efemerides-del-26-de-agosto-2","status":"publish","type":"post","link":"https:\/\/www.sportchaco.com.ar\/?p=24360","title":{"rendered":"Efem\u00e9rides del 26 de agosto"},"content":{"rendered":"<div class=\"container fullwidth-entry-title-wrapper\">\n<div class=\"container-wrapper fullwidth-entry-title\">\n<header class=\"entry-header-outer\">\n<div class=\"entry-header\">\n<h1 class=\"post-title entry-title\"><\/h1>\n<\/div>\n<\/header>\n<\/div>\n<\/div>\n<div id=\"content\" class=\"site-content container\">\n<div id=\"main-content-row\" class=\"tie-row main-content-row\">\n<div class=\"main-content tie-col-md-8 tie-col-xs-12\" role=\"main\">\n<article id=\"the-post\" class=\"container-wrapper post-content tie-standard\">\n<div class=\"featured-area\">\n<div class=\"featured-area-inner\"><\/div>\n<\/div>\n<div class=\"entry-content entry clearfix\">\n<p><strong>Esta es la Efem\u00e9rides del Deporte en el Chaco de un 26 de agosto periodista Luis Dar\u00edo Molodezky.<\/strong><\/p>\n<p><strong>\u00a0<\/strong><\/p>\n<p><img loading=\"lazy\" decoding=\"async\" class=\"size-medium wp-image-24315 aligncenter\" src=\"https:\/\/www.sportchaco.com.ar\/wp-content\/uploads\/2025\/08\/Luis-2025-marzo-290x300.jpg\" alt=\"\" width=\"290\" height=\"300\" srcset=\"https:\/\/www.sportchaco.com.ar\/wp-content\/uploads\/2025\/08\/Luis-2025-marzo-290x300.jpg 290w, https:\/\/www.sportchaco.com.ar\/wp-content\/uploads\/2025\/08\/Luis-2025-marzo.jpg 715w\" sizes=\"auto, (max-width: 290px) 100vw, 290px\" \/><\/p>\n<p><strong>\u00a0<\/strong><\/p>\n<p>&nbsp;<\/p>\n<p><strong>1935 \/\u00a0<\/strong>Nace en Villa Elisa Jos\u00e9 Manuel Ramos Delgado, quien dejar\u00e1 huella en Chaco For Ever en la direcci\u00f3n t\u00e9cnica y t\u00e1ctica en la segunda ronda del campeonato Nacional \u00abB\u00bb 1993. Jug\u00f3 y dirigi\u00f3 a River, fue compa\u00f1ero de Pel\u00e9 en el Santos de Brasil. Falleci\u00f3 el 4 de diciembre de 2010.<\/p>\n<p><strong>1984\u00a0<\/strong>\/ El cordob\u00e9s Eduardo Romero se impone en la 12\u00ba edici\u00f3n del Abierto del Nordeste, disputado en el Chaco Golf Club, y que cont\u00f3 con la presencia del maestro Roberto De Vicenzo. Quinto fue el chaque\u00f1o Miguel Fern\u00e1ndez. En aficionados scratch venci\u00f3 Marcelo C\u00e1ceres.<\/p>\n<p><strong>2022 \/<\/strong>\u00a0Fallece Jaled \u201cJaluto\u201d Aguada, \u201cCampe\u00f3n\u201d con Torino en la clase \u201cC\u201d en 1970, parte importante y pionero de la historia de nuestro automovilismo zonal, un gran ser humano.<\/p>\n<p><strong>2022 \/<\/strong>\u00a0Milena Madelein Ayala (<strong>foto portada<\/strong>) de 15 a\u00f1os, obtiene el r\u00e9cord de nacional en levantamiento de pesas en la categor\u00eda hasta 59 kilogramos, al acumular 171 kg, en el marco del torneo desarrollado en la localidad santafesina de Calchaqu\u00ed. Esa marca le permiti\u00f3 clasificar para el Sudamericano Sub-17 y Sub-20, y al Panamericano Sub-20 de Per\u00fa.<\/p>\n<p>NACIONALES E INTERNACIONALES<\/p>\n<div id=\"chat-history\" class=\"chat-history-scroll-container\">\n<div id=\"2062146288d23e9b\" class=\"conversation-container message-actions-hover-boundary ng-star-inserted\">\n<div class=\"user-query-container user-query-bubble-container ng-star-inserted\">\n<div id=\"user-query-content-0\" class=\"query-content ng-star-inserted verticle-align-for-single-line-text\">\n<div class=\"query-text gds-body-l\" dir=\"ltr\" role=\"heading\" aria-level=\"2\"><\/div>\n<\/div>\n<\/div>\n<\/div>\n<div id=\"23962cc93fe7e1a0\" class=\"conversation-container message-actions-hover-boundary ng-star-inserted\">\n<div class=\"response-container ng-tns-c3340935982-72 response-container-with-gpi ng-star-inserted response-container-has-multiple-responses\">\n<div class=\"presented-response-container ng-tns-c3340935982-72\">\n<div class=\"response-container-content ng-tns-c3340935982-72\">\n<div class=\"response-content ng-tns-c3340935982-72\">\n<div id=\"model-response-message-contentr_23962cc93fe7e1a0\" class=\"markdown markdown-main-panel enable-updated-hr-color\" dir=\"ltr\">\n<p>&nbsp;<\/p>\n<ul>\n<li><b>1970:<\/b> Estudiantes de La Plata empat\u00f3 2 a 2 con el Feyenoord de Holanda en el partido de ida de la Copa Intercontinental, disputado en la Bombonera.<\/li>\n<li><b>1978:<\/b> Falleci\u00f3 <b>Jos\u00e9 Manuel \u00abEl Charro\u00bb Moreno<\/b>, uno de los futbolistas m\u00e1s talentosos de la historia de Argentina y figura de \u00abLa M\u00e1quina\u00bb de River Plate.<\/li>\n<li><b>2001:<\/b> San Lorenzo de Almagro logr\u00f3 un r\u00e9cord de 13 victorias consecutivas en el f\u00fatbol argentino al vencer 1-0 a Boca Juniors en la primera fecha del Torneo Apertura. El equipo era dirigido por Manuel Pellegrini y ese a\u00f1o lograr\u00eda la Copa Mercosur.<\/li>\n<\/ul>\n<p><b>Boxeo<\/b><\/p>\n<ul>\n<li><b>2017:<\/b> El boxeador estadounidense <b>Floyd Mayweather Jr.<\/b> se retir\u00f3 invicto al derrotar al luchador de artes marciales mixtas Conor McGregor. Con esta victoria, Mayweather alcanz\u00f3 un r\u00e9cord de 50 victorias y 0 derrotas, superando la marca hist\u00f3rica de Rocky Marciano.<\/li>\n<\/ul>\n<p><b>Otros deportes<\/b><\/p>\n<ul>\n<li><b>1969:<\/b> La selecci\u00f3n de b\u00e9isbol de Cuba se proclam\u00f3 campeona del mundo al derrotar a Estados Unidos en Rep\u00fablica Dominicana.<\/li>\n<li><b>2018:<\/b> El basquetbolista argentino <b>Emanuel Gin\u00f3bili<\/b> anunci\u00f3 su retiro profesional tras 23 a\u00f1os de carrera, siendo una leyenda de la Selecci\u00f3n Argentina y de la NBA con los San Antonio Spurs.<\/li>\n<\/ul>\n<p><strong>HISTORIA DEL CHACO<\/strong><\/p>\n<p><b>Hitos Hist\u00f3ricos:<\/b><\/p>\n<ul>\n<li><b>1750:<\/b> Un grupo de monjes jesuitas funda el poblado de <b>San Fernando de R\u00edo Negro<\/b> sobre el r\u00edo Paran\u00e1, con el objetivo de evangelizar a los pueblos originarios de la regi\u00f3n del Chaco. Este asentamiento, aunque no perdur\u00f3 en el tiempo, se considera la primera fundaci\u00f3n de lo que m\u00e1s tarde se convertir\u00eda en la ciudad de Resistencia.<\/li>\n<\/ul>\n<\/div>\n<\/div>\n<\/div>\n<\/div>\n<\/div>\n<\/div>\n<\/div>\n<\/div>\n<\/article>\n<\/div>\n<\/div>\n<\/div>\n","protected":false},"excerpt":{"rendered":"<p>Esta es la Efem\u00e9rides del Deporte en el Chaco de un 26 de agosto periodista Luis Dar\u00edo Molodezky. \u00a0 \u00a0 &nbsp; 1935 \/\u00a0Nace en Villa Elisa Jos\u00e9 Manuel Ramos Delgado, quien dejar\u00e1 huella en Chaco For Ever en la direcci\u00f3n t\u00e9cnica y t\u00e1ctica en la segunda ronda del campeonato Nacional \u00abB\u00bb 1993. Jug\u00f3 y dirigi\u00f3 &hellip;<\/p>\n","protected":false},"author":2,"featured_media":24361,"comment_status":"open","ping_status":"open","sticky":false,"template":"","format":"standard","meta":{"footnotes":""},"categories":[38,45],"tags":[],"class_list":["post-24360","post","type-post","status-publish","format-standard","has-post-thumbnail","hentry","category-agosto","category-efemerides-dia-por-dia"],"_links":{"self":[{"href":"https:\/\/www.sportchaco.com.ar\/index.php?rest_route=\/wp\/v2\/posts\/24360","targetHints":{"allow":["GET"]}}],"collection":[{"href":"https:\/\/www.sportchaco.com.ar\/index.php?rest_route=\/wp\/v2\/posts"}],"about":[{"href":"https:\/\/www.sportchaco.com.ar\/index.php?rest_route=\/wp\/v2\/types\/post"}],"author":[{"embeddable":true,"href":"https:\/\/www.sportchaco.com.ar\/index.php?rest_route=\/wp\/v2\/users\/2"}],"replies":[{"embeddable":true,"href":"https:\/\/www.sportchaco.com.ar\/index.php?rest_route=%2Fwp%2Fv2%2Fcomments&post=24360"}],"version-history":[{"count":4,"href":"https:\/\/www.sportchaco.com.ar\/index.php?rest_route=\/wp\/v2\/posts\/24360\/revisions"}],"predecessor-version":[{"id":24365,"href":"https:\/\/www.sportchaco.com.ar\/index.php?rest_route=\/wp\/v2\/posts\/24360\/revisions\/24365"}],"wp:featuredmedia":[{"embeddable":true,"href":"https:\/\/www.sportchaco.com.ar\/index.php?rest_route=\/wp\/v2\/media\/24361"}],"wp:attachment":[{"href":"https:\/\/www.sportchaco.com.ar\/index.php?rest_route=%2Fwp%2Fv2%2Fmedia&parent=24360"}],"wp:term":[{"taxonomy":"category","embeddable":true,"href":"https:\/\/www.sportchaco.com.ar\/index.php?rest_route=%2Fwp%2Fv2%2Fcategories&post=24360"},{"taxonomy":"post_tag","embeddable":true,"href":"https:\/\/www.sportchaco.com.ar\/index.php?rest_route=%2Fwp%2Fv2%2Ftags&post=24360"}],"curies":[{"name":"wp","href":"https:\/\/api.w.org\/{rel}","templated":true}]}}