{"id":24392,"date":"2025-08-25T23:20:02","date_gmt":"2025-08-26T02:20:02","guid":{"rendered":"https:\/\/www.sportchaco.com.ar\/?p=24392"},"modified":"2025-08-26T00:00:01","modified_gmt":"2025-08-26T03:00:01","slug":"finalmente-el-ascenso-ira-miercoles-y-jueves","status":"publish","type":"post","link":"https:\/\/www.sportchaco.com.ar\/?p=24392","title":{"rendered":"Finalmente el ascenso ir\u00e1 mi\u00e9rcoles y jueves"},"content":{"rendered":"<p><strong>25-08-2025<\/strong><\/p>\n<p><img loading=\"lazy\" decoding=\"async\" class=\"aligncenter wp-image-20490 size-full\" src=\"https:\/\/www.sportchaco.com.ar\/wp-content\/uploads\/2025\/06\/728x90-1.gif\" alt=\"\" width=\"1518\" height=\"189\" \/><\/p>\n<p>Tras las lluvias del fin de semana que obligaron a la suspensi\u00f3n completa de la 20\u00aa fecha del campeonato Oficial de la Primera B de la Liga Chaque\u00f1a, la misma fue programada y reprogramada en cinco boletines distintos.<\/p>\n<p>Finalmente se decidi\u00f3 que los partidos ir\u00e1n este mi\u00e9rcoles y jueves en horarios unificados.<\/p>\n<p><b><strong>TORNEO OFICIAL \u00abADRI\u00c1N DAR\u00cdO PARRA\u00bb<br \/>\n<\/strong><\/b><strong>TODA LA 20\u00aa FECHA<br \/>\n<\/strong><strong>Mi\u00e9rcoles 27-08<\/strong><br \/>\nA las 15:30; Banfield \u2013 Confraternidad, en Chaco Hebr\u00f3n<br \/>\nA las 15:30; V\u00e9lez \u2013 Dep. G\u00fciraldes<br \/>\nA las 15:30; Dep. Sameep \u2013 Canallas del Sur, en Regional<br \/>\nA las 15:30; San Fernando \u2013 Chaco Hebr\u00f3n<br \/>\nA las 15:30; Dep. Zona Sur \u2013 Camioneros, en Don Orione<\/p>\n<p><strong>Jueves 28-08<\/strong><br \/>\nA las 15:30; Dogos \u2013 Parque Patricios, en Chaco Hebr\u00f3n<br \/>\nA las 15:30; Centauro FC \u2013 Uni\u00f3n del Sur, en Central Norte<br \/>\nA las 15:30; Municipales \u2013 Los L\u00edricos, en Bancarios<br \/>\nA las 15:30; DEF \u2013 Dep. Esperanza, en Regional<\/p>\n<p>FC Barber\u00e1n \u2013 Bariloche FC\u00a0<em>(suspendido)<br \/>\n*Bariloche FC se dio de baja de la Liga Chaque\u00f1a\u00a0<\/em><\/p>\n<p>C. E. de Comercio \u2013 Dep. Barber\u00e1n\u00a0<em>(suspendido)<br \/>\n*Dep. Barber\u00e1n lo dieron de baja de la Liga Chaque\u00f1a\u00a0<\/em><\/p>\n<p><strong>Libre:\u00a0<\/strong>UPCP<\/p>\n<p><strong>POSICIONES<\/strong><br \/>\nParque Patricios 45<br \/>\nC. E. de Comercio 40<br \/>\nLos L\u00edricos 40<br \/>\nDep. G\u00fciraldes 36<br \/>\nUPCP 35<br \/>\nDep. Esperanza 34<br \/>\nSan Fernando 31<br \/>\nBanfield 30<br \/>\nCanallas del Sur 28<br \/>\nFC Barber\u00e1n 26<br \/>\nDogos 24<br \/>\nDep. Sameep 23<br \/>\nMunicipales 23<br \/>\nUni\u00f3n del Sur 23<br \/>\nCamioneros 21<br \/>\nDep. Zona Sur 21<br \/>\nV\u00e9lez 20<br \/>\nConfraternidad 19<br \/>\nChaco Hebr\u00f3n 15<br \/>\nDEF 14<br \/>\nDep. Barber\u00e1n 14<em>*<\/em><br \/>\nCentauro FC 10<br \/>\nBariloche FC 6<em>*<\/em><em><br \/>\n*Se dieron de baja del torneo<br \/>\n*Todos los equipos que enfrenten a Dep. Barber\u00e1n y Bariloche FC se adjudicar\u00e1n los tres puntos<\/em><\/p>\n<p><em><strong>Foto: Toque Deportivo<\/strong><\/em><\/p>\n<p><em><img loading=\"lazy\" decoding=\"async\" class=\"aligncenter wp-image-20488 size-full\" src=\"https:\/\/www.sportchaco.com.ar\/wp-content\/uploads\/2025\/06\/BANNER-WEB-CHACO-JUEGA_300x250.gif\" alt=\"\" width=\"626\" height=\"522\" \/><\/em><\/p>\n","protected":false},"excerpt":{"rendered":"<p>25-08-2025 Tras las lluvias del fin de semana que obligaron a la suspensi\u00f3n completa de la 20\u00aa fecha del campeonato Oficial de la Primera B de la Liga Chaque\u00f1a, la misma fue programada y reprogramada en cinco boletines distintos. Finalmente se decidi\u00f3 que los partidos ir\u00e1n este mi\u00e9rcoles y jueves en horarios unificados. TORNEO OFICIAL &hellip;<\/p>\n","protected":false},"author":3,"featured_media":24372,"comment_status":"open","ping_status":"open","sticky":false,"template":"","format":"standard","meta":{"footnotes":""},"categories":[5],"tags":[],"class_list":["post-24392","post","type-post","status-publish","format-standard","has-post-thumbnail","hentry","category-futbol"],"_links":{"self":[{"href":"https:\/\/www.sportchaco.com.ar\/index.php?rest_route=\/wp\/v2\/posts\/24392","targetHints":{"allow":["GET"]}}],"collection":[{"href":"https:\/\/www.sportchaco.com.ar\/index.php?rest_route=\/wp\/v2\/posts"}],"about":[{"href":"https:\/\/www.sportchaco.com.ar\/index.php?rest_route=\/wp\/v2\/types\/post"}],"author":[{"embeddable":true,"href":"https:\/\/www.sportchaco.com.ar\/index.php?rest_route=\/wp\/v2\/users\/3"}],"replies":[{"embeddable":true,"href":"https:\/\/www.sportchaco.com.ar\/index.php?rest_route=%2Fwp%2Fv2%2Fcomments&post=24392"}],"version-history":[{"count":1,"href":"https:\/\/www.sportchaco.com.ar\/index.php?rest_route=\/wp\/v2\/posts\/24392\/revisions"}],"predecessor-version":[{"id":24393,"href":"https:\/\/www.sportchaco.com.ar\/index.php?rest_route=\/wp\/v2\/posts\/24392\/revisions\/24393"}],"wp:featuredmedia":[{"embeddable":true,"href":"https:\/\/www.sportchaco.com.ar\/index.php?rest_route=\/wp\/v2\/media\/24372"}],"wp:attachment":[{"href":"https:\/\/www.sportchaco.com.ar\/index.php?rest_route=%2Fwp%2Fv2%2Fmedia&parent=24392"}],"wp:term":[{"taxonomy":"category","embeddable":true,"href":"https:\/\/www.sportchaco.com.ar\/index.php?rest_route=%2Fwp%2Fv2%2Fcategories&post=24392"},{"taxonomy":"post_tag","embeddable":true,"href":"https:\/\/www.sportchaco.com.ar\/index.php?rest_route=%2Fwp%2Fv2%2Ftags&post=24392"}],"curies":[{"name":"wp","href":"https:\/\/api.w.org\/{rel}","templated":true}]}}