{"id":24411,"date":"2025-08-26T23:21:01","date_gmt":"2025-08-27T02:21:01","guid":{"rendered":"https:\/\/www.sportchaco.com.ar\/?p=24411"},"modified":"2025-08-27T10:30:35","modified_gmt":"2025-08-27T13:30:35","slug":"efemerides-de-un-27-de-agsto-2","status":"publish","type":"post","link":"https:\/\/www.sportchaco.com.ar\/?p=24411","title":{"rendered":"Efem\u00e9rides de un 27 de agosto"},"content":{"rendered":"<div class=\"container fullwidth-entry-title-wrapper\">\n<div class=\"container-wrapper fullwidth-entry-title\">\n<header class=\"entry-header-outer\">\n<div class=\"entry-header\">\n<h1 class=\"post-title entry-title\"><\/h1>\n<div class=\"single-post-meta post-meta clearfix\"><\/div>\n<\/div>\n<\/header>\n<\/div>\n<\/div>\n<div id=\"content\" class=\"site-content container\">\n<div id=\"main-content-row\" class=\"tie-row main-content-row\">\n<div class=\"main-content tie-col-md-8 tie-col-xs-12\" role=\"main\">\n<article id=\"the-post\" class=\"container-wrapper post-content tie-standard\">\n<div class=\"featured-area\">\n<div class=\"featured-area-inner\">\n<h5 class=\"single-featured-image\"><\/h5>\n<\/div>\n<\/div>\n<div class=\"entry-content entry clearfix\">\n<h5><strong>Esta es la Efem\u00e9rides del Deporte en el Chaco de un 267 de agosto periodista Luis Dar\u00edo Molodezky.<\/strong><\/h5>\n<p><img loading=\"lazy\" decoding=\"async\" class=\"alignnone size-medium wp-image-24315 aligncenter\" src=\"https:\/\/www.sportchaco.com.ar\/wp-content\/uploads\/2025\/08\/Luis-2025-marzo-290x300.jpg\" alt=\"\" width=\"290\" height=\"300\" srcset=\"https:\/\/www.sportchaco.com.ar\/wp-content\/uploads\/2025\/08\/Luis-2025-marzo-290x300.jpg 290w, https:\/\/www.sportchaco.com.ar\/wp-content\/uploads\/2025\/08\/Luis-2025-marzo.jpg 715w\" sizes=\"auto, (max-width: 290px) 100vw, 290px\" \/><\/p>\n<p>&nbsp;<\/p>\n<p><strong>1950\u00a0<\/strong>\/ Extraordinaria cantidad de aficionados presencia el partido amistoso jugado en Resistencia entre los campeones del Torneo Infantil \u201cEvita\u201d de Chaco y Tucum\u00e1n. El cotejo finaliz\u00f3 1 a 1.<\/p>\n<p><strong>1961\u00a0<\/strong>\/ El Aero Club Chaco realiza un festival en su predio de avenidas Las Heras y Juan Jos\u00e9 Castelli para festejar el aniversario que se cumplir\u00eda un d\u00eda despu\u00e9s. Se hicieron varios espect\u00e1culos a\u00e9reos y vuelos de bautismo. Cerca de las 16 un Pipper matr\u00edcula LV-YMJ piloteado por Juli\u00e1n Prozato y con Aquiles Garc\u00eda Guerrero de copiloto, realiz\u00f3 una cerrada maniobra a baja altura, y se precipit\u00f3 a tierra luego de tocar la copa de un \u00e1rbol, lugar donde se encontraban espectadores. En el accidente fallecieron tres ni\u00f1os de 3, 9 y 11 a\u00f1os y la se\u00f1ora Pascuala S\u00e1nchez, con m\u00faltiples heridos que fueron atendidos en el Hospital Perrando. Los pilotos salvaron su vida milagrosamente.<\/p>\n<p>&nbsp;<\/p>\n<p>&nbsp;<\/p>\n<p><strong>1987\u00a0<\/strong>\/ El equipo de la Federaci\u00f3n Chaque\u00f1a de Caza, integrado por Luis Enrique Casta\u00f1o, \u00c1ngel Silvestrini y Jorge Rito Sosa, se consagra campe\u00f3n nacional del torneo Interfederativo Tiro a la Torcaza, que se disput\u00f3 en San Luis. Precisamente Luis Enrique Casta\u00f1o fue el campe\u00f3n individual en tanto que Sosa fue segundo. Presidi\u00f3 la delegaci\u00f3n Luis Enrique Utges.<\/p>\n<p>&nbsp;<\/p>\n<p><strong>1990 \/<\/strong>\u00a0Fallece Ricardo \u201cCoco\u201d Ruiz, la voz comercial de las transmisiones deportivas de LT5 Radio Chaco. Lleg\u00f3 desde Marull, C\u00f3rdoba con 20 a\u00f1os. Fue la voz de la emisora en varios programas y en las transmisiones deportivas. Fue conductor y protagonista de audiciones que marcaron hitos en la radiofon\u00eda del Chaco como \u201cEl rinc\u00f3n de los ni\u00f1os\u201d que encauz\u00f3 tantas vocaciones para el canto y la actuaci\u00f3n o \u201cCualicosas\u201d, la precursora de los grandes magazines que puso el servicio a la comunidad como su raz\u00f3n de ser. Creador de letras de inolvidables canciones como \u201cIsla del Cerrito\u201d, \u201cQuiero que vengas a mi provincia\u201d y \u201cCiudad de Resistencia\u201d, que pusieron de manifiesto su amor por esta tierra de la que hizo su patria adoptiva.<\/p>\n<p><strong>1999\u00a0<\/strong>\/ Se inaugura el Polideportivo Jaime Zapata. Emplazado entre populosos barrios de Resistencia (Santa In\u00e9s, San Cayetano, Municipal entre otros), se convirti\u00f3 en un epicentro de la pr\u00e1ctica del deporte.<\/p>\n<p><strong>Foto portada de Ricardo Coco Ru\u00edz\u00a0<\/strong><\/p>\n<\/div>\n<p>EN EL CHACO<\/p>\n<ul>\n<li><b>1912:<\/b> Se establece la <b>Comisi\u00f3n de Fomento de General Vedia<\/b>, un paso importante en la organizaci\u00f3n y desarrollo de este municipio chaque\u00f1o.<\/li>\n<li><b>1937:<\/b> En la ciudad de Resistencia, nace <b>Luis Landriscina<\/b>, una de las figuras m\u00e1s emblem\u00e1ticas de la cultura argentina. Famoso por su humor y sus relatos costumbristas, es un embajador cultural del Chaco.<\/li>\n<li><b>1982:<\/b> Se inaugura en Puerto Vilelas la <b>Planta de Gas de la ciudad<\/b>, un hito para la infraestructura energ\u00e9tica de la provincia.<\/li>\n<li><b>1993:<\/b> El <b>C\u00edrculo de Periodistas Deportivos del Chaco<\/b> rinde homenaje a <b>Ricardo \u00abCoco\u00bb Ruiz<\/b>, destacado locutor comercial y figura de la radio chaque\u00f1a.<\/li>\n<li><b>2007:<\/b> Fallece en Resistencia el historiador <b>Ra\u00fal Jorge Montero<\/b>, un intelectual y docente que dedic\u00f3 su vida a investigar y difundir la historia del Chaco.<\/li>\n<\/ul>\n<p>EFEMERIDES NACIONALES E INTERNACIONALES<\/p>\n<div id=\"chat-history\" class=\"chat-history-scroll-container\">\n<div id=\"2d9b3db834fe18bc\" class=\"conversation-container message-actions-hover-boundary ng-star-inserted\">\n<div>\n<div class=\"response-container ng-tns-c2844066125-98 response-container-with-gpi ng-star-inserted response-container-has-multiple-responses\">\n<div class=\"presented-response-container ng-tns-c2844066125-98\">\n<div class=\"response-container-content ng-tns-c2844066125-98\">\n<div class=\"response-content ng-tns-c2844066125-98\">\n<div id=\"model-response-message-contentr_2d9b3db834fe18bc\" class=\"markdown markdown-main-panel enable-updated-hr-color\" dir=\"ltr\">\n<hr \/>\n<ul>\n<li><b>1910:<\/b> Nace la atleta australiana <b>Agnes Ayres<\/b>, que compiti\u00f3 en nataci\u00f3n en los Juegos Ol\u00edmpicos de \u00c1msterdam de 1928.<\/li>\n<li><b>1949:<\/b> El equipo de f\u00fatbol argentino <b>River Plate<\/b> gana el primer Campeonato Nacional de Colombia, conocido como la Liga \u00c1guila, tras vencer al equipo de Millonarios.<\/li>\n<li><b>1956:<\/b> El piloto argentino <b>Juan Manuel Fangio<\/b> logra la victoria en el Gran Premio de B\u00e9lgica, celebrado en el circuito de Spa-Francorchamps.<\/li>\n<li><b>1982:<\/b> Se inaugura el <b>Estadio Monumental<\/b> de Buenos Aires, el ic\u00f3nico estadio del Club Atl\u00e9tico River Plate.<\/li>\n<li><b>1984:<\/b> La nadadora estadounidense <b>Mary T. Meagher<\/b> impone un nuevo r\u00e9cord mundial en los 100 metros mariposa durante los Juegos Ol\u00edmpicos de Los \u00c1ngeles.<\/li>\n<\/ul>\n<\/div>\n<div class=\"response-footer gap complete\"><\/div>\n<\/div>\n<\/div>\n<\/div>\n<div class=\"response-container-footer ng-tns-c2844066125-98\">\n<div class=\"actions-container-v2 ng-tns-c1943264715-100\">\n<div class=\"buttons-container-v2 ng-tns-c1943264715-100 ng-star-inserted\">\n<div class=\"thumb-animation\" hidden=\"\"><\/div>\n<div class=\"thumb-animation\" hidden=\"\"><\/div>\n<div class=\"regenerate-animation\" hidden=\"\"><\/div>\n<div class=\"tooltip-anchor-point ng-tns-c1943264715-100 ng-star-inserted\"><\/div>\n<div class=\"spacer ng-tns-c1943264715-100 ng-star-inserted\"><\/div>\n<\/div>\n<\/div>\n<\/div>\n<\/div>\n<\/div>\n<div class=\"restart-chat-button-scroll-placeholder ng-star-inserted\">\n<p>Aqu\u00ed tienes una lista de efem\u00e9rides argentinas y mundiales destacadas del <b>27 de agosto<\/b>:<\/p>\n<hr \/>\n<p>&nbsp;<\/p>\n<h3>En Argentina<\/h3>\n<p>&nbsp;<\/p>\n<ul>\n<li><b>1872:<\/b> Nace <b>Ricardo Rojas<\/b>, ensayista, dramaturgo, historiador y pol\u00edtico argentino. Es una figura central de la cultura nacional, autor de obras como \u00abLa literatura argentina\u00bb y \u00abEl pa\u00eds de la selva\u00bb.<\/li>\n<li><b>1888:<\/b> Se promulga la <b>Ley de Residencia<\/b>, que permit\u00eda al Poder Ejecutivo Nacional la expulsi\u00f3n de inmigrantes considerados \u00abindeseables\u00bb.<\/li>\n<li><b>1912:<\/b> Se inaugura el <b>Hospital de Ni\u00f1os Dr. Ricardo Guti\u00e9rrez<\/b> en Buenos Aires. Es el primer hospital pedi\u00e1trico de Am\u00e9rica Latina.<\/li>\n<li><b>1920:<\/b> Se funda el <b>Club Atl\u00e9tico All Boys<\/b>, una de las instituciones deportivas m\u00e1s tradicionales del barrio de Floresta en la Ciudad de Buenos Aires.<\/li>\n<li><b>1930:<\/b> Nace <b>Vicente \u00abTito\u00bb Cava<\/b>, locutor y periodista de reconocida trayectoria en la radio y la televisi\u00f3n argentinas.<\/li>\n<li><b>1982:<\/b> Se inaugura el <b>Estadio Monumental<\/b> de Buenos Aires, hogar del Club Atl\u00e9tico River Plate.<\/li>\n<li><b>2007:<\/b> Se publica el disco <b>\u00abAh\u00ed vamos\u00bb<\/b> del m\u00fasico argentino Gustavo Cerati, uno de los trabajos m\u00e1s aclamados de su carrera solista.<\/li>\n<\/ul>\n<p>&nbsp;<\/p>\n<h3>En el mundo<\/h3>\n<p>&nbsp;<\/p>\n<ul>\n<li><b>1883:<\/b> Ocurre la <b>erupci\u00f3n del volc\u00e1n Krakatoa<\/b> en Indonesia, uno de los eventos volc\u00e1nicos m\u00e1s catastr\u00f3ficos de la historia moderna. Su explosi\u00f3n se escuch\u00f3 a miles de kil\u00f3metros y gener\u00f3 tsunamis.<\/li>\n<li><b>1908:<\/b> Nace el pol\u00edtico estadounidense <b>Lyndon B. Johnson<\/b>, el 36\u00ba presidente de los Estados Unidos.<\/li>\n<li><b>1955:<\/b> Se publica el <b>Libro Guinness de los R\u00e9cords<\/b> por primera vez.<\/li>\n<li><b>1962:<\/b> La <b>NASA<\/b> lanza la nave espacial no tripulada <b>Mariner 2<\/b> con destino a Venus, la primera sonda en realizar un sobrevuelo exitoso a otro planeta.<\/li>\n<li><b>1990:<\/b> El m\u00fasico de rock <b>Stevie Ray Vaughan<\/b> fallece en un accidente de helic\u00f3ptero a los 35 a\u00f1os, dejando un legado imborrable en la historia de la guitarra el\u00e9ctrica.<\/li>\n<li><b>2019:<\/b> El gobierno de M\u00e9xico anuncia la <b>legalizaci\u00f3n del uso de la marihuana<\/b> con fines recreativos y cient\u00edficos.<\/li>\n<\/ul>\n<\/div>\n<\/div>\n<\/div>\n<div class=\"hidden-content-image-cache\"><\/div>\n<div class=\"condensed-tos-disclaimer ng-star-inserted\">\n<div class=\"header gds-title-l\">\n<p>&nbsp;<\/p>\n<\/div>\n<\/div>\n<\/article>\n<\/div>\n<\/div>\n<\/div>\n","protected":false},"excerpt":{"rendered":"<p>Esta es la Efem\u00e9rides del Deporte en el Chaco de un 267 de agosto periodista Luis Dar\u00edo Molodezky. &nbsp; 1950\u00a0\/ Extraordinaria cantidad de aficionados presencia el partido amistoso jugado en Resistencia entre los campeones del Torneo Infantil \u201cEvita\u201d de Chaco y Tucum\u00e1n. El cotejo finaliz\u00f3 1 a 1. 1961\u00a0\/ El Aero Club Chaco realiza un &hellip;<\/p>\n","protected":false},"author":2,"featured_media":24412,"comment_status":"open","ping_status":"open","sticky":false,"template":"","format":"standard","meta":{"footnotes":""},"categories":[38,45],"tags":[],"class_list":["post-24411","post","type-post","status-publish","format-standard","has-post-thumbnail","hentry","category-agosto","category-efemerides-dia-por-dia"],"_links":{"self":[{"href":"https:\/\/www.sportchaco.com.ar\/index.php?rest_route=\/wp\/v2\/posts\/24411","targetHints":{"allow":["GET"]}}],"collection":[{"href":"https:\/\/www.sportchaco.com.ar\/index.php?rest_route=\/wp\/v2\/posts"}],"about":[{"href":"https:\/\/www.sportchaco.com.ar\/index.php?rest_route=\/wp\/v2\/types\/post"}],"author":[{"embeddable":true,"href":"https:\/\/www.sportchaco.com.ar\/index.php?rest_route=\/wp\/v2\/users\/2"}],"replies":[{"embeddable":true,"href":"https:\/\/www.sportchaco.com.ar\/index.php?rest_route=%2Fwp%2Fv2%2Fcomments&post=24411"}],"version-history":[{"count":5,"href":"https:\/\/www.sportchaco.com.ar\/index.php?rest_route=\/wp\/v2\/posts\/24411\/revisions"}],"predecessor-version":[{"id":24457,"href":"https:\/\/www.sportchaco.com.ar\/index.php?rest_route=\/wp\/v2\/posts\/24411\/revisions\/24457"}],"wp:featuredmedia":[{"embeddable":true,"href":"https:\/\/www.sportchaco.com.ar\/index.php?rest_route=\/wp\/v2\/media\/24412"}],"wp:attachment":[{"href":"https:\/\/www.sportchaco.com.ar\/index.php?rest_route=%2Fwp%2Fv2%2Fmedia&parent=24411"}],"wp:term":[{"taxonomy":"category","embeddable":true,"href":"https:\/\/www.sportchaco.com.ar\/index.php?rest_route=%2Fwp%2Fv2%2Fcategories&post=24411"},{"taxonomy":"post_tag","embeddable":true,"href":"https:\/\/www.sportchaco.com.ar\/index.php?rest_route=%2Fwp%2Fv2%2Ftags&post=24411"}],"curies":[{"name":"wp","href":"https:\/\/api.w.org\/{rel}","templated":true}]}}