{"id":24415,"date":"2025-08-26T11:38:12","date_gmt":"2025-08-26T14:38:12","guid":{"rendered":"https:\/\/www.sportchaco.com.ar\/?p=24415"},"modified":"2025-08-26T11:40:21","modified_gmt":"2025-08-26T14:40:21","slug":"regatas-resistencia-tuvo-su-asamblea","status":"publish","type":"post","link":"https:\/\/www.sportchaco.com.ar\/?p=24415","title":{"rendered":"Regatas Resistencia tuvo su Asamblea"},"content":{"rendered":"<p><strong>26-08-2025<\/strong><\/p>\n<p><img loading=\"lazy\" decoding=\"async\" class=\"aligncenter size-large wp-image-20161\" src=\"https:\/\/www.sportchaco.com.ar\/wp-content\/uploads\/2025\/06\/BANNER-WEB-CHACO-JUEGA_720x90-1024x128.gif\" alt=\"\" width=\"1024\" height=\"128\" srcset=\"https:\/\/www.sportchaco.com.ar\/wp-content\/uploads\/2025\/06\/BANNER-WEB-CHACO-JUEGA_720x90-1024x128.gif 1024w, https:\/\/www.sportchaco.com.ar\/wp-content\/uploads\/2025\/06\/BANNER-WEB-CHACO-JUEGA_720x90-300x38.gif 300w, https:\/\/www.sportchaco.com.ar\/wp-content\/uploads\/2025\/06\/BANNER-WEB-CHACO-JUEGA_720x90-768x96.gif 768w\" sizes=\"auto, (max-width: 1024px) 100vw, 1024px\" \/><\/p>\n<div class=\"x14z9mp xat24cr x1lziwak x1vvkbs xtlvy1s x126k92a\"><\/div>\n<div class=\"x14z9mp xat24cr x1lziwak x1vvkbs xtlvy1s x126k92a\">\n<div dir=\"auto\">\n<p>El pasado 21 de agosto se llev\u00f3 a cabo en la sede del Club la Asamblea General Ordinaria, con la participaci\u00f3n de nuestros socios y bajo la fiscalizaci\u00f3n de la Inspecci\u00f3n General de Personas Jur\u00eddicas de la Provincia.<\/p>\n<p>En la misma se expusieron y aprobaron la Memoria y Balance, destacando las principales obras y actividades desarrolladas durante el \u00faltimo a\u00f1o.<\/p>\n<p>Asimismo, y cumpliendo con lo establecido en el orden del d\u00eda, se realiz\u00f3 la elecci\u00f3n de la Comisi\u00f3n Directiva para el per\u00edodo 2025-2028, quedando conformada de la siguiente manera:<\/p>\n<p><strong>Presidente:<\/strong> Eschoyez H. Ernesto Leandro<br \/>\n<strong>Vicepresidente 1\u00ba:<\/strong> Christiani Jorge<br \/>\n<strong>Secretario:<\/strong> Fern\u00e1ndez Rovira Diego<br \/>\n<strong>Prosecretario:<\/strong> Aucar Maximiliano<br \/>\n<strong>Tesorera:<\/strong> Della Mea Bettina<br \/>\n<strong>Protesorera:<\/strong> Cazaux Laura Silvina<br \/>\n<strong>Vocales Titulares:<\/strong> Lezcano Alfredo Jos\u00e9, Resch Roxana, Goyoaga Mar\u00eda Cruz, Trinca Luis Alejandro<br \/>\n<strong>Vocales Suplentes:<\/strong> Kiverling Walter Alfredo, Soucasse Gisela Solange<\/p>\n<p><strong>Comisi\u00f3n Revisora de Cuentas<\/strong><br \/>\n<strong>*<\/strong> P\u00e9rez Eduardo Roberto<br \/>\n<strong>*<\/strong> Andreatta Guillermo<br \/>\n<strong>*<\/strong> Santa Cruz Francisco<\/p>\n<p><strong>Tribunal de Disciplina<\/strong><br \/>\n<strong>*<\/strong> Aguilar Eldo Dami\u00e1n<br \/>\n<strong>*<\/strong> Aguilar Eldo Armando<br \/>\n<strong>*<\/strong> Vargas Gustavo Adolfo<\/p>\n<\/div>\n<div dir=\"auto\"><\/div>\n<\/div>\n<p><img loading=\"lazy\" decoding=\"async\" class=\"aligncenter size-large wp-image-21851\" src=\"https:\/\/www.sportchaco.com.ar\/wp-content\/uploads\/2025\/07\/300x600-512x1024.gif\" alt=\"\" width=\"512\" height=\"1024\" srcset=\"https:\/\/www.sportchaco.com.ar\/wp-content\/uploads\/2025\/07\/300x600-512x1024.gif 512w, https:\/\/www.sportchaco.com.ar\/wp-content\/uploads\/2025\/07\/300x600-150x300.gif 150w\" sizes=\"auto, (max-width: 512px) 100vw, 512px\" \/><\/p>\n","protected":false},"excerpt":{"rendered":"<p>26-08-2025 El pasado 21 de agosto se llev\u00f3 a cabo en la sede del Club la Asamblea General Ordinaria, con la participaci\u00f3n de nuestros socios y bajo la fiscalizaci\u00f3n de la Inspecci\u00f3n General de Personas Jur\u00eddicas de la Provincia. En la misma se expusieron y aprobaron la Memoria y Balance, destacando las principales obras y &hellip;<\/p>\n","protected":false},"author":3,"featured_media":24416,"comment_status":"open","ping_status":"open","sticky":false,"template":"","format":"standard","meta":{"footnotes":""},"categories":[44],"tags":[],"class_list":["post-24415","post","type-post","status-publish","format-standard","has-post-thumbnail","hentry","category-varios"],"_links":{"self":[{"href":"https:\/\/www.sportchaco.com.ar\/index.php?rest_route=\/wp\/v2\/posts\/24415","targetHints":{"allow":["GET"]}}],"collection":[{"href":"https:\/\/www.sportchaco.com.ar\/index.php?rest_route=\/wp\/v2\/posts"}],"about":[{"href":"https:\/\/www.sportchaco.com.ar\/index.php?rest_route=\/wp\/v2\/types\/post"}],"author":[{"embeddable":true,"href":"https:\/\/www.sportchaco.com.ar\/index.php?rest_route=\/wp\/v2\/users\/3"}],"replies":[{"embeddable":true,"href":"https:\/\/www.sportchaco.com.ar\/index.php?rest_route=%2Fwp%2Fv2%2Fcomments&post=24415"}],"version-history":[{"count":3,"href":"https:\/\/www.sportchaco.com.ar\/index.php?rest_route=\/wp\/v2\/posts\/24415\/revisions"}],"predecessor-version":[{"id":24419,"href":"https:\/\/www.sportchaco.com.ar\/index.php?rest_route=\/wp\/v2\/posts\/24415\/revisions\/24419"}],"wp:featuredmedia":[{"embeddable":true,"href":"https:\/\/www.sportchaco.com.ar\/index.php?rest_route=\/wp\/v2\/media\/24416"}],"wp:attachment":[{"href":"https:\/\/www.sportchaco.com.ar\/index.php?rest_route=%2Fwp%2Fv2%2Fmedia&parent=24415"}],"wp:term":[{"taxonomy":"category","embeddable":true,"href":"https:\/\/www.sportchaco.com.ar\/index.php?rest_route=%2Fwp%2Fv2%2Fcategories&post=24415"},{"taxonomy":"post_tag","embeddable":true,"href":"https:\/\/www.sportchaco.com.ar\/index.php?rest_route=%2Fwp%2Fv2%2Ftags&post=24415"}],"curies":[{"name":"wp","href":"https:\/\/api.w.org\/{rel}","templated":true}]}}